{"id":11434,"date":"2019-12-11T11:44:54","date_gmt":"2019-12-11T10:44:54","guid":{"rendered":"http:\/\/bisbalpenedes.com\/web\/?p=11434"},"modified":"2019-12-11T11:49:41","modified_gmt":"2019-12-11T10:49:41","slug":"lajuntament-de-la-bisbal-del-penedes-sadhereix-al-pla-agrupat-de-formacio","status":"publish","type":"post","link":"https:\/\/bisbalpenedes.com\/web\/2019\/12\/11\/lajuntament-de-la-bisbal-del-penedes-sadhereix-al-pla-agrupat-de-formacio\/","title":{"rendered":"L\u2019Ajuntament de la Bisbal del Pened\u00e8s s\u2019adhereix al Pla Agrupat de Formaci\u00f3"},"content":{"rendered":"<p style=\"text-align: justify;\"><span style=\"color: #000000;\">L\u2019Ajuntament de la Bisbal del Pened\u00e8s s\u2019ha adherit al Pla Agrupat de Formaci\u00f3 promogut per l\u2019ACM (Associaci\u00f3 Catalana de Municipis) i les diputacions de Girona, Lleida i Tarragona, dins el marc de l\u2019Acord de Formaci\u00f3 pel Treball de les Administracions P\u00fabliques (AFEDAP), amb la col\u00b7laboraci\u00f3 dels Consells Comarcals de la demarcaci\u00f3 de Barcelona i les organitzacions sindicals CCOO i UGT.<\/span><\/p>\n<p style=\"text-align: justify;\"><span style=\"color: #000000;\">La incorporaci\u00f3 al Pla Agrupat de Formaci\u00f3, aprovada en la Junta de Govern del 9 de desembre de 2019, permetr\u00e0 que els treballadors de l\u2019Ajuntament de la Bisbal del Pened\u00e8s puguin accedir a formacions adequades als seus llocs de treball i, d\u2019aquesta manera,\u00a0es podr\u00e0 prestar un millor servei a l\u2019Ajuntament, oferir una millor atenci\u00f3 a la ciutadania i con\u00e8ixer les actualitzacions del sector p\u00fablic local de primera m\u00e0.<\/span><\/p>\n<hr \/>\n<p style=\"text-align: justify;\"><span style=\"color: #000000;\"><strong>CASTELLANO |\u00a0<\/strong>El Ayuntamiento de la Bisbal del Pened\u00e8s se ha adherido al <em>Pla Agrupat de Formaci\u00f3 <\/em>promovido por la ACM (Associaci\u00f3 Catalana de Municipis) y las diputaciones de Girona, Lleida y Tarragona, dentro del marco del Acuerdo de Formaci\u00f3n por el Trabajo de las Administraciones P\u00fablicas (AFEDAP), con la colaboraci\u00f3n de los Consells Comarcals de la demarcaci\u00f3n de Barcelona y las organizaciones sindicales CCOO y UGT.<\/span><\/p>\n<p style=\"text-align: justify;\"><span style=\"color: #000000;\">La incorporaci\u00f3n al <em>Pla Agrupat de Formaci\u00f3<\/em>, aprobada en la Junta de Gobierno del 9 de diciembre del 2019, permitir\u00e1 que los trabajadores del Ayuntamiento de la Bisbal del Pened\u00e8s puedan acceder a formaciones adecuadas a sus puestos de trabajo y, de esta manera,\u00a0se podr\u00e1 prestar un mejor servicio al Ayuntamiento, ofrecer una mejor atenci\u00f3n a la ciudadan\u00eda y conocer las actualizaciones del sector p\u00fablico local de primera mano.<\/span><\/p>\n<p>&nbsp;<\/p>\n","protected":false},"excerpt":{"rendered":"<p>L\u2019Ajuntament de la Bisbal del Pened\u00e8s s\u2019ha adherit al Pla Agrupat de Formaci\u00f3 promogut per l\u2019ACM (Associaci\u00f3 Catalana de Municipis) i les diputacions de Girona, Lleida i Tarragona, dins el &hellip; <a href=\"https:\/\/bisbalpenedes.com\/web\/2019\/12\/11\/lajuntament-de-la-bisbal-del-penedes-sadhereix-al-pla-agrupat-de-formacio\/\" class=\"more-link\">Read More<\/a><\/p>\n","protected":false},"author":4,"featured_media":6737,"comment_status":"closed","ping_status":"closed","sticky":false,"template":"","format":"standard","meta":[],"categories":[2057],"tags":[12,3417],"_links":{"self":[{"href":"https:\/\/bisbalpenedes.com\/web\/wp-json\/wp\/v2\/posts\/11434"}],"collection":[{"href":"https:\/\/bisbalpenedes.com\/web\/wp-json\/wp\/v2\/posts"}],"about":[{"href":"https:\/\/bisbalpenedes.com\/web\/wp-json\/wp\/v2\/types\/post"}],"author":[{"embeddable":true,"href":"https:\/\/bisbalpenedes.com\/web\/wp-json\/wp\/v2\/users\/4"}],"replies":[{"embeddable":true,"href":"https:\/\/bisbalpenedes.com\/web\/wp-json\/wp\/v2\/comments?post=11434"}],"version-history":[{"count":4,"href":"https:\/\/bisbalpenedes.com\/web\/wp-json\/wp\/v2\/posts\/11434\/revisions"}],"predecessor-version":[{"id":11438,"href":"https:\/\/bisbalpenedes.com\/web\/wp-json\/wp\/v2\/posts\/11434\/revisions\/11438"}],"wp:featuredmedia":[{"embeddable":true,"href":"https:\/\/bisbalpenedes.com\/web\/wp-json\/wp\/v2\/media\/6737"}],"wp:attachment":[{"href":"https:\/\/bisbalpenedes.com\/web\/wp-json\/wp\/v2\/media?parent=11434"}],"wp:term":[{"taxonomy":"category","embeddable":true,"href":"https:\/\/bisbalpenedes.com\/web\/wp-json\/wp\/v2\/categories?post=11434"},{"taxonomy":"post_tag","embeddable":true,"href":"https:\/\/bisbalpenedes.com\/web\/wp-json\/wp\/v2\/tags?post=11434"}],"curies":[{"name":"wp","href":"https:\/\/api.w.org\/{rel}","templated":true}]}}