{"id":11426,"date":"2019-12-10T14:41:36","date_gmt":"2019-12-10T13:41:36","guid":{"rendered":"http:\/\/bisbalpenedes.com\/web\/?p=11426"},"modified":"2019-12-10T14:41:36","modified_gmt":"2019-12-10T13:41:36","slug":"la-propera-reunio-amb-els-joves-per-triar-els-grups-que-actuaran-durant-la-festa-major-2020-se-celebrara-el-divendres-13-de-desembre-a-les-19h-2","status":"publish","type":"post","link":"https:\/\/bisbalpenedes.com\/web\/2019\/12\/10\/la-propera-reunio-amb-els-joves-per-triar-els-grups-que-actuaran-durant-la-festa-major-2020-se-celebrara-el-divendres-13-de-desembre-a-les-19h-2\/","title":{"rendered":"La propera reuni\u00f3 amb els joves per triar els grups que actuaran durant la Festa Major 2020 se celebrar\u00e0 el divendres 13 de desembre a les 19h"},"content":{"rendered":"<div style=\"text-align: justify;\"><a href=\"http:\/\/bisbalpenedes.com\/web\/wp-content\/uploads\/2019\/12\/JOVES_FM2020_3REUNIO.jpg\"><img loading=\"lazy\" class=\"aligncenter size-large wp-image-11427\" src=\"http:\/\/bisbalpenedes.com\/web\/wp-content\/uploads\/2019\/12\/JOVES_FM2020_3REUNIO-1024x1022.jpg\" alt=\"JOVES_FM2020_3REUNIO\" width=\"630\" height=\"629\" srcset=\"https:\/\/bisbalpenedes.com\/web\/wp-content\/uploads\/2019\/12\/JOVES_FM2020_3REUNIO-1024x1022.jpg 1024w, https:\/\/bisbalpenedes.com\/web\/wp-content\/uploads\/2019\/12\/JOVES_FM2020_3REUNIO-300x300.jpg 300w, https:\/\/bisbalpenedes.com\/web\/wp-content\/uploads\/2019\/12\/JOVES_FM2020_3REUNIO-100x100.jpg 100w, https:\/\/bisbalpenedes.com\/web\/wp-content\/uploads\/2019\/12\/JOVES_FM2020_3REUNIO-600x599.jpg 600w, https:\/\/bisbalpenedes.com\/web\/wp-content\/uploads\/2019\/12\/JOVES_FM2020_3REUNIO-150x150.jpg 150w, https:\/\/bisbalpenedes.com\/web\/wp-content\/uploads\/2019\/12\/JOVES_FM2020_3REUNIO-768x766.jpg 768w, https:\/\/bisbalpenedes.com\/web\/wp-content\/uploads\/2019\/12\/JOVES_FM2020_3REUNIO.jpg 1754w\" sizes=\"(max-width: 630px) 100vw, 630px\" \/><\/a><\/div>\n<div style=\"text-align: justify;\"><\/div>\n<div style=\"text-align: justify;\"><span style=\"color: #000000;\">El passat divendres els regidors F\u00e8lix Villaz\u00e1n, Feliu Gil i Leo Uceda van tornar-se a reunir amb els joves del municipi amb l&#8217;objectiu de decidir quins seran els grups que actuaran durant la Festa Major 2020 a la Bisbal.<\/span><\/div>\n<div style=\"text-align: justify;\"><span style=\"color: #000000;\"><strong>El divendres 13 de desembre, a les 19h,<\/strong>\u00a0es dur\u00e0 a terme una nova reuni\u00f3 adre\u00e7ada als joves de la Bisbal en la Cova Jove.<\/span><\/div>\n<hr \/>\n<div class=\"text_exposed_show\">\n<div style=\"text-align: justify;\"><span style=\"color: #000000;\"><strong>CASTELLANO |<\/strong>\u00a0El viernes pasado los concejales F\u00e8lix Villaz\u00e1n, Feliu Gil y Leo Uceda se volvieron a reunir con los j\u00f3venes del municipio con el\u00a0<strong>objetivo de decidir cu\u00e1les ser\u00e1n los grupos que actuar\u00e1n durante la Fiesta Major 2020 en la Bisbal.<\/strong><\/span><\/div>\n<div style=\"text-align: justify;\"><span style=\"color: #000000;\"><strong>El viernes 13 de diciembre, a las 19h,<\/strong>\u00a0se llevar\u00e1 a cabo una nueva reuni\u00f3n dirigida a los j\u00f3venes de la Bisbal en la Cova Jove.<\/span><\/div>\n<\/div>\n","protected":false},"excerpt":{"rendered":"<p>El passat divendres els regidors F\u00e8lix Villaz\u00e1n, Feliu Gil i Leo Uceda van tornar-se a reunir amb els joves del municipi amb l&#8217;objectiu de decidir quins seran els grups que &hellip; <a href=\"https:\/\/bisbalpenedes.com\/web\/2019\/12\/10\/la-propera-reunio-amb-els-joves-per-triar-els-grups-que-actuaran-durant-la-festa-major-2020-se-celebrara-el-divendres-13-de-desembre-a-les-19h-2\/\" class=\"more-link\">Read More<\/a><\/p>\n","protected":false},"author":4,"featured_media":11427,"comment_status":"closed","ping_status":"closed","sticky":false,"template":"","format":"standard","meta":[],"categories":[2161,1042,1486],"tags":[280,505,1509,397],"_links":{"self":[{"href":"https:\/\/bisbalpenedes.com\/web\/wp-json\/wp\/v2\/posts\/11426"}],"collection":[{"href":"https:\/\/bisbalpenedes.com\/web\/wp-json\/wp\/v2\/posts"}],"about":[{"href":"https:\/\/bisbalpenedes.com\/web\/wp-json\/wp\/v2\/types\/post"}],"author":[{"embeddable":true,"href":"https:\/\/bisbalpenedes.com\/web\/wp-json\/wp\/v2\/users\/4"}],"replies":[{"embeddable":true,"href":"https:\/\/bisbalpenedes.com\/web\/wp-json\/wp\/v2\/comments?post=11426"}],"version-history":[{"count":1,"href":"https:\/\/bisbalpenedes.com\/web\/wp-json\/wp\/v2\/posts\/11426\/revisions"}],"predecessor-version":[{"id":11428,"href":"https:\/\/bisbalpenedes.com\/web\/wp-json\/wp\/v2\/posts\/11426\/revisions\/11428"}],"wp:featuredmedia":[{"embeddable":true,"href":"https:\/\/bisbalpenedes.com\/web\/wp-json\/wp\/v2\/media\/11427"}],"wp:attachment":[{"href":"https:\/\/bisbalpenedes.com\/web\/wp-json\/wp\/v2\/media?parent=11426"}],"wp:term":[{"taxonomy":"category","embeddable":true,"href":"https:\/\/bisbalpenedes.com\/web\/wp-json\/wp\/v2\/categories?post=11426"},{"taxonomy":"post_tag","embeddable":true,"href":"https:\/\/bisbalpenedes.com\/web\/wp-json\/wp\/v2\/tags?post=11426"}],"curies":[{"name":"wp","href":"https:\/\/api.w.org\/{rel}","templated":true}]}}