{"id":11424,"date":"2019-12-10T14:24:52","date_gmt":"2019-12-10T13:24:52","guid":{"rendered":"http:\/\/bisbalpenedes.com\/web\/?p=11424"},"modified":"2019-12-10T14:24:52","modified_gmt":"2019-12-10T13:24:52","slug":"saprova-lultim-pagament-de-les-subvencions-per-a-nous-autonoms-del-2018-convocatoria-de-subvencions-del-2019","status":"publish","type":"post","link":"https:\/\/bisbalpenedes.com\/web\/2019\/12\/10\/saprova-lultim-pagament-de-les-subvencions-per-a-nous-autonoms-del-2018-convocatoria-de-subvencions-del-2019\/","title":{"rendered":"S&#8217;aprova l&#8217;\u00faltim pagament de les subvencions per a nous aut\u00f2noms del 2018 [convocat\u00f2ria de subvencions del 2019]"},"content":{"rendered":"<p style=\"text-align: justify;\"><span style=\"color: #000000;\">La Junta de Govern del dilluns 9 de desembre de 2019 ha aprovat el darrer pagament de l\u2019import pendent de liquidar de les subvencions per a aut\u00f2noms de la convocat\u00f2ria de l\u2019any 2019. Aquests pagaments corresponen a dos beneficiaris que no havien justificat el total de la subvenci\u00f3 atorgada i que van haver de presentar els rebuts d\u2019aut\u00f2noms pendents, corresponents als mesos de mar\u00e7 a octubre de 2019 per poder rebre el pagament. Aix\u00ed, la Junta de Govern local, a petici\u00f3 de la Regidoria d\u2019Ocupaci\u00f3, ha aprovat els pagaments de 323,85\u20ac i 1197,52\u20ac, que eren els imports que quedaven pendents d\u2019abonar per arribar al total subvencionat d\u2019aquests beneficiaris.<\/span><\/p>\n<p style=\"text-align: justify;\"><span style=\"color: #000000;\">El passat 21 de febrer de 2019 es va aprovar la convocat\u00f2ria, mitjan\u00e7ant el procediment de concurr\u00e8ncia competitiva, de les subvencions per a persones desocupades que s\u2019han establert com a aut\u00f2nomes i han posat en marxa una activitat econ\u00f2mica durant l\u2019any 2018. Posteriorment, la Junta de Govern local del 22 de juliol, va aprovar l\u2019atorgament de les subvencions a tres persones desocupades que s\u2019havien establert com a aut\u00f2nomes durant l\u2019any 2019. L\u2019import subvencionat era diferent per a cadascun dels tres usuaris: 2.800\u20ac, 2.800\u20ac i 629,29\u20ac. L\u2019Ajuntament va aprovar el pagament de l\u2019import que s\u2019havia justificat fins al moment (22 de juliol de 2019) i ara ha procedit a pagar l\u2019import corresponent als rebuts que dos dels beneficiaris han presentat <em>a posteriori<\/em>, corresponents als rebuts d\u2019aut\u00f2noms dels mesos de mar\u00e7 a octubre de 2019.<\/span><\/p>\n<hr \/>\n<p style=\"text-align: justify;\"><span style=\"color: #000000;\"><strong>CASTELLANO |<\/strong>\u00a0La Junta de Gobierno del lunes 9 de diciembre del 2019 ha aprobado el \u00faltimo pago del importe pendiente de liquidar de las subvenciones para aut\u00f3nomos de la convocatoria del a\u00f1o 2019. Estos pagos corresponden a dos beneficiarios que no hab\u00edan justificado el total de la subvenci\u00f3n otorgada y tuvieron que presentar los recibos de aut\u00f3nomos pendientes, correspondientes a los meses de marzo a octubre del 2019 para poder recibir el pago. As\u00ed, la Junta de Gobierno local, a petici\u00f3n de la Concejal\u00eda de Ocupaci\u00f3n, ha aprobado los pagos de 323,85\u20ac y 1197,52\u20ac, que eran los importes que quedaban pendientes de abonar para llegar al total subvencionado de estos beneficiarios.<\/span><\/p>\n<p style=\"text-align: justify;\"><span style=\"color: #000000;\">El pasado 21 de febrero del 2019 se aprob\u00f3 la convocatoria, mediante el procedimiento de concurrencia competitiva, de las subvenciones para personas desocupadas que se han establecido como aut\u00f3nomas y han puesto en marcha una actividad econ\u00f3mica durante el a\u00f1o 2018. Posteriormente, la Junta de Gobierno local del 22 de julio, aprob\u00f3 el otorgamiento de las subvenciones a tres personas desocupadas que se hab\u00edan establecido como aut\u00f3nomas durante el a\u00f1o 2019. El importe subvencionado era distinto para cada uno de los tres usuarios: 2.800\u20ac, 2.800\u20ac y 629,29\u20ac. El Ayuntamiento aprob\u00f3 el pato del importe que se hab\u00eda justificado hasta el momento (22 de julio del 2019) y ahora ha procedido a pagar el importe correspondiente a los recibos que dos de los beneficiarios han presentado a posteriori, correspondientes a los recibos de aut\u00f3nomos de los meses de marzo a octubre del 2019.<\/span><\/p>\n<p>&nbsp;<\/p>\n<p>&nbsp;<\/p>\n","protected":false},"excerpt":{"rendered":"<p>La Junta de Govern del dilluns 9 de desembre de 2019 ha aprovat el darrer pagament de l\u2019import pendent de liquidar de les subvencions per a aut\u00f2noms de la convocat\u00f2ria &hellip; <a href=\"https:\/\/bisbalpenedes.com\/web\/2019\/12\/10\/saprova-lultim-pagament-de-les-subvencions-per-a-nous-autonoms-del-2018-convocatoria-de-subvencions-del-2019\/\" class=\"more-link\">Read More<\/a><\/p>\n","protected":false},"author":4,"featured_media":8960,"comment_status":"closed","ping_status":"closed","sticky":false,"template":"","format":"standard","meta":[],"categories":[9],"tags":[163,383,846,99],"_links":{"self":[{"href":"https:\/\/bisbalpenedes.com\/web\/wp-json\/wp\/v2\/posts\/11424"}],"collection":[{"href":"https:\/\/bisbalpenedes.com\/web\/wp-json\/wp\/v2\/posts"}],"about":[{"href":"https:\/\/bisbalpenedes.com\/web\/wp-json\/wp\/v2\/types\/post"}],"author":[{"embeddable":true,"href":"https:\/\/bisbalpenedes.com\/web\/wp-json\/wp\/v2\/users\/4"}],"replies":[{"embeddable":true,"href":"https:\/\/bisbalpenedes.com\/web\/wp-json\/wp\/v2\/comments?post=11424"}],"version-history":[{"count":1,"href":"https:\/\/bisbalpenedes.com\/web\/wp-json\/wp\/v2\/posts\/11424\/revisions"}],"predecessor-version":[{"id":11425,"href":"https:\/\/bisbalpenedes.com\/web\/wp-json\/wp\/v2\/posts\/11424\/revisions\/11425"}],"wp:featuredmedia":[{"embeddable":true,"href":"https:\/\/bisbalpenedes.com\/web\/wp-json\/wp\/v2\/media\/8960"}],"wp:attachment":[{"href":"https:\/\/bisbalpenedes.com\/web\/wp-json\/wp\/v2\/media?parent=11424"}],"wp:term":[{"taxonomy":"category","embeddable":true,"href":"https:\/\/bisbalpenedes.com\/web\/wp-json\/wp\/v2\/categories?post=11424"},{"taxonomy":"post_tag","embeddable":true,"href":"https:\/\/bisbalpenedes.com\/web\/wp-json\/wp\/v2\/tags?post=11424"}],"curies":[{"name":"wp","href":"https:\/\/api.w.org\/{rel}","templated":true}]}}