{"id":11410,"date":"2019-12-10T11:00:13","date_gmt":"2019-12-10T10:00:13","guid":{"rendered":"http:\/\/bisbalpenedes.com\/web\/?p=11410"},"modified":"2019-12-10T11:02:17","modified_gmt":"2019-12-10T10:02:17","slug":"saproven-les-liquidacions-del-2n-i-3r-trimestre-de-2019-dels-convenis-enfeinat-i-trefo-amb-el-consell-comarcal-del-baix-penedes","status":"publish","type":"post","link":"https:\/\/bisbalpenedes.com\/web\/2019\/12\/10\/saproven-les-liquidacions-del-2n-i-3r-trimestre-de-2019-dels-convenis-enfeinat-i-trefo-amb-el-consell-comarcal-del-baix-penedes\/","title":{"rendered":"S&#8217;aproven les liquidacions del 2n i 3r trimestre de l&#8217;any 2019 dels convenis Enfeina&#8217;t i TREFO amb el Consell Comarcal del Baix Pened\u00e8s"},"content":{"rendered":"<p style=\"text-align: justify;\"><span style=\"color: #000000;\">La Junta de Govern local del 9 de desembre ha aprovat el pagament de les liquidacions del 2n i 3r trimestre del 2019 de dos convenis, en mat\u00e8ria d\u2019ocupaci\u00f3, amb el Consell Comarcal del Baix Pened\u00e8s: l\u2019Enfeina\u2019t i el TREFO. Els imports a pagar ascendeixen a 2.408,17\u20ac i 6.856,58\u20ac, per trimestre, respectivament.<\/span><\/p>\n<p style=\"text-align: justify;\"><span style=\"color: #000000;\">El programa Enfeina\u2019t ha perm\u00e8s contractar un pe\u00f3 per a la brigada durant 12 mesos i el programa TREFO (programa de Treball i Formaci\u00f3) ha perm\u00e8s contractar quatre peons per a la brigada municipal, tres per un per\u00edode de sis mesos i un per un per\u00edode d\u2019un any.<\/span><\/p>\n<hr \/>\n<p style=\"text-align: justify;\"><span style=\"color: #000000;\"><strong>CASTELLANO |<\/strong> La Junta de Gobierno local del 9 de diciembre ha aprobado el pago de las liquidaciones del 2\u00ba y 3\u00ba trimestre del 2019 de dos convenios, en materia de ocupaci\u00f3n, con el Consell Comarcal del Baix Pened\u00e8s: el Enfeina\u2019t y el TREFO. Los importes a pagar ascienden a 2.408,17\u20ac y 6.856,58\u20ac, por trimestre, respectivamente.<\/span><\/p>\n<p style=\"text-align: justify;\"><span style=\"color: #000000;\">El programa Enfeina\u2019t ha permitido contratar un pe\u00f3n para la brigada durante 12\u00a0 meses y el programa TREFO (programa de Treball i Formaci\u00f3) ha permitido contratar a cuatro peones para la brigada municipal, tres por un periodo de seis meses y uno por un periodo de un a\u00f1o.<\/span><\/p>\n","protected":false},"excerpt":{"rendered":"<p>La Junta de Govern local del 9 de desembre ha aprovat el pagament de les liquidacions del 2n i 3r trimestre del 2019 de dos convenis, en mat\u00e8ria d\u2019ocupaci\u00f3, amb &hellip; <a href=\"https:\/\/bisbalpenedes.com\/web\/2019\/12\/10\/saproven-les-liquidacions-del-2n-i-3r-trimestre-de-2019-dels-convenis-enfeinat-i-trefo-amb-el-consell-comarcal-del-baix-penedes\/\" class=\"more-link\">Read More<\/a><\/p>\n","protected":false},"author":4,"featured_media":3590,"comment_status":"closed","ping_status":"closed","sticky":false,"template":"","format":"standard","meta":[],"categories":[9],"tags":[1056,1689,213],"_links":{"self":[{"href":"https:\/\/bisbalpenedes.com\/web\/wp-json\/wp\/v2\/posts\/11410"}],"collection":[{"href":"https:\/\/bisbalpenedes.com\/web\/wp-json\/wp\/v2\/posts"}],"about":[{"href":"https:\/\/bisbalpenedes.com\/web\/wp-json\/wp\/v2\/types\/post"}],"author":[{"embeddable":true,"href":"https:\/\/bisbalpenedes.com\/web\/wp-json\/wp\/v2\/users\/4"}],"replies":[{"embeddable":true,"href":"https:\/\/bisbalpenedes.com\/web\/wp-json\/wp\/v2\/comments?post=11410"}],"version-history":[{"count":2,"href":"https:\/\/bisbalpenedes.com\/web\/wp-json\/wp\/v2\/posts\/11410\/revisions"}],"predecessor-version":[{"id":11412,"href":"https:\/\/bisbalpenedes.com\/web\/wp-json\/wp\/v2\/posts\/11410\/revisions\/11412"}],"wp:featuredmedia":[{"embeddable":true,"href":"https:\/\/bisbalpenedes.com\/web\/wp-json\/wp\/v2\/media\/3590"}],"wp:attachment":[{"href":"https:\/\/bisbalpenedes.com\/web\/wp-json\/wp\/v2\/media?parent=11410"}],"wp:term":[{"taxonomy":"category","embeddable":true,"href":"https:\/\/bisbalpenedes.com\/web\/wp-json\/wp\/v2\/categories?post=11410"},{"taxonomy":"post_tag","embeddable":true,"href":"https:\/\/bisbalpenedes.com\/web\/wp-json\/wp\/v2\/tags?post=11410"}],"curies":[{"name":"wp","href":"https:\/\/api.w.org\/{rel}","templated":true}]}}