{"id":11402,"date":"2019-12-09T12:31:11","date_gmt":"2019-12-09T11:31:11","guid":{"rendered":"http:\/\/bisbalpenedes.com\/web\/?p=11402"},"modified":"2019-12-09T12:31:11","modified_gmt":"2019-12-09T11:31:11","slug":"el-proper-dijous-12-de-desembre-a-les-8-30h-se-celebrara-un-ple-extraordinari-a-lajuntament-de-la-bisbal-del-penedes","status":"publish","type":"post","link":"https:\/\/bisbalpenedes.com\/web\/2019\/12\/09\/el-proper-dijous-12-de-desembre-a-les-8-30h-se-celebrara-un-ple-extraordinari-a-lajuntament-de-la-bisbal-del-penedes\/","title":{"rendered":"El proper dijous 12 de desembre a les 8.30h se celebrar\u00e0 un Ple extraordinari a l&#8217;Ajuntament de la Bisbal del Pened\u00e8s"},"content":{"rendered":"<p><span style=\"color: #000000;\">El proper dijous 12 de desembre, a les 8.30h del mat\u00ed, tindr\u00e0 lloc un Ple extraordinari a l&#8217;Ajuntament de la Bisbal del Pened\u00e8s amb un \u00fanic punt a l&#8217;ordre del dia:<\/span><\/p>\n<p><span style=\"color: #000000;\">1.-Aprovar la no acceptaci\u00f3 de modificaci\u00f3 de tarifes del servei d&#8217;abastament d&#8217;aigua potable, proposada per l&#8217;empresa concession\u00e0ria FCC-Aqualia S.A.<\/span><\/p>\n<hr \/>\n<p><span style=\"color: #000000;\"><strong>CASTELLANO |<\/strong> El pr\u00f3ximo jueves 12 de diciembre, a las 8:30h de la ma\u00f1ana, tendr\u00e1 lugar un Pleno extraordinario en el Ayuntamiento de la Bisbal del Pened\u00e8s con un \u00fanico punto en el orden del d\u00eda:<\/span><\/p>\n<p><span style=\"color: #000000;\">1.-Aprobar la no aceptaci\u00f3n de modificaci\u00f3n de tarifas del servicio de abastecimiento de agua potable, propuesta por la empresa concesionaria FCC-Aqualia S.A.<\/span><\/p>\n","protected":false},"excerpt":{"rendered":"<p>El proper dijous 12 de desembre, a les 8.30h del mat\u00ed, tindr\u00e0 lloc un Ple extraordinari a l&#8217;Ajuntament de la Bisbal del Pened\u00e8s amb un \u00fanic punt a l&#8217;ordre del &hellip; <a href=\"https:\/\/bisbalpenedes.com\/web\/2019\/12\/09\/el-proper-dijous-12-de-desembre-a-les-8-30h-se-celebrara-un-ple-extraordinari-a-lajuntament-de-la-bisbal-del-penedes\/\" class=\"more-link\">Read More<\/a><\/p>\n","protected":false},"author":4,"featured_media":8717,"comment_status":"closed","ping_status":"closed","sticky":false,"template":"","format":"standard","meta":[],"categories":[2250],"tags":[649,139,423],"_links":{"self":[{"href":"https:\/\/bisbalpenedes.com\/web\/wp-json\/wp\/v2\/posts\/11402"}],"collection":[{"href":"https:\/\/bisbalpenedes.com\/web\/wp-json\/wp\/v2\/posts"}],"about":[{"href":"https:\/\/bisbalpenedes.com\/web\/wp-json\/wp\/v2\/types\/post"}],"author":[{"embeddable":true,"href":"https:\/\/bisbalpenedes.com\/web\/wp-json\/wp\/v2\/users\/4"}],"replies":[{"embeddable":true,"href":"https:\/\/bisbalpenedes.com\/web\/wp-json\/wp\/v2\/comments?post=11402"}],"version-history":[{"count":1,"href":"https:\/\/bisbalpenedes.com\/web\/wp-json\/wp\/v2\/posts\/11402\/revisions"}],"predecessor-version":[{"id":11403,"href":"https:\/\/bisbalpenedes.com\/web\/wp-json\/wp\/v2\/posts\/11402\/revisions\/11403"}],"wp:featuredmedia":[{"embeddable":true,"href":"https:\/\/bisbalpenedes.com\/web\/wp-json\/wp\/v2\/media\/8717"}],"wp:attachment":[{"href":"https:\/\/bisbalpenedes.com\/web\/wp-json\/wp\/v2\/media?parent=11402"}],"wp:term":[{"taxonomy":"category","embeddable":true,"href":"https:\/\/bisbalpenedes.com\/web\/wp-json\/wp\/v2\/categories?post=11402"},{"taxonomy":"post_tag","embeddable":true,"href":"https:\/\/bisbalpenedes.com\/web\/wp-json\/wp\/v2\/tags?post=11402"}],"curies":[{"name":"wp","href":"https:\/\/api.w.org\/{rel}","templated":true}]}}