{"id":11397,"date":"2019-12-09T12:13:49","date_gmt":"2019-12-09T11:13:49","guid":{"rendered":"http:\/\/bisbalpenedes.com\/web\/?p=11397"},"modified":"2019-12-09T12:22:40","modified_gmt":"2019-12-09T11:22:40","slug":"sis-taekwondistes-bisbalencs-han-fet-podi-en-els-campionats-de-catalunya-celebrats-a-barcelona-el-17-de-novembre-i-l1-de-desembre","status":"publish","type":"post","link":"https:\/\/bisbalpenedes.com\/web\/2019\/12\/09\/sis-taekwondistes-bisbalencs-han-fet-podi-en-els-campionats-de-catalunya-celebrats-a-barcelona-el-17-de-novembre-i-l1-de-desembre\/","title":{"rendered":"Sis taekwondistes bisbalencs han fet podi en els campionats de Catalunya celebrats a Barcelona el 17 de novembre i l\u20191 de desembre"},"content":{"rendered":"<p style=\"text-align: justify;\"><a href=\"http:\/\/bisbalpenedes.com\/web\/wp-content\/uploads\/2019\/12\/taekwondo-olimpic-collage-desembre-2019.jpg\"><img loading=\"lazy\" class=\"wp-image-11398 aligncenter\" src=\"http:\/\/bisbalpenedes.com\/web\/wp-content\/uploads\/2019\/12\/taekwondo-olimpic-collage-desembre-2019-1024x1024.jpg\" alt=\"taekwondo olimpic collage desembre 2019\" width=\"514\" height=\"514\" srcset=\"https:\/\/bisbalpenedes.com\/web\/wp-content\/uploads\/2019\/12\/taekwondo-olimpic-collage-desembre-2019-1024x1024.jpg 1024w, https:\/\/bisbalpenedes.com\/web\/wp-content\/uploads\/2019\/12\/taekwondo-olimpic-collage-desembre-2019-300x300.jpg 300w, https:\/\/bisbalpenedes.com\/web\/wp-content\/uploads\/2019\/12\/taekwondo-olimpic-collage-desembre-2019-100x100.jpg 100w, https:\/\/bisbalpenedes.com\/web\/wp-content\/uploads\/2019\/12\/taekwondo-olimpic-collage-desembre-2019-600x600.jpg 600w, https:\/\/bisbalpenedes.com\/web\/wp-content\/uploads\/2019\/12\/taekwondo-olimpic-collage-desembre-2019-150x150.jpg 150w, https:\/\/bisbalpenedes.com\/web\/wp-content\/uploads\/2019\/12\/taekwondo-olimpic-collage-desembre-2019-768x768.jpg 768w\" sizes=\"(max-width: 514px) 100vw, 514px\" \/><\/a><\/p>\n<p style=\"text-align: justify;\"><span style=\"color: #000000;\">Sis taekwondistes bisbalencs han fet podi en els campionats celebrats, a Barcelona, el 17 de novembre i l\u20191 de desembre. Concretament, L\u00eda V\u00e9lez, I\u00f3n V\u00e9lez i Luc\u00eda Ruiz s\u2019han proclamat campions en el Campionat de Catalunya Infantil de Taekwondo en les seves categories i Jordi Ruiz sotscampi\u00f3. D\u2019altra banda, Gloria Ruiz s\u2019ha proclamat campiona de Catalunya a l\u2019Absolut de Taekwondo i el seu germ\u00e0 David Ruiz ha obtingut la medalla de bronze.<\/span><\/p>\n<p style=\"text-align: justify;\"><span style=\"color: #000000;\">Des de l\u2019Ajuntament de la Bisbal del Pened\u00e8s felicitem els nostres esportistes per aquests nous \u00e8xits. Enhorabona!<\/span><\/p>\n<hr \/>\n<p style=\"text-align: justify;\"><span style=\"color: #000000;\"><strong>CASTELLANO |<\/strong> Seis taekwondistas bisbalenses han hecho podio en los campeonatos celebrados, en Barcelona, el 17 de noviembre y el 1 de diciembre. Concretamente, L\u00eda V\u00e9lez, I\u00f3n V\u00e9lez y Luc\u00eda Ruiz se han proclamado campeones en el Campeonato de Catalunya Infantil de Taekwondo en sus categor\u00edas y Jordi Ruiz subcampe\u00f3n. Por otro lado, Gloria Ruiz se ha proclamado campeona de Catalunya\u00a0en el Absoluto de Taekwondo y su hermano David Ruiz ha obtenido la medalla de bronce.<\/span><\/p>\n<p style=\"text-align: justify;\"><span style=\"color: #000000;\">Desde el Ayuntamiento de la Bisbal del Pened\u00e8s felicitamos a nuestros deportistas por estos nuevos \u00e9xitos. \u00a1Enhorabuena!<\/span><\/p>\n<p style=\"text-align: justify;\">\n","protected":false},"excerpt":{"rendered":"<p>Sis taekwondistes bisbalencs han fet podi en els campionats celebrats, a Barcelona, el 17 de novembre i l\u20191 de desembre. Concretament, L\u00eda V\u00e9lez, I\u00f3n V\u00e9lez i Luc\u00eda Ruiz s\u2019han proclamat &hellip; <a href=\"https:\/\/bisbalpenedes.com\/web\/2019\/12\/09\/sis-taekwondistes-bisbalencs-han-fet-podi-en-els-campionats-de-catalunya-celebrats-a-barcelona-el-17-de-novembre-i-l1-de-desembre\/\" class=\"more-link\">Read More<\/a><\/p>\n","protected":false},"author":4,"featured_media":11398,"comment_status":"closed","ping_status":"closed","sticky":false,"template":"","format":"standard","meta":[],"categories":[19],"tags":[1437,2536,1958,3062,3059,3060,3061,1961,1428],"_links":{"self":[{"href":"https:\/\/bisbalpenedes.com\/web\/wp-json\/wp\/v2\/posts\/11397"}],"collection":[{"href":"https:\/\/bisbalpenedes.com\/web\/wp-json\/wp\/v2\/posts"}],"about":[{"href":"https:\/\/bisbalpenedes.com\/web\/wp-json\/wp\/v2\/types\/post"}],"author":[{"embeddable":true,"href":"https:\/\/bisbalpenedes.com\/web\/wp-json\/wp\/v2\/users\/4"}],"replies":[{"embeddable":true,"href":"https:\/\/bisbalpenedes.com\/web\/wp-json\/wp\/v2\/comments?post=11397"}],"version-history":[{"count":3,"href":"https:\/\/bisbalpenedes.com\/web\/wp-json\/wp\/v2\/posts\/11397\/revisions"}],"predecessor-version":[{"id":11401,"href":"https:\/\/bisbalpenedes.com\/web\/wp-json\/wp\/v2\/posts\/11397\/revisions\/11401"}],"wp:featuredmedia":[{"embeddable":true,"href":"https:\/\/bisbalpenedes.com\/web\/wp-json\/wp\/v2\/media\/11398"}],"wp:attachment":[{"href":"https:\/\/bisbalpenedes.com\/web\/wp-json\/wp\/v2\/media?parent=11397"}],"wp:term":[{"taxonomy":"category","embeddable":true,"href":"https:\/\/bisbalpenedes.com\/web\/wp-json\/wp\/v2\/categories?post=11397"},{"taxonomy":"post_tag","embeddable":true,"href":"https:\/\/bisbalpenedes.com\/web\/wp-json\/wp\/v2\/tags?post=11397"}],"curies":[{"name":"wp","href":"https:\/\/api.w.org\/{rel}","templated":true}]}}