{"id":11393,"date":"2019-12-07T11:36:54","date_gmt":"2019-12-07T10:36:54","guid":{"rendered":"http:\/\/bisbalpenedes.com\/web\/?p=11393"},"modified":"2019-12-07T11:38:27","modified_gmt":"2019-12-07T10:38:27","slug":"la-tecnica-docupacio-del-som-bisbal-ha-participat-en-una-sortida-per-coneixer-experiencies-de-lambit-del-desenvolupament-local","status":"publish","type":"post","link":"https:\/\/bisbalpenedes.com\/web\/2019\/12\/07\/la-tecnica-docupacio-del-som-bisbal-ha-participat-en-una-sortida-per-coneixer-experiencies-de-lambit-del-desenvolupament-local\/","title":{"rendered":"La t\u00e8cnica d\u2019Ocupaci\u00f3 del SOM Bisbal ha participat en una sortida per con\u00e8ixer experi\u00e8ncies de l\u2019\u00e0mbit del desenvolupament local"},"content":{"rendered":"<p style=\"text-align: center;\"><span style=\"color: #000000;\"><a style=\"color: #000000;\" href=\"http:\/\/bisbalpenedes.com\/web\/wp-content\/uploads\/2019\/12\/FOTO-GRUP-EUSKADI-ARANTZAZU.jpg\"><img loading=\"lazy\" class=\"alignnone wp-image-11394 size-large\" src=\"http:\/\/bisbalpenedes.com\/web\/wp-content\/uploads\/2019\/12\/FOTO-GRUP-EUSKADI-ARANTZAZU-768x1024.jpg\" alt=\"FOTO GRUP EUSKADI ARANTZAZU\" width=\"630\" height=\"840\" \/><\/a><\/span><\/p>\n<p style=\"text-align: justify;\"><span style=\"color: #000000;\">La t\u00e8cnica d\u2019Ocupaci\u00f3 del SOM Bisbal, Arantzazu Longares, ha participat en la <em>sortida de treball i de coneixement d\u2019experi\u00e8ncies en desenvolupament local<\/em> que ha tingut lloc els dies 2, 3 i 4 de desembre al Pa\u00eds Basc. La sortida, organitzada i subvencionada per la Diputaci\u00f3 de Tarragona, forma part de la Formaci\u00f3 Integral en Desenvolupament Econ\u00f2mic Local que es du a terme entre els mesos d\u2019octubre de 2019 i juny de 2020 amb l\u2019objectiu \u201cde con\u00e8ixer diferents projectes, experiencias i models de desenvolupament econ\u00f2mic local d\u2019\u00e8xit que s\u2019apliquen en altres territoris per tal d\u2019assolir un coneixement pr\u00e0ctic de la teoria treballada a l\u2019aula durant la formaci\u00f3\u201d.<\/span><\/p>\n<p style=\"text-align: justify;\"><span style=\"color: #000000;\">L\u2019activitat formativa ha comptat amb la participaci\u00f3 de t\u00e8cnics de diversos municipis i administracions del Camp de Tarragona que han pogut con\u00e8ixer diversos projectes i entitats relacionades amb el m\u00f3n de l\u2019ocupaci\u00f3, la ind\u00fastria, la innovaci\u00f3, les xarxes de treball, l\u2019administraci\u00f3 p\u00fablica i el desenvolupament local.<\/span><\/p>\n<p style=\"text-align: justify;\"><span style=\"color: #000000;\">L\u2019alcaldessa de la Bisbal del Pened\u00e8s i responsable de l\u2019\u00e0rea d\u2019Ocupaci\u00f3, Agn\u00e8s Ferr\u00e9, ha explicat que \u201cjornades com aquestes ens permeten tenir una visi\u00f3 transversal de l\u2019\u00e0mbit del desenvolupament local i, a banda d\u2019obtenir coneixements que despr\u00e9s podrem aplicar en l\u2019\u00e0mbit municipal, comarcal, de la vegueria o del Camp de Tarragona, ens permeten tenir una perspectiva m\u00e9s clara de les tend\u00e8ncies de l\u2019\u00e0mbit local. La participaci\u00f3 en esdeveniments, jornades o cursos \u00e9s clau per poder donar el millor de nosaltres als usuaris i per poder fer xarxa amb altres col\u00b7lectius i entitats d\u2019\u00e0mbits com el social, el formatiu o l\u2019ocupacional\u201d. La batllessa bisbalenca ha afegit que \u201cdes de l\u2019Ajuntament de la Bisbal ja estem treballant en la preparaci\u00f3 de la tercera edici\u00f3 de les Jornades d\u2019Empresa i Ocupaci\u00f3 de la Bisbal del Pened\u00e8s i esperem poder aportar molt de valor a totes les persones, entitats, col\u00b7lectius o empreses que en prenguin part\u201d.<\/span><\/p>\n<p style=\"text-align: center;\"><span style=\"color: #000000;\"><a style=\"color: #000000;\" href=\"http:\/\/bisbalpenedes.com\/web\/wp-content\/uploads\/2019\/12\/EUSKADI-ARANTZAZU-4.jpg\"><img loading=\"lazy\" class=\"alignnone size-medium wp-image-11395\" src=\"http:\/\/bisbalpenedes.com\/web\/wp-content\/uploads\/2019\/12\/EUSKADI-ARANTZAZU-4-300x225.jpg\" alt=\"EUSKADI ARANTZAZU 4\" width=\"300\" height=\"225\" srcset=\"https:\/\/bisbalpenedes.com\/web\/wp-content\/uploads\/2019\/12\/EUSKADI-ARANTZAZU-4-300x225.jpg 300w, https:\/\/bisbalpenedes.com\/web\/wp-content\/uploads\/2019\/12\/EUSKADI-ARANTZAZU-4-600x450.jpg 600w, https:\/\/bisbalpenedes.com\/web\/wp-content\/uploads\/2019\/12\/EUSKADI-ARANTZAZU-4-768x576.jpg 768w, https:\/\/bisbalpenedes.com\/web\/wp-content\/uploads\/2019\/12\/EUSKADI-ARANTZAZU-4-1024x768.jpg 1024w, https:\/\/bisbalpenedes.com\/web\/wp-content\/uploads\/2019\/12\/EUSKADI-ARANTZAZU-4.jpg 1984w\" sizes=\"(max-width: 300px) 100vw, 300px\" \/><\/a><\/span><\/p>\n<hr \/>\n<p style=\"text-align: center;\"><span style=\"color: #000000;\"><a style=\"color: #000000;\" href=\"http:\/\/bisbalpenedes.com\/web\/wp-content\/uploads\/2019\/12\/FOTO-GRUP-EUSKADI-ARANTZAZU-e1575714885826.jpg\"><img loading=\"lazy\" class=\"alignnone size-medium wp-image-11394\" src=\"http:\/\/bisbalpenedes.com\/web\/wp-content\/uploads\/2019\/12\/FOTO-GRUP-EUSKADI-ARANTZAZU-e1575714885826-300x288.jpg\" alt=\"FOTO GRUP EUSKADI ARANTZAZU\" width=\"300\" height=\"288\" srcset=\"https:\/\/bisbalpenedes.com\/web\/wp-content\/uploads\/2019\/12\/FOTO-GRUP-EUSKADI-ARANTZAZU-e1575714885826-300x288.jpg 300w, https:\/\/bisbalpenedes.com\/web\/wp-content\/uploads\/2019\/12\/FOTO-GRUP-EUSKADI-ARANTZAZU-e1575714885826-600x576.jpg 600w, https:\/\/bisbalpenedes.com\/web\/wp-content\/uploads\/2019\/12\/FOTO-GRUP-EUSKADI-ARANTZAZU-e1575714885826.jpg 768w\" sizes=\"(max-width: 300px) 100vw, 300px\" \/><\/a><\/span><\/p>\n<p style=\"text-align: justify;\"><span style=\"color: #000000;\"><strong>CASTELLANO |<\/strong> La t\u00e9cnica de Ocupaci\u00f3n del SOM Bisbal, Arantzazu Longares, ha participado en la salida de trabajo y de conocimiento de experiencias en desarrollo local que ha tenido lugar los d\u00edas 2, 3 y 4 de diciembre en el Pa\u00eds Vasco. La salida, organizada y subvencionada por la Diputaci\u00f3n de Tarragona, forma parte de la Formaci\u00f3n Integran en Desarrollo Econ\u00f3mico Local que se lleva a cabo entre los meses de octubre del 2019 y junio del 2020 con el objetivo \u201cde conocer distintos, proyectos, experiencias y modelos de desarrollo econ\u00f3mico local de \u00e9xito que se aplican en otros territorios por tal de alcanzar un conocimiento pr\u00e1ctico de la teor\u00eda trabajada en el aula durante la formaci\u00f3n\u201d.<\/span><\/p>\n<p style=\"text-align: justify;\"><span style=\"color: #000000;\">La actividad formativa ha contado con la participaci\u00f3n de t\u00e9cnicos de varios municipios y administraciones del Camp de Tarragona que han podido conocer varios proyectos y entidades relacionados con el mundo de la ocupaci\u00f3n, la industria, la innovaci\u00f3n, las redes de trabajo, la administraci\u00f3n p\u00fablica y el desarrollo local.<\/span><\/p>\n<p style=\"text-align: justify;\"><span style=\"color: #000000;\">La alcaldesa de la Bisbal del Pened\u00e8s y responsable del \u00e1rea de Ocupaci\u00f3n, Agn\u00e8s Ferr\u00e9, ha explicado que \u201cjornadas como estas nos permiten tener una visi\u00f3n transversal del \u00e1mbito del desarrollo local y, adem\u00e1s de obtener conocimientos que despu\u00e9s podremos aplicar en el \u00e1mbito municipal, comarcal, de la <em>vegueria<\/em> o del Camp de Tarragona, nos permiten tener una perspectiva m\u00e1s clara de las tendencias del \u00e1mbito local. La participaci\u00f3n en eventos, jornadas o cursos es clave para poder dar lo mejor de nosotros a los usuarios y para poder confeccionar redes con otros colectivos y entidades de \u00e1mbitos como el social, el formativo o el ocupacional\u201d. La alcaldesa de la Bisbal ha a\u00f1adido que \u201cdesde el Ayuntamiento de la Bisbal ya estamos trabajando en la preparaci\u00f3n de la tercera edici\u00f3n de las <em>Jornades d\u2019Empresa i Ocupaci\u00f3<\/em> de la Bisbal del Pened\u00e8s y esperamos poder aportar mucho valor a todas las personas, entidades, colectivos o empresas que tomen parte de ellas\u201d.<\/span><\/p>\n<p style=\"text-align: center;\"><a href=\"http:\/\/bisbalpenedes.com\/web\/wp-content\/uploads\/2019\/12\/EUSKADI-ARANTZAZU-4.jpg\"><img loading=\"lazy\" class=\"alignnone size-medium wp-image-11395\" src=\"http:\/\/bisbalpenedes.com\/web\/wp-content\/uploads\/2019\/12\/EUSKADI-ARANTZAZU-4-300x225.jpg\" alt=\"EUSKADI ARANTZAZU 4\" width=\"300\" height=\"225\" srcset=\"https:\/\/bisbalpenedes.com\/web\/wp-content\/uploads\/2019\/12\/EUSKADI-ARANTZAZU-4-300x225.jpg 300w, https:\/\/bisbalpenedes.com\/web\/wp-content\/uploads\/2019\/12\/EUSKADI-ARANTZAZU-4-600x450.jpg 600w, https:\/\/bisbalpenedes.com\/web\/wp-content\/uploads\/2019\/12\/EUSKADI-ARANTZAZU-4-768x576.jpg 768w, https:\/\/bisbalpenedes.com\/web\/wp-content\/uploads\/2019\/12\/EUSKADI-ARANTZAZU-4-1024x768.jpg 1024w, https:\/\/bisbalpenedes.com\/web\/wp-content\/uploads\/2019\/12\/EUSKADI-ARANTZAZU-4.jpg 1984w\" sizes=\"(max-width: 300px) 100vw, 300px\" \/><\/a><\/p>\n<p>&nbsp;<\/p>\n","protected":false},"excerpt":{"rendered":"<p>La t\u00e8cnica d\u2019Ocupaci\u00f3 del SOM Bisbal, Arantzazu Longares, ha participat en la sortida de treball i de coneixement d\u2019experi\u00e8ncies en desenvolupament local que ha tingut lloc els dies 2, 3 &hellip; <a href=\"https:\/\/bisbalpenedes.com\/web\/2019\/12\/07\/la-tecnica-docupacio-del-som-bisbal-ha-participat-en-una-sortida-per-coneixer-experiencies-de-lambit-del-desenvolupament-local\/\" class=\"more-link\">Read More<\/a><\/p>\n","protected":false},"author":4,"featured_media":11394,"comment_status":"closed","ping_status":"closed","sticky":false,"template":"","format":"standard","meta":[],"categories":[9],"tags":[3408,3409,10,175],"_links":{"self":[{"href":"https:\/\/bisbalpenedes.com\/web\/wp-json\/wp\/v2\/posts\/11393"}],"collection":[{"href":"https:\/\/bisbalpenedes.com\/web\/wp-json\/wp\/v2\/posts"}],"about":[{"href":"https:\/\/bisbalpenedes.com\/web\/wp-json\/wp\/v2\/types\/post"}],"author":[{"embeddable":true,"href":"https:\/\/bisbalpenedes.com\/web\/wp-json\/wp\/v2\/users\/4"}],"replies":[{"embeddable":true,"href":"https:\/\/bisbalpenedes.com\/web\/wp-json\/wp\/v2\/comments?post=11393"}],"version-history":[{"count":1,"href":"https:\/\/bisbalpenedes.com\/web\/wp-json\/wp\/v2\/posts\/11393\/revisions"}],"predecessor-version":[{"id":11396,"href":"https:\/\/bisbalpenedes.com\/web\/wp-json\/wp\/v2\/posts\/11393\/revisions\/11396"}],"wp:featuredmedia":[{"embeddable":true,"href":"https:\/\/bisbalpenedes.com\/web\/wp-json\/wp\/v2\/media\/11394"}],"wp:attachment":[{"href":"https:\/\/bisbalpenedes.com\/web\/wp-json\/wp\/v2\/media?parent=11393"}],"wp:term":[{"taxonomy":"category","embeddable":true,"href":"https:\/\/bisbalpenedes.com\/web\/wp-json\/wp\/v2\/categories?post=11393"},{"taxonomy":"post_tag","embeddable":true,"href":"https:\/\/bisbalpenedes.com\/web\/wp-json\/wp\/v2\/tags?post=11393"}],"curies":[{"name":"wp","href":"https:\/\/api.w.org\/{rel}","templated":true}]}}