{"id":11387,"date":"2019-12-07T10:48:06","date_gmt":"2019-12-07T09:48:06","guid":{"rendered":"http:\/\/bisbalpenedes.com\/web\/?p=11387"},"modified":"2019-12-07T11:32:59","modified_gmt":"2019-12-07T10:32:59","slug":"la-regidoria-de-turisme-treballa-per-la-recuperacio-de-lantiga-ruta-de-la-transhumancia","status":"publish","type":"post","link":"https:\/\/bisbalpenedes.com\/web\/2019\/12\/07\/la-regidoria-de-turisme-treballa-per-la-recuperacio-de-lantiga-ruta-de-la-transhumancia\/","title":{"rendered":"La Regidoria de Turisme treballa per la recuperaci\u00f3 de l\u2019antiga Ruta de la Transhum\u00e0ncia"},"content":{"rendered":"<p style=\"text-align: center;\"><a href=\"http:\/\/bisbalpenedes.com\/web\/wp-content\/uploads\/2019\/12\/turisme-ruta-transhumancia-reunio.jpg\"><img loading=\"lazy\" class=\"alignnone size-large wp-image-11388\" src=\"http:\/\/bisbalpenedes.com\/web\/wp-content\/uploads\/2019\/12\/turisme-ruta-transhumancia-reunio-1024x494.jpg\" alt=\"turisme ruta transhumancia reunio\" width=\"630\" height=\"304\" srcset=\"https:\/\/bisbalpenedes.com\/web\/wp-content\/uploads\/2019\/12\/turisme-ruta-transhumancia-reunio-1024x494.jpg 1024w, https:\/\/bisbalpenedes.com\/web\/wp-content\/uploads\/2019\/12\/turisme-ruta-transhumancia-reunio-600x289.jpg 600w, https:\/\/bisbalpenedes.com\/web\/wp-content\/uploads\/2019\/12\/turisme-ruta-transhumancia-reunio-300x145.jpg 300w, https:\/\/bisbalpenedes.com\/web\/wp-content\/uploads\/2019\/12\/turisme-ruta-transhumancia-reunio-768x371.jpg 768w, https:\/\/bisbalpenedes.com\/web\/wp-content\/uploads\/2019\/12\/turisme-ruta-transhumancia-reunio.jpg 2048w\" sizes=\"(max-width: 630px) 100vw, 630px\" \/><\/a><\/p>\n<p style=\"text-align: justify;\"><span style=\"color: #000000;\">El passat dimarts 26 de novembre la regidora de Turisme, Judith Vidal, va participar en una reuni\u00f3, a l\u2019Arbo\u00e7, amb la resta de municipis penedesencs que formen part de la Ruta de la Transhum\u00e0ncia. La reuni\u00f3 va servir perqu\u00e8 els municipis de Cunit, Sant Jaume dels Domenys, Torrelles de Foix, l\u2019Arbo\u00e7, Castellet i la Gornal, Castellv\u00ed de la Marca i la Bisbal del Pened\u00e8s arribessin a l\u2019acord de recopilar tota la informaci\u00f3 tur\u00edstica i patrimonial de la ruta, i dels municipis que en formen part, per poder crear un producte tur\u00edstic atractiu basat en l\u2019antiga Ruta de la Transhum\u00e0ncia.<\/span><\/p>\n<p style=\"text-align: justify;\"><span style=\"color: #000000;\">La Ruta de la Transhum\u00e0ncia va de Santa Coloma de Queralt a Cunit i segueix els camins i senders que, antigament, empraven els pastors per traslladar el bestiar. L\u2019objectiu dels municipis implicats \u00e9s \u201ccrear un cat\u00e0leg amb tot el contingut patrimonial dels municipis i oferir la Ruta com un nou atractiu tur\u00edstic, afegint serveis com allotjaments, restaurants, elements patrimonials, etc.\u201d L\u2019Ajuntament de Cunit, que \u00e9s l\u2019impulsor de la iniciativa, incorporar\u00e0 un jove del programa de pr\u00e0ctiques en la darrera convocat\u00f2ria de 2019, que comptar\u00e0 amb el suport d\u2019una estudiant de la Universitat Rovira i Virgili, per dur a terme les tasques de recopilaci\u00f3 de tota la informaci\u00f3 patrimonial i tur\u00edstica amb la finalitat de crear el cat\u00e0leg.<\/span><\/p>\n<hr \/>\n<p style=\"text-align: justify;\"><span style=\"color: #000000;\"><strong>CASTELLANO |<\/strong> El pasado martes 26 de noviembre la regidora de Turismo, Judith Vidal, particip\u00f3 en una reuni\u00f3n, en l\u2019Arbo\u00e7, con el resto de municipios del Pened\u00e8s que forman parte de la Ruta de la Trashumancia. La reuni\u00f3n sirvi\u00f3 para que los municipios de Cunit, Sant Jaume dels Domenys, Torrelles de Foix, l\u2019Arbo\u00e7, Castellet i la Gornal, Castellv\u00ed de la Marca y la Bisbal del Pened\u00e8s llegasen al acuerdo de recopilar toda la informaci\u00f3n tur\u00edstica y patrimonial de la ruta, y de los municipios que forman parte de ella, para poder crear un producto tur\u00edstico atractivo basado en la antigua Ruta de la Trashumancia.<\/span><\/p>\n<p style=\"text-align: justify;\"><span style=\"color: #000000;\">La ruta de la Trashumancia va de Santa Coloma de Queralt a Cunit y sigue los caminos y senderos que, antiguamente, usaban los pastores para trasladar al ganado. El objetivo de los municipios implicados es \u201ccrear un cat\u00e1logo con todo el contenido patrimonial de los municipios y ofrecer la Ruta como un nuevo atractivo tur\u00edstico, a\u00f1adiendo servicios como alojamientos, restaurantes, elementos patrimoniales, etc.\u201d. El Ayuntamiento de Cunit, que es el impulsor de la iniciativa, incorporar\u00e1 un joven del programa de pr\u00e1cticas en la \u00faltima convocatoria del 2019, que contar\u00e1 con el apoyo de una estudiante de la Universitat Rovira i Virgili, para llevar a cabo los trabajos de recopilaci\u00f3n de toda la informaci\u00f3n patrimonial y tur\u00edstica con la finalidad de crear el cat\u00e1logo.<\/span><\/p>\n","protected":false},"excerpt":{"rendered":"<p>El passat dimarts 26 de novembre la regidora de Turisme, Judith Vidal, va participar en una reuni\u00f3, a l\u2019Arbo\u00e7, amb la resta de municipis penedesencs que formen part de la &hellip; <a href=\"https:\/\/bisbalpenedes.com\/web\/2019\/12\/07\/la-regidoria-de-turisme-treballa-per-la-recuperacio-de-lantiga-ruta-de-la-transhumancia\/\" class=\"more-link\">Read More<\/a><\/p>\n","protected":false},"author":4,"featured_media":11388,"comment_status":"closed","ping_status":"closed","sticky":false,"template":"","format":"standard","meta":[],"categories":[2511],"tags":[3406,3407,458,3405,393,2531,1374,3403,1842,3404,328],"_links":{"self":[{"href":"https:\/\/bisbalpenedes.com\/web\/wp-json\/wp\/v2\/posts\/11387"}],"collection":[{"href":"https:\/\/bisbalpenedes.com\/web\/wp-json\/wp\/v2\/posts"}],"about":[{"href":"https:\/\/bisbalpenedes.com\/web\/wp-json\/wp\/v2\/types\/post"}],"author":[{"embeddable":true,"href":"https:\/\/bisbalpenedes.com\/web\/wp-json\/wp\/v2\/users\/4"}],"replies":[{"embeddable":true,"href":"https:\/\/bisbalpenedes.com\/web\/wp-json\/wp\/v2\/comments?post=11387"}],"version-history":[{"count":3,"href":"https:\/\/bisbalpenedes.com\/web\/wp-json\/wp\/v2\/posts\/11387\/revisions"}],"predecessor-version":[{"id":11392,"href":"https:\/\/bisbalpenedes.com\/web\/wp-json\/wp\/v2\/posts\/11387\/revisions\/11392"}],"wp:featuredmedia":[{"embeddable":true,"href":"https:\/\/bisbalpenedes.com\/web\/wp-json\/wp\/v2\/media\/11388"}],"wp:attachment":[{"href":"https:\/\/bisbalpenedes.com\/web\/wp-json\/wp\/v2\/media?parent=11387"}],"wp:term":[{"taxonomy":"category","embeddable":true,"href":"https:\/\/bisbalpenedes.com\/web\/wp-json\/wp\/v2\/categories?post=11387"},{"taxonomy":"post_tag","embeddable":true,"href":"https:\/\/bisbalpenedes.com\/web\/wp-json\/wp\/v2\/tags?post=11387"}],"curies":[{"name":"wp","href":"https:\/\/api.w.org\/{rel}","templated":true}]}}