{"id":11384,"date":"2019-12-07T10:41:52","date_gmt":"2019-12-07T09:41:52","guid":{"rendered":"http:\/\/bisbalpenedes.com\/web\/?p=11384"},"modified":"2019-12-09T12:40:47","modified_gmt":"2019-12-09T11:40:47","slug":"el-projecte-canvi-de-marxa-consciencia-els-joves-en-la-prevencio-daccidents-de-transit","status":"publish","type":"post","link":"https:\/\/bisbalpenedes.com\/web\/2019\/12\/07\/el-projecte-canvi-de-marxa-consciencia-els-joves-en-la-prevencio-daccidents-de-transit\/","title":{"rendered":"El projecte \u201cCanvi de marxa\u201d consciencia els joves en la prevenci\u00f3 d\u2019accidents de tr\u00e0nsit"},"content":{"rendered":"<p style=\"text-align: center;\"><a href=\"http:\/\/bisbalpenedes.com\/web\/wp-content\/uploads\/2019\/12\/joventut-canvi-de-marxa.jpg\"><img loading=\"lazy\" class=\"alignnone size-large wp-image-11385\" src=\"http:\/\/bisbalpenedes.com\/web\/wp-content\/uploads\/2019\/12\/joventut-canvi-de-marxa-1024x619.jpg\" alt=\"joventut canvi de marxa\" width=\"630\" height=\"381\" srcset=\"https:\/\/bisbalpenedes.com\/web\/wp-content\/uploads\/2019\/12\/joventut-canvi-de-marxa-1024x619.jpg 1024w, https:\/\/bisbalpenedes.com\/web\/wp-content\/uploads\/2019\/12\/joventut-canvi-de-marxa-600x362.jpg 600w, https:\/\/bisbalpenedes.com\/web\/wp-content\/uploads\/2019\/12\/joventut-canvi-de-marxa-300x181.jpg 300w, https:\/\/bisbalpenedes.com\/web\/wp-content\/uploads\/2019\/12\/joventut-canvi-de-marxa-768x464.jpg 768w, https:\/\/bisbalpenedes.com\/web\/wp-content\/uploads\/2019\/12\/joventut-canvi-de-marxa.jpg 2048w\" sizes=\"(max-width: 630px) 100vw, 630px\" \/><\/a><\/p>\n<p><span style=\"color: #000000;\">El Teatre \u00c0ngel Guimer\u00e0 (T\u00c0G) del Vendrell va acollir, el passat dijous 28 de novembre, l\u2019esdeveniment \u201cCanvi de marxa\u201d, una experi\u00e8ncia que combina una representaci\u00f3 teatral amb la projecci\u00f3 de v\u00eddeos i les intervencions de testimonis reals en accidents, des de policies, membres del Servei d\u2019Emerg\u00e8ncies M\u00e8diques o bombers, fins a v\u00edctimes d\u2019accidents de tr\u00e0nsit o familiars de persones que han perdut la vida en accidents.<\/span><\/p>\n<p style=\"text-align: justify;\"><span style=\"color: #000000;\">La iniciativa t\u00e9 com a objectiu conscienciar els joves d\u2019entre 14 i 18 anys sobre les causes i conseq\u00fc\u00e8ncies dels accidents de tr\u00e0nsit, posant \u00e8mfasi en les bones pr\u00e0ctiques i les conductes i actes responsables. Es tracta d\u2019un projecte de la fundaci\u00f3 privada sense \u00e0nim de lucre Mutual de Conductors que compta amb el suport del Servei Catal\u00e0 de Tr\u00e0nsit i la col\u00b7laboraci\u00f3 del Servei Comarcal de Joventut del Consell Comarcal del Baix Pened\u00e8s, l\u2019Oficina Jove Baix Pened\u00e8s i l \u2018Ajuntament del Vendrell, entre altres. El passat dijous, els regidors Paqui Cepas i Feliu Gil van assistir a l\u2019acte com a representants de l\u2019Ajuntament de la Bisbal del Pened\u00e8s. Tamb\u00e9 hi va assistir la S\u00edlvia, l\u2019educadora de la Cova Jove.<\/span><\/p>\n<hr \/>\n<p style=\"text-align: justify;\"><span style=\"color: #000000;\">CASTELLANO | El Teatre \u00c0ngel Guimer\u00e0 (T\u00c0G) del Vendrell acogi\u00f3, el pasado jueves 28 de noviembre, el evento \u201cCanvi de marxa\u201d, una experiencia que combina una representaci\u00f3n teatral con la proyecci\u00f3n de v\u00eddeos y las intervenciones de testimonios reales en accidentes, desde polic\u00edas, miembros del Servicio de Emergencias M\u00e9dicas o bomberos, hasta v\u00edctimas de accidentes de tr\u00e1fico o familiares de personas que han perdido la vida en accidentes.<\/span><\/p>\n<p style=\"text-align: justify;\"><span style=\"color: #000000;\">La iniciativa persigue el objetivo de concienciar a los j\u00f3venes de entre 14 y 18 a\u00f1os sobre las causas y consecuencias de los accidentes de tr\u00e1fico, poniendo \u00e9nfasis en las buenas pr\u00e1cticas y las conductas y actos responsables. Se trata de un proyecto de la fundaci\u00f3n privada sin \u00e1nimo de lucro Mutual de Conductors que cuenta con el soporte del Servei Catal\u00e0 de Tr\u00e0nsit y la colaboraci\u00f3n del Servei Comarcal de Joventut del Consell Comarcal del Baix Pened\u00e8s, \u00a0la Oficina Jove Baix Pened\u00e8s y el Ayuntamiento del Vendrell, entre otros. El jueves pasado, los concejales Paqui Cepas y Feliu Gil asistieron al acto como representantes del Ayuntamiento de la Bisbal del Pened\u00e8s. Tambi\u00e9n asisti\u00f3 S\u00edlvia, la educadora de la Cova Jove.<\/span><\/p>\n","protected":false},"excerpt":{"rendered":"<p>El Teatre \u00c0ngel Guimer\u00e0 (T\u00c0G) del Vendrell va acollir, el passat dijous 28 de novembre, l\u2019esdeveniment \u201cCanvi de marxa\u201d, una experi\u00e8ncia que combina una representaci\u00f3 teatral amb la projecci\u00f3 de &hellip; <a href=\"https:\/\/bisbalpenedes.com\/web\/2019\/12\/07\/el-projecte-canvi-de-marxa-consciencia-els-joves-en-la-prevencio-daccidents-de-transit\/\" class=\"more-link\">Read More<\/a><\/p>\n","protected":false},"author":4,"featured_media":11385,"comment_status":"closed","ping_status":"closed","sticky":false,"template":"","format":"standard","meta":[],"categories":[1486],"tags":[3402,3400,1308,210,3401,392],"_links":{"self":[{"href":"https:\/\/bisbalpenedes.com\/web\/wp-json\/wp\/v2\/posts\/11384"}],"collection":[{"href":"https:\/\/bisbalpenedes.com\/web\/wp-json\/wp\/v2\/posts"}],"about":[{"href":"https:\/\/bisbalpenedes.com\/web\/wp-json\/wp\/v2\/types\/post"}],"author":[{"embeddable":true,"href":"https:\/\/bisbalpenedes.com\/web\/wp-json\/wp\/v2\/users\/4"}],"replies":[{"embeddable":true,"href":"https:\/\/bisbalpenedes.com\/web\/wp-json\/wp\/v2\/comments?post=11384"}],"version-history":[{"count":3,"href":"https:\/\/bisbalpenedes.com\/web\/wp-json\/wp\/v2\/posts\/11384\/revisions"}],"predecessor-version":[{"id":11404,"href":"https:\/\/bisbalpenedes.com\/web\/wp-json\/wp\/v2\/posts\/11384\/revisions\/11404"}],"wp:featuredmedia":[{"embeddable":true,"href":"https:\/\/bisbalpenedes.com\/web\/wp-json\/wp\/v2\/media\/11385"}],"wp:attachment":[{"href":"https:\/\/bisbalpenedes.com\/web\/wp-json\/wp\/v2\/media?parent=11384"}],"wp:term":[{"taxonomy":"category","embeddable":true,"href":"https:\/\/bisbalpenedes.com\/web\/wp-json\/wp\/v2\/categories?post=11384"},{"taxonomy":"post_tag","embeddable":true,"href":"https:\/\/bisbalpenedes.com\/web\/wp-json\/wp\/v2\/tags?post=11384"}],"curies":[{"name":"wp","href":"https:\/\/api.w.org\/{rel}","templated":true}]}}