{"id":11361,"date":"2019-12-03T20:19:06","date_gmt":"2019-12-03T19:19:06","guid":{"rendered":"http:\/\/bisbalpenedes.com\/web\/?p=11361"},"modified":"2019-12-16T10:43:08","modified_gmt":"2019-12-16T09:43:08","slug":"el-diumenge-29-de-desembre-podreu-veure-la-pellicula-litus-al-cmc","status":"publish","type":"post","link":"https:\/\/bisbalpenedes.com\/web\/2019\/12\/03\/el-diumenge-29-de-desembre-podreu-veure-la-pellicula-litus-al-cmc\/","title":{"rendered":"El diumenge 29 de desembre podreu veure la pel\u00b7l\u00edcula &#8216;Litus&#8217; al CMC"},"content":{"rendered":"<p style=\"text-align: justify;\"><span style=\"color: #000000;\">El proper diumenge 29 de desembre podreu veure la pel\u00b7l\u00edcula &#8216;Litus&#8217; del Cicle Gaud\u00ed a l&#8217;Auditori Salb\u00e0 del CMC.<\/span><\/p>\n<p><span style=\"color: #000000;\"><a style=\"color: #000000;\" href=\"http:\/\/bisbalpenedes.com\/web\/wp-content\/uploads\/2019\/12\/VISUAL_A3_LITUS_LA_BISBAL_PENEDES-desembre-29-12-19-18h.jpg\"><img loading=\"lazy\" class=\"alignnone size-medium wp-image-11362\" src=\"http:\/\/bisbalpenedes.com\/web\/wp-content\/uploads\/2019\/12\/VISUAL_A3_LITUS_LA_BISBAL_PENEDES-desembre-29-12-19-18h-212x300.jpg\" alt=\"VISUAL_A3_LITUS_LA_BISBAL_PENEDES desembre 29-12-19 18h\" width=\"212\" height=\"300\" srcset=\"https:\/\/bisbalpenedes.com\/web\/wp-content\/uploads\/2019\/12\/VISUAL_A3_LITUS_LA_BISBAL_PENEDES-desembre-29-12-19-18h-212x300.jpg 212w, https:\/\/bisbalpenedes.com\/web\/wp-content\/uploads\/2019\/12\/VISUAL_A3_LITUS_LA_BISBAL_PENEDES-desembre-29-12-19-18h-600x848.jpg 600w, https:\/\/bisbalpenedes.com\/web\/wp-content\/uploads\/2019\/12\/VISUAL_A3_LITUS_LA_BISBAL_PENEDES-desembre-29-12-19-18h-768x1085.jpg 768w, https:\/\/bisbalpenedes.com\/web\/wp-content\/uploads\/2019\/12\/VISUAL_A3_LITUS_LA_BISBAL_PENEDES-desembre-29-12-19-18h-725x1024.jpg 725w, https:\/\/bisbalpenedes.com\/web\/wp-content\/uploads\/2019\/12\/VISUAL_A3_LITUS_LA_BISBAL_PENEDES-desembre-29-12-19-18h.jpg 1124w\" sizes=\"(max-width: 212px) 100vw, 212px\" \/><\/a><\/span><\/p>\n<p><span style=\"text-decoration: underline;\"><span style=\"color: #000000;\"><strong>FITXA T\u00c8CNICA:<\/strong><\/span><\/span><\/p>\n<p><span style=\"color: #000000;\">Direcci\u00f3: Dani de la Orden<\/span><\/p>\n<p><span style=\"color: #000000;\">Gui\u00f3: Marta Buchaca<\/span><\/p>\n<p><span style=\"color: #000000;\">M\u00fasica: Iv\u00e1n Ferreiro i Dani Trujillo<\/span><\/p>\n<p><span style=\"color: #000000;\">Estrena: Setembre de 2019<\/span><\/p>\n<p><span style=\"color: #000000;\">Durada: 86 min.<\/span><\/p>\n<p><span style=\"color: #000000;\">G\u00e8nere: Com\u00e8dia dram\u00e0tica<\/span><\/p>\n<p><span style=\"color: #000000;\">Versi\u00f3: Original en castell\u00e0<\/span><\/p>\n<p><span style=\"color: #000000;\">Int\u00e8rprets: Quim Guti\u00e9rrez, Bel\u00e9n Cuesta, Adri\u00e1n Lastra, Miquel Fern\u00e1ndez, \u00c1lex Garc\u00eda, Marta Nieto<\/span><\/p>\n<p>&nbsp;<\/p>\n<p><span style=\"text-decoration: underline;\"><span style=\"color: #000000;\"><strong>SINOPSI:<\/strong><\/span><\/span><\/p>\n<p><span style=\"color: #000000;\">Fa tres mesos el Litus va morir en un accident de cotxe. La que era la seva n\u00f2via, dos amics seus i un antic company de grup de m\u00fasica, es reuneixen en el pis on vivia. El seu germ\u00e0 Toni els convoca a tots per donar-los una cosa que els va deixar abans de morir.<\/span><\/p>\n<p><span style=\"color: #000000;\">El que havia de ser una trobada per parlar del Litus es converteix en una ocasi\u00f3 per descobrir els secrets m\u00e9s \u00edntims i totes les emocions amagades durant anys.<\/span><\/p>\n<hr \/>\n<p>&nbsp;<\/p>\n<div class=\"wpb_text_column wpb_content_element \">\n<div class=\"wpb_wrapper\"><iframe loading=\"lazy\" src=\"https:\/\/www.youtube.com\/embed\/JHUxjnyb21g\" width=\"560\" height=\"315\" frameborder=\"0\" allowfullscreen=\"allowfullscreen\"><\/iframe><\/div>\n<div class=\"wpb_wrapper\">\n<p><span style=\"color: #000000;\">El preu general de l\u2019entrada \u00e9s de 4,5\u20ac i s\u2019ofereix un preu redu\u00eft de 3\u20ac presentant el carnet de la Biblioteca Municipal de La Bisbal.<\/span><\/p>\n<p><span style=\"color: #000000;\">Quant a la recaptaci\u00f3, aquesta es destinar\u00e0 a l\u2019entitat del poble que s\u2019encarregui de gestionar la taquilla en cadascuna de les projeccions, en aquesta ocasi\u00f3, els Geganters i grallers de la Societat Cultural i Recreativa Bisbalenca.<\/span><\/p>\n<hr \/>\n<p><span style=\"color: #000000;\">\u00a0<strong>CASTELLANO |<\/strong> El pr\u00f3ximo domingo 29 de diciembre, a las 18h, podr\u00e9is ver la pel\u00edcula Litus del Cicle Gaud\u00ed en el Auditori Salb\u00e0 del CMC.<\/span><\/p>\n<\/div>\n<\/div>\n<p><span style=\"color: #000000;\"><a style=\"color: #000000;\" href=\"http:\/\/bisbalpenedes.com\/web\/wp-content\/uploads\/2019\/12\/VISUAL_A3_LITUS_LA_BISBAL_PENEDES-desembre-29-12-19-18h.jpg\"><img loading=\"lazy\" class=\"alignnone size-medium wp-image-11362\" src=\"http:\/\/bisbalpenedes.com\/web\/wp-content\/uploads\/2019\/12\/VISUAL_A3_LITUS_LA_BISBAL_PENEDES-desembre-29-12-19-18h-212x300.jpg\" alt=\"VISUAL_A3_LITUS_LA_BISBAL_PENEDES desembre 29-12-19 18h\" width=\"212\" height=\"300\" srcset=\"https:\/\/bisbalpenedes.com\/web\/wp-content\/uploads\/2019\/12\/VISUAL_A3_LITUS_LA_BISBAL_PENEDES-desembre-29-12-19-18h-212x300.jpg 212w, https:\/\/bisbalpenedes.com\/web\/wp-content\/uploads\/2019\/12\/VISUAL_A3_LITUS_LA_BISBAL_PENEDES-desembre-29-12-19-18h-600x848.jpg 600w, https:\/\/bisbalpenedes.com\/web\/wp-content\/uploads\/2019\/12\/VISUAL_A3_LITUS_LA_BISBAL_PENEDES-desembre-29-12-19-18h-768x1085.jpg 768w, https:\/\/bisbalpenedes.com\/web\/wp-content\/uploads\/2019\/12\/VISUAL_A3_LITUS_LA_BISBAL_PENEDES-desembre-29-12-19-18h-725x1024.jpg 725w, https:\/\/bisbalpenedes.com\/web\/wp-content\/uploads\/2019\/12\/VISUAL_A3_LITUS_LA_BISBAL_PENEDES-desembre-29-12-19-18h.jpg 1124w\" sizes=\"(max-width: 212px) 100vw, 212px\" \/><\/a><\/span><\/p>\n<p><span style=\"text-decoration: underline; color: #000000;\"><strong>FICHA T\u00c9CNICA:<\/strong><\/span><\/p>\n<p><span style=\"color: #000000;\">Direcci\u00f3n: Dani de la Orden<\/span><\/p>\n<p><span style=\"color: #000000;\">Gui\u00f3n: Marta Buchaca<\/span><\/p>\n<p><span style=\"color: #000000;\">M\u00fasica: Iv\u00e1n Ferreiro y Dani Trujillo<\/span><\/p>\n<p><span style=\"color: #000000;\">Estreno: Septiembre del 2019<\/span><\/p>\n<p><span style=\"color: #000000;\">Duraci\u00f3n: 86 min.<\/span><\/p>\n<p><span style=\"color: #000000;\">G\u00e9nero: comedia dram\u00e1tica<\/span><\/p>\n<p><span style=\"color: #000000;\">Versi\u00f3n: Original en castellano<\/span><\/p>\n<p><span style=\"color: #000000;\">Int\u00e9rpretes: Quim Guti\u00e9rrez, Bel\u00e9n Cuesta, Adri\u00e1n Lastra, Miquel Fern\u00e1ndez, \u00c1lex Garc\u00eda, Marta Nieto<\/span><\/p>\n<p>&nbsp;<\/p>\n<p><span style=\"text-decoration: underline; color: #000000;\"><strong>SINOPSIS<\/strong><\/span><\/p>\n<p><span style=\"color: #000000;\">Hace tres meses Litus muri\u00f3 en un accidente de coche. La que era su novia, dos amigos suyos y un antiguo compa\u00f1ero de grupo de m\u00fasica, se re\u00fanen en el piso donde viv\u00eda. Su hermano Toni los convoca para darles una cosa que les dej\u00f3 antes de morir.<\/span><\/p>\n<p><span style=\"color: #000000;\">Lo que ten\u00eda que ser un encuentro para hablar de Litus se convierte en una ocasi\u00f3n para descubrir los secretos m\u00e1s \u00edntimos y todas las emociones escondidas durante a\u00f1os.<\/span><\/p>\n<p><span style=\"color: #000000;\">\u00a0<\/span><br \/>\n<iframe loading=\"lazy\" src=\"https:\/\/www.youtube.com\/embed\/JHUxjnyb21g\" width=\"560\" height=\"315\" frameborder=\"0\" allowfullscreen=\"allowfullscreen\"><\/iframe><\/p>\n<p><span style=\"color: #000000;\">El precio general de la entrada es de 4,5\u20ac y se ofrece un precio reducido de 3\u20ac presentando el carn\u00e9 de la Biblioteca Municipal de la Bisbal.<\/span><\/p>\n<p><span style=\"color: #000000;\">En cuanto a la recaudaci\u00f3n, esta se destinar\u00e1 a la entidad del municipio que se encargue de gestionar la taquilla en cada una de las proyecciones, en esta ocasi\u00f3n, los Geganters i Grallers de la Societat Cultural i Recreativa Bisbalenca.<\/span><\/p>\n","protected":false},"excerpt":{"rendered":"<p>El proper diumenge 29 de desembre podreu veure la pel\u00b7l\u00edcula &#8216;Litus&#8217; del Cicle Gaud\u00ed a l&#8217;Auditori Salb\u00e0 del CMC. FITXA T\u00c8CNICA: Direcci\u00f3: Dani de la Orden Gui\u00f3: Marta Buchaca M\u00fasica: &hellip; <a href=\"https:\/\/bisbalpenedes.com\/web\/2019\/12\/03\/el-diumenge-29-de-desembre-podreu-veure-la-pellicula-litus-al-cmc\/\" class=\"more-link\">Read More<\/a><\/p>\n","protected":false},"author":4,"featured_media":11362,"comment_status":"closed","ping_status":"closed","sticky":false,"template":"","format":"standard","meta":[],"categories":[13],"tags":[308,307,225,3396],"_links":{"self":[{"href":"https:\/\/bisbalpenedes.com\/web\/wp-json\/wp\/v2\/posts\/11361"}],"collection":[{"href":"https:\/\/bisbalpenedes.com\/web\/wp-json\/wp\/v2\/posts"}],"about":[{"href":"https:\/\/bisbalpenedes.com\/web\/wp-json\/wp\/v2\/types\/post"}],"author":[{"embeddable":true,"href":"https:\/\/bisbalpenedes.com\/web\/wp-json\/wp\/v2\/users\/4"}],"replies":[{"embeddable":true,"href":"https:\/\/bisbalpenedes.com\/web\/wp-json\/wp\/v2\/comments?post=11361"}],"version-history":[{"count":3,"href":"https:\/\/bisbalpenedes.com\/web\/wp-json\/wp\/v2\/posts\/11361\/revisions"}],"predecessor-version":[{"id":11475,"href":"https:\/\/bisbalpenedes.com\/web\/wp-json\/wp\/v2\/posts\/11361\/revisions\/11475"}],"wp:featuredmedia":[{"embeddable":true,"href":"https:\/\/bisbalpenedes.com\/web\/wp-json\/wp\/v2\/media\/11362"}],"wp:attachment":[{"href":"https:\/\/bisbalpenedes.com\/web\/wp-json\/wp\/v2\/media?parent=11361"}],"wp:term":[{"taxonomy":"category","embeddable":true,"href":"https:\/\/bisbalpenedes.com\/web\/wp-json\/wp\/v2\/categories?post=11361"},{"taxonomy":"post_tag","embeddable":true,"href":"https:\/\/bisbalpenedes.com\/web\/wp-json\/wp\/v2\/tags?post=11361"}],"curies":[{"name":"wp","href":"https:\/\/api.w.org\/{rel}","templated":true}]}}