{"id":11353,"date":"2019-12-03T14:37:02","date_gmt":"2019-12-03T13:37:02","guid":{"rendered":"http:\/\/bisbalpenedes.com\/web\/?p=11353"},"modified":"2019-12-03T14:37:02","modified_gmt":"2019-12-03T13:37:02","slug":"la-bisbal-del-penedes-es-connectara-al-consorci-daigues-de-tarragona","status":"publish","type":"post","link":"https:\/\/bisbalpenedes.com\/web\/2019\/12\/03\/la-bisbal-del-penedes-es-connectara-al-consorci-daigues-de-tarragona\/","title":{"rendered":"La Bisbal del Pened\u00e8s es connectar\u00e0 al Consorci d\u2019Aig\u00fces de Tarragona"},"content":{"rendered":"<p style=\"text-align: center;\"><a href=\"http:\/\/bisbalpenedes.com\/web\/wp-content\/uploads\/2019\/12\/NAUS-INDUSTRIALS-LA-BISBAL-3.jpg\"><img loading=\"lazy\" class=\"alignnone size-large wp-image-11354\" src=\"http:\/\/bisbalpenedes.com\/web\/wp-content\/uploads\/2019\/12\/NAUS-INDUSTRIALS-LA-BISBAL-3-1024x768.jpg\" alt=\"NAUS INDUSTRIALS LA BISBAL 3\" width=\"630\" height=\"473\" srcset=\"https:\/\/bisbalpenedes.com\/web\/wp-content\/uploads\/2019\/12\/NAUS-INDUSTRIALS-LA-BISBAL-3-1024x768.jpg 1024w, https:\/\/bisbalpenedes.com\/web\/wp-content\/uploads\/2019\/12\/NAUS-INDUSTRIALS-LA-BISBAL-3-600x450.jpg 600w, https:\/\/bisbalpenedes.com\/web\/wp-content\/uploads\/2019\/12\/NAUS-INDUSTRIALS-LA-BISBAL-3-300x225.jpg 300w, https:\/\/bisbalpenedes.com\/web\/wp-content\/uploads\/2019\/12\/NAUS-INDUSTRIALS-LA-BISBAL-3-768x576.jpg 768w\" sizes=\"(max-width: 630px) 100vw, 630px\" \/><\/a><\/p>\n<p style=\"text-align: justify;\"><span style=\"color: #000000;\">L\u2019Ajuntament de la Bisbal del Pened\u00e8s, a petici\u00f3 de les regidories del Servei d\u2019abastament d\u2019aigua i Urbanisme, ha sol\u00b7licitat una subvenci\u00f3 a l\u2019Ag\u00e8ncia Catalana de l\u2019Aigua (ACA) per finan\u00e7ar les obres necess\u00e0ries per connectar-se al ramal existent del Consorci d\u2019Aig\u00fces de Tarragona en un dels pol\u00edgons industrials de la Bisbal del Pened\u00e8s. L\u2019objectiu de l\u2019Ajuntament \u00e9s redactar el projecte durant el 2020 i realitzar les obres durant el 2021.<\/span><\/p>\n<p style=\"text-align: justify;\"><span style=\"color: #000000;\">Per a connectar-se al ramal existent, caldr\u00e0 construir la caseta d\u2019arribada amb tots els equips hidr\u00e0ulics i electromec\u00e0nics necessaris i instal\u00b7lar arquetes de sonda al nou dip\u00f2sit. M\u00e9s endavant, en una segona fase, l\u2019Ajuntament t\u00e9 previst construir un nou dip\u00f2sit per connectar-lo a la xarxa actual.<\/span><\/p>\n<p style=\"text-align: justify;\"><span style=\"color: #000000;\">L\u2019import total de les obres ascendeix a 212.088\u20ac (IVA no incl\u00f2s) i s\u2019ha demanat una subvenci\u00f3 per un import del 95% de la inversi\u00f3. L\u2019alcaldessa Agn\u00e8s Ferr\u00e9 ha explicat que aquesta acci\u00f3 \u00e9s necess\u00e0ria perqu\u00e8 \u201csegons l\u2019estudi hidrogeot\u00e8cnic i el Pla director del servei d\u2019abastament d\u2019aigua, no tenim garantit a mig termini el cabal necessari d\u2019aigua al municipi i amb aquesta inversi\u00f3 garantirem un punt de connexi\u00f3 al CAT i, per tant, podrem garantir el cabal necessari per a la ciutadania i per les activitats econ\u00f2miques del municipi\u201d. Segons l\u2019alcaldessa \u201cfa dotze anys, el maig de 2007, l\u2019Ajuntament de la Bisbal del Pened\u00e8s va signar entrar a la tercera fase del projecte constructiu del subministrament al Baix Pened\u00e8s amb el CAT, un projecte que finan\u00e7ava la UE amb els Fons FEDER. Finalment, el 2008, l\u2019Ajuntament va decidir no formar part del projecte i, per tant, es va perdre la inversi\u00f3 finan\u00e7ada per la UE en el tram de la Bisbal i la connexi\u00f3 d\u2019aigua al CAT es va desviar de la Bisbal. El passat mes de febrer, els membres de l\u2019actual equip de govern vam sol\u00b7licitar, al CAT, un estudi sobre la possible connexi\u00f3 d\u2019un nou punt de subministrament i, una vegada lliurat a l\u2019Ajuntament, ens vam posar a treballar amb l\u2019objectiu de fer realitat aquest projecte i, aix\u00ed, poder garantir l\u2019aigua a tot el municipi\u201d.<\/span><\/p>\n<hr \/>\n<p style=\"text-align: justify;\"><span style=\"color: #000000;\"><strong>CASTELLANO |<\/strong> El Ayuntamiento de la Bisbal del Pened\u00e8s, a petici\u00f3n de las concejal\u00edas del Servicio de abastecimiento de agua y Urbanismo, ha solicitado la subvenci\u00f3n de la Agencia Catalana del Agua (ACA) para financiar las obras necesarias para conectarse al ramal existente del Consorci d\u2019Aig\u00fces de Tarragona en uno de los pol\u00edgonos industriales de la Bisbal del Pened\u00e8s. El objetivo del Ayuntamiento es redactar el proyecto durante el 2020 y realizar las obras durante el 2021.<\/span><\/p>\n<p style=\"text-align: justify;\"><span style=\"color: #000000;\">Para conectarse al ramal existente, ser\u00e1 necesario construir la caseta de llegada con todos los equipos hidr\u00e1ulicos y electromec\u00e1nicos necesarios e instalar arquetas de sonda en el nuevo dep\u00f3sito. M\u00e1s adelante, en una segunda fase, el Ayuntamiento tiene previsto construir un nuevo dep\u00f3sito para conectarlo a la red actual.<\/span><\/p>\n<p style=\"text-align: justify;\"><span style=\"color: #000000;\">El importe total de las obras asciende a 212.088\u20ac (IVA no incluido) y se ha solicitado una subvenci\u00f3n por un importe del 95% de la inversi\u00f3n. La alcaldesa Agn\u00e8s Ferr\u00e9 ha explicado que esta acci\u00f3n es necesaria porqu\u00e9 \u201cseg\u00fan el estudio hidrogeot\u00e9cnico y el Plan director del servicio de abastecimiento de agua, no tenemos garantizado a medio plazo el cabal necesario de agua en el municipio y con esta inversi\u00f3n garantizaremos un punto de conexi\u00f3n al CAT y, por lo tanto, podremos garantizar el cabal necesario para la ciudadan\u00eda y para las actividades econ\u00f3micas del municipio\u201d. Seg\u00fan la alcaldesa \u201chace doce a\u00f1os, en mayo del 2007, el Ayuntamiento de la Bisbal del Pened\u00e8s firm\u00f3 entrar en la tercera fase del proyecto constructivo del suministro en el Baix Pened\u00e8s con el CAT, un proyecto que financiaba la UE con el Fondo FEDER. Finalmente, en el 2008, el Ayuntamiento decidi\u00f3 no formar parte del proyecto y, por lo tanto, se perdi\u00f3 la inversi\u00f3n financiada por la UE en el tramo de la Bisbal y la conexi\u00f3n de agua al CAT se desvi\u00f3 de la Bisbal. El pasado mes de febrero, los miembros del actual equipo de gobierno solicitamos, al CAT, un estudio sobre la posible conexi\u00f3n de un nuevo punto de suministro y, una vez librado al Ayuntamiento, nos pusimos a trabajar con el objetivo de hacer realidad este proyecto y, as\u00ed, poder garantizar el agua a todo el municipio\u201d.<\/span><\/p>\n","protected":false},"excerpt":{"rendered":"<p>L\u2019Ajuntament de la Bisbal del Pened\u00e8s, a petici\u00f3 de les regidories del Servei d\u2019abastament d\u2019aigua i Urbanisme, ha sol\u00b7licitat una subvenci\u00f3 a l\u2019Ag\u00e8ncia Catalana de l\u2019Aigua (ACA) per finan\u00e7ar les &hellip; <a href=\"https:\/\/bisbalpenedes.com\/web\/2019\/12\/03\/la-bisbal-del-penedes-es-connectara-al-consorci-daigues-de-tarragona\/\" class=\"more-link\">Read More<\/a><\/p>\n","protected":false},"author":4,"featured_media":11354,"comment_status":"closed","ping_status":"closed","sticky":false,"template":"","format":"standard","meta":[],"categories":[3352,15],"tags":[768,3322,2211,161,1357,3395,224],"_links":{"self":[{"href":"https:\/\/bisbalpenedes.com\/web\/wp-json\/wp\/v2\/posts\/11353"}],"collection":[{"href":"https:\/\/bisbalpenedes.com\/web\/wp-json\/wp\/v2\/posts"}],"about":[{"href":"https:\/\/bisbalpenedes.com\/web\/wp-json\/wp\/v2\/types\/post"}],"author":[{"embeddable":true,"href":"https:\/\/bisbalpenedes.com\/web\/wp-json\/wp\/v2\/users\/4"}],"replies":[{"embeddable":true,"href":"https:\/\/bisbalpenedes.com\/web\/wp-json\/wp\/v2\/comments?post=11353"}],"version-history":[{"count":1,"href":"https:\/\/bisbalpenedes.com\/web\/wp-json\/wp\/v2\/posts\/11353\/revisions"}],"predecessor-version":[{"id":11355,"href":"https:\/\/bisbalpenedes.com\/web\/wp-json\/wp\/v2\/posts\/11353\/revisions\/11355"}],"wp:featuredmedia":[{"embeddable":true,"href":"https:\/\/bisbalpenedes.com\/web\/wp-json\/wp\/v2\/media\/11354"}],"wp:attachment":[{"href":"https:\/\/bisbalpenedes.com\/web\/wp-json\/wp\/v2\/media?parent=11353"}],"wp:term":[{"taxonomy":"category","embeddable":true,"href":"https:\/\/bisbalpenedes.com\/web\/wp-json\/wp\/v2\/categories?post=11353"},{"taxonomy":"post_tag","embeddable":true,"href":"https:\/\/bisbalpenedes.com\/web\/wp-json\/wp\/v2\/tags?post=11353"}],"curies":[{"name":"wp","href":"https:\/\/api.w.org\/{rel}","templated":true}]}}