{"id":11338,"date":"2019-12-02T12:15:47","date_gmt":"2019-12-02T11:15:47","guid":{"rendered":"http:\/\/bisbalpenedes.com\/web\/?p=11338"},"modified":"2019-12-03T12:19:43","modified_gmt":"2019-12-03T11:19:43","slug":"aquest-dimecres-comencen-les-xerrades-sobre-lelaboracio-de-receptes-de-cuina-nadalenca","status":"publish","type":"post","link":"https:\/\/bisbalpenedes.com\/web\/2019\/12\/02\/aquest-dimecres-comencen-les-xerrades-sobre-lelaboracio-de-receptes-de-cuina-nadalenca\/","title":{"rendered":"Aquest dimecres comencen les xerrades sobre l&#8217;elaboraci\u00f3 de receptes de cuina nadalenca"},"content":{"rendered":"<div class=\"\" data-block=\"true\" data-editor=\"34u45\" data-offset-key=\"bangv-0-0\">\n<div class=\"_1mf _1mj\" data-offset-key=\"bangv-0-0\"><span style=\"color: #000000;\" data-offset-key=\"bangv-2-0\"><span data-text=\"true\">Aquest dimecres comencen\u00a0les xerrades sobre receptes de cuina nadalenca al Rac\u00f3 de la Gent Gran. L&#8217;\u00faltim dia s&#8217;elaborar\u00e0 una recepta del taller.<\/span><\/span><\/div>\n<\/div>\n<div class=\"\" data-block=\"true\" data-editor=\"34u45\" data-offset-key=\"4gsq8-0-0\">\n<div class=\"_1mf _1mj\" data-offset-key=\"4gsq8-0-0\"><span style=\"color: #000000;\" data-offset-key=\"4gsq8-1-0\"><span data-text=\"true\">\u00c9s una activitat oberta a tothom.<\/span><\/span><\/div>\n<div class=\"_1mf _1mj\" data-offset-key=\"4gsq8-0-0\">\n<hr \/>\n<\/div>\n<\/div>\n<div class=\"\" data-block=\"true\" data-editor=\"34u45\" data-offset-key=\"9gfvt-0-0\"><\/div>\n<div class=\"\" data-block=\"true\" data-editor=\"34u45\" data-offset-key=\"b5ot7-0-0\">\n<div class=\"_1mf _1mj\" data-offset-key=\"b5ot7-0-0\"><span style=\"color: #000000;\"><strong>CASTELLANO |<\/strong> Este mi\u00e9rcoles\u00a0empiezan las charlas sobre recetas de cocina navide\u00f1a en el Rac\u00f3 de la Gent Gran. El \u00faltimo d\u00eda se elaborar\u00e1 una receta del taller.\u00a0Es una actividad abierta a todo el mundo.<\/span><\/div>\n<div class=\"_1mf _1mj\" data-offset-key=\"b5ot7-0-0\"><\/div>\n<\/div>\n<div class=\"\" data-block=\"true\" data-editor=\"34u45\" data-offset-key=\"f5a1i-0-0\">\n<div class=\"_1mf _1mj\" data-offset-key=\"f5a1i-0-0\"><a href=\"http:\/\/bisbalpenedes.com\/web\/wp-content\/uploads\/2019\/12\/cuina_nadalenca_raco_gent_gran_19b.jpg\"><img loading=\"lazy\" class=\"alignnone size-large wp-image-11339\" src=\"http:\/\/bisbalpenedes.com\/web\/wp-content\/uploads\/2019\/12\/cuina_nadalenca_raco_gent_gran_19b-724x1024.jpg\" alt=\"cuina_nadalenca_raco_gent_gran_19b\" width=\"630\" height=\"891\" srcset=\"https:\/\/bisbalpenedes.com\/web\/wp-content\/uploads\/2019\/12\/cuina_nadalenca_raco_gent_gran_19b-724x1024.jpg 724w, https:\/\/bisbalpenedes.com\/web\/wp-content\/uploads\/2019\/12\/cuina_nadalenca_raco_gent_gran_19b-600x848.jpg 600w, https:\/\/bisbalpenedes.com\/web\/wp-content\/uploads\/2019\/12\/cuina_nadalenca_raco_gent_gran_19b-212x300.jpg 212w, https:\/\/bisbalpenedes.com\/web\/wp-content\/uploads\/2019\/12\/cuina_nadalenca_raco_gent_gran_19b-768x1086.jpg 768w, https:\/\/bisbalpenedes.com\/web\/wp-content\/uploads\/2019\/12\/cuina_nadalenca_raco_gent_gran_19b.jpg 827w\" sizes=\"(max-width: 630px) 100vw, 630px\" \/><\/a><\/div>\n<\/div>\n<div class=\"\" data-block=\"true\" data-editor=\"34u45\" data-offset-key=\"bhvde-0-0\">\n<div class=\"_1mf _1mj\" data-offset-key=\"bhvde-0-0\"><span data-offset-key=\"bhvde-0-0\">\u00a0<\/span><\/div>\n<\/div>\n<div class=\"\" data-block=\"true\" data-editor=\"34u45\" data-offset-key=\"39qmp-0-0\">\n<div class=\"_1mf _1mj\" data-offset-key=\"39qmp-0-0\"><\/div>\n<\/div>\n","protected":false},"excerpt":{"rendered":"<p>Aquest dimecres comencen\u00a0les xerrades sobre receptes de cuina nadalenca al Rac\u00f3 de la Gent Gran. L&#8217;\u00faltim dia s&#8217;elaborar\u00e0 una recepta del taller. \u00c9s una activitat oberta a tothom. CASTELLANO | &hellip; <a href=\"https:\/\/bisbalpenedes.com\/web\/2019\/12\/02\/aquest-dimecres-comencen-les-xerrades-sobre-lelaboracio-de-receptes-de-cuina-nadalenca\/\" class=\"more-link\">Read More<\/a><\/p>\n","protected":false},"author":4,"featured_media":11339,"comment_status":"closed","ping_status":"closed","sticky":false,"template":"","format":"standard","meta":[],"categories":[3088],"tags":[3391,3392,1218],"_links":{"self":[{"href":"https:\/\/bisbalpenedes.com\/web\/wp-json\/wp\/v2\/posts\/11338"}],"collection":[{"href":"https:\/\/bisbalpenedes.com\/web\/wp-json\/wp\/v2\/posts"}],"about":[{"href":"https:\/\/bisbalpenedes.com\/web\/wp-json\/wp\/v2\/types\/post"}],"author":[{"embeddable":true,"href":"https:\/\/bisbalpenedes.com\/web\/wp-json\/wp\/v2\/users\/4"}],"replies":[{"embeddable":true,"href":"https:\/\/bisbalpenedes.com\/web\/wp-json\/wp\/v2\/comments?post=11338"}],"version-history":[{"count":1,"href":"https:\/\/bisbalpenedes.com\/web\/wp-json\/wp\/v2\/posts\/11338\/revisions"}],"predecessor-version":[{"id":11340,"href":"https:\/\/bisbalpenedes.com\/web\/wp-json\/wp\/v2\/posts\/11338\/revisions\/11340"}],"wp:featuredmedia":[{"embeddable":true,"href":"https:\/\/bisbalpenedes.com\/web\/wp-json\/wp\/v2\/media\/11339"}],"wp:attachment":[{"href":"https:\/\/bisbalpenedes.com\/web\/wp-json\/wp\/v2\/media?parent=11338"}],"wp:term":[{"taxonomy":"category","embeddable":true,"href":"https:\/\/bisbalpenedes.com\/web\/wp-json\/wp\/v2\/categories?post=11338"},{"taxonomy":"post_tag","embeddable":true,"href":"https:\/\/bisbalpenedes.com\/web\/wp-json\/wp\/v2\/tags?post=11338"}],"curies":[{"name":"wp","href":"https:\/\/api.w.org\/{rel}","templated":true}]}}