{"id":11330,"date":"2019-12-03T11:22:59","date_gmt":"2019-12-03T10:22:59","guid":{"rendered":"http:\/\/bisbalpenedes.com\/web\/?p=11330"},"modified":"2019-12-03T11:25:37","modified_gmt":"2019-12-03T10:25:37","slug":"aquest-dilluns-2-de-desembre-ha-tingut-lloc-el-berenar-del-servei-bon-dia","status":"publish","type":"post","link":"https:\/\/bisbalpenedes.com\/web\/2019\/12\/03\/aquest-dilluns-2-de-desembre-ha-tingut-lloc-el-berenar-del-servei-bon-dia\/","title":{"rendered":"Aquest dilluns 2 de desembre ha tingut lloc el berenar del Servei Bon dia"},"content":{"rendered":"<p style=\"text-align: center;\"><a href=\"http:\/\/bisbalpenedes.com\/web\/wp-content\/uploads\/2019\/12\/FOTO-DE-GRUP-1-1.jpg\"><img loading=\"lazy\" class=\"alignnone size-large wp-image-11336\" src=\"http:\/\/bisbalpenedes.com\/web\/wp-content\/uploads\/2019\/12\/FOTO-DE-GRUP-1-1-1024x683.jpg\" alt=\"FOTO DE GRUP 1\" width=\"630\" height=\"420\" srcset=\"https:\/\/bisbalpenedes.com\/web\/wp-content\/uploads\/2019\/12\/FOTO-DE-GRUP-1-1-1024x683.jpg 1024w, https:\/\/bisbalpenedes.com\/web\/wp-content\/uploads\/2019\/12\/FOTO-DE-GRUP-1-1-600x400.jpg 600w, https:\/\/bisbalpenedes.com\/web\/wp-content\/uploads\/2019\/12\/FOTO-DE-GRUP-1-1-300x200.jpg 300w, https:\/\/bisbalpenedes.com\/web\/wp-content\/uploads\/2019\/12\/FOTO-DE-GRUP-1-1-768x512.jpg 768w, https:\/\/bisbalpenedes.com\/web\/wp-content\/uploads\/2019\/12\/FOTO-DE-GRUP-1-1.jpg 2048w\" sizes=\"(max-width: 630px) 100vw, 630px\" \/><\/a><\/p>\n<p style=\"text-align: justify;\"><span style=\"color: #000000;\">Ahir dilluns va tenir lloc el berenar del Servei Bon Dia al Rac\u00f3 de la Gent Gran. Els usuaris i les usu\u00e0ries es van trobar, un cop m\u00e9s, amb les volunt\u00e0ries que els\/les truquen di\u00e0riament o setmanalment per comprovar que estan b\u00e9 de salut, per resoldre els seus dubtes o consultes i, en general, facilitar la vida d\u2019aquestes persones.<\/span><br \/>\n<span style=\"color: #000000;\">Durant el berenar tamb\u00e9 es va fer entrega del calendari 2020 de sobretaula del Servei Bon Dia aix\u00ed, amb fotos de les volunt\u00e0ries, com d&#8217;altres detalls de l&#8217;Ajuntament, com ara un imant per a la nevera amb els tel\u00e8fons d&#8217;inter\u00e8s del municipi o una bossa de tela.<\/span><br \/>\n<span style=\"color: #000000;\">La regidora de Benestar Social, Paqui Cepas, va agrair la tasca de les volunt\u00e0ries i va felicitar el Nadal a tots els assistents.<\/span><\/p>\n<hr \/>\n<p style=\"text-align: justify;\"><span style=\"color: #000000;\"><strong>CASTELLANO |<\/strong> Ayer lunes tuvo lugar la merienda del Servei Bon Dia en el Rac\u00f3 de la Gent Gran. Los usuarios y las usuarias se encontraron, una vez m\u00e1s, con las voluntarias que los\/las llaman diariamente o semanalmente para comprobar que est\u00e1n bien de salud, para resolver sus dudas o consultas y, en general, para facilitar la vida de estas personas.<\/span><br \/>\n<span style=\"color: #000000;\">Durante la merienda tambi\u00e9n se hizo entrega del calendario 2020 de sobremesa del Servei Bon Dia, con fotos de las voluntarias, as\u00ed como de otros detalles el Ayuntamiento, como son: un im\u00e1n para la nevera con los tel\u00e9fonos de inter\u00e9s del municipio o una bolsa de tela.<\/span><br \/>\n<span style=\"color: #000000;\">La regidora de Bienestar Social, Paqui Cepas, agradeci\u00f3 el trabajo de las voluntarias y felicit\u00f3 la Navidad a todos los asistentes.<\/span><\/p>\n<div id='gallery-1' class='gallery galleryid-11330 gallery-columns-3 gallery-size-thumbnail'><figure class='gallery-item'>\n\t\t\t<div class='gallery-icon landscape'>\n\t\t\t\t<a href='https:\/\/bisbalpenedes.com\/web\/2019\/12\/03\/aquest-dilluns-2-de-desembre-ha-tingut-lloc-el-berenar-del-servei-bon-dia\/foto-de-grup-2\/'><img width=\"150\" height=\"150\" src=\"https:\/\/bisbalpenedes.com\/web\/wp-content\/uploads\/2019\/12\/FOTO-DE-GRUP-2-150x150.jpg\" class=\"attachment-thumbnail size-thumbnail\" alt=\"\" loading=\"lazy\" srcset=\"https:\/\/bisbalpenedes.com\/web\/wp-content\/uploads\/2019\/12\/FOTO-DE-GRUP-2-150x150.jpg 150w, https:\/\/bisbalpenedes.com\/web\/wp-content\/uploads\/2019\/12\/FOTO-DE-GRUP-2-300x300.jpg 300w, https:\/\/bisbalpenedes.com\/web\/wp-content\/uploads\/2019\/12\/FOTO-DE-GRUP-2-100x100.jpg 100w\" sizes=\"(max-width: 150px) 100vw, 150px\" \/><\/a>\n\t\t\t<\/div><\/figure><figure class='gallery-item'>\n\t\t\t<div class='gallery-icon landscape'>\n\t\t\t\t<a href='https:\/\/bisbalpenedes.com\/web\/2019\/12\/03\/aquest-dilluns-2-de-desembre-ha-tingut-lloc-el-berenar-del-servei-bon-dia\/paqui-bon-dia-taula\/'><img width=\"150\" height=\"150\" src=\"https:\/\/bisbalpenedes.com\/web\/wp-content\/uploads\/2019\/12\/PAQUI-BON-DIA-TAULA-150x150.jpg\" class=\"attachment-thumbnail size-thumbnail\" alt=\"\" loading=\"lazy\" srcset=\"https:\/\/bisbalpenedes.com\/web\/wp-content\/uploads\/2019\/12\/PAQUI-BON-DIA-TAULA-150x150.jpg 150w, https:\/\/bisbalpenedes.com\/web\/wp-content\/uploads\/2019\/12\/PAQUI-BON-DIA-TAULA-300x300.jpg 300w, https:\/\/bisbalpenedes.com\/web\/wp-content\/uploads\/2019\/12\/PAQUI-BON-DIA-TAULA-100x100.jpg 100w\" sizes=\"(max-width: 150px) 100vw, 150px\" \/><\/a>\n\t\t\t<\/div><\/figure><figure class='gallery-item'>\n\t\t\t<div class='gallery-icon landscape'>\n\t\t\t\t<a href='https:\/\/bisbalpenedes.com\/web\/2019\/12\/03\/aquest-dilluns-2-de-desembre-ha-tingut-lloc-el-berenar-del-servei-bon-dia\/paqui-bon-dia\/'><img width=\"150\" height=\"150\" src=\"https:\/\/bisbalpenedes.com\/web\/wp-content\/uploads\/2019\/12\/PAQUI-BON-DIA-150x150.jpg\" class=\"attachment-thumbnail size-thumbnail\" alt=\"\" loading=\"lazy\" srcset=\"https:\/\/bisbalpenedes.com\/web\/wp-content\/uploads\/2019\/12\/PAQUI-BON-DIA-150x150.jpg 150w, https:\/\/bisbalpenedes.com\/web\/wp-content\/uploads\/2019\/12\/PAQUI-BON-DIA-300x300.jpg 300w, https:\/\/bisbalpenedes.com\/web\/wp-content\/uploads\/2019\/12\/PAQUI-BON-DIA-100x100.jpg 100w\" sizes=\"(max-width: 150px) 100vw, 150px\" \/><\/a>\n\t\t\t<\/div><\/figure>\n\t\t<\/div>\n\n","protected":false},"excerpt":{"rendered":"<p>Ahir dilluns va tenir lloc el berenar del Servei Bon Dia al Rac\u00f3 de la Gent Gran. Els usuaris i les usu\u00e0ries es van trobar, un cop m\u00e9s, amb les &hellip; <a href=\"https:\/\/bisbalpenedes.com\/web\/2019\/12\/03\/aquest-dilluns-2-de-desembre-ha-tingut-lloc-el-berenar-del-servei-bon-dia\/\" class=\"more-link\">Read More<\/a><\/p>\n","protected":false},"author":4,"featured_media":11331,"comment_status":"closed","ping_status":"closed","sticky":false,"template":"","format":"standard","meta":[],"categories":[975],"tags":[955,95,2115,1894],"_links":{"self":[{"href":"https:\/\/bisbalpenedes.com\/web\/wp-json\/wp\/v2\/posts\/11330"}],"collection":[{"href":"https:\/\/bisbalpenedes.com\/web\/wp-json\/wp\/v2\/posts"}],"about":[{"href":"https:\/\/bisbalpenedes.com\/web\/wp-json\/wp\/v2\/types\/post"}],"author":[{"embeddable":true,"href":"https:\/\/bisbalpenedes.com\/web\/wp-json\/wp\/v2\/users\/4"}],"replies":[{"embeddable":true,"href":"https:\/\/bisbalpenedes.com\/web\/wp-json\/wp\/v2\/comments?post=11330"}],"version-history":[{"count":1,"href":"https:\/\/bisbalpenedes.com\/web\/wp-json\/wp\/v2\/posts\/11330\/revisions"}],"predecessor-version":[{"id":11337,"href":"https:\/\/bisbalpenedes.com\/web\/wp-json\/wp\/v2\/posts\/11330\/revisions\/11337"}],"wp:featuredmedia":[{"embeddable":true,"href":"https:\/\/bisbalpenedes.com\/web\/wp-json\/wp\/v2\/media\/11331"}],"wp:attachment":[{"href":"https:\/\/bisbalpenedes.com\/web\/wp-json\/wp\/v2\/media?parent=11330"}],"wp:term":[{"taxonomy":"category","embeddable":true,"href":"https:\/\/bisbalpenedes.com\/web\/wp-json\/wp\/v2\/categories?post=11330"},{"taxonomy":"post_tag","embeddable":true,"href":"https:\/\/bisbalpenedes.com\/web\/wp-json\/wp\/v2\/tags?post=11330"}],"curies":[{"name":"wp","href":"https:\/\/api.w.org\/{rel}","templated":true}]}}