{"id":11318,"date":"2019-12-02T15:28:06","date_gmt":"2019-12-02T14:28:06","guid":{"rendered":"http:\/\/bisbalpenedes.com\/web\/?p=11318"},"modified":"2019-12-02T15:50:15","modified_gmt":"2019-12-02T14:50:15","slug":"lajuntament-de-la-bisbal-del-penedes-dona-a-coneixer-els-productes-locals-a-les-empreses-dels-poligons-industrials-del-municipi","status":"publish","type":"post","link":"https:\/\/bisbalpenedes.com\/web\/2019\/12\/02\/lajuntament-de-la-bisbal-del-penedes-dona-a-coneixer-els-productes-locals-a-les-empreses-dels-poligons-industrials-del-municipi\/","title":{"rendered":"L\u2019Ajuntament de la Bisbal del Pened\u00e8s d\u00f3na a con\u00e8ixer els productes locals a les empreses dels pol\u00edgons industrials del municipi"},"content":{"rendered":"<p><a href=\"http:\/\/bisbalpenedes.com\/web\/wp-content\/uploads\/2019\/12\/DSC04652.jpg\"><img loading=\"lazy\" class=\"alignnone wp-image-11319 aligncenter\" src=\"http:\/\/bisbalpenedes.com\/web\/wp-content\/uploads\/2019\/12\/DSC04652-e1575296779132-1024x856.jpg\" alt=\"lot productes poligon 2019\" width=\"444\" height=\"371\" srcset=\"https:\/\/bisbalpenedes.com\/web\/wp-content\/uploads\/2019\/12\/DSC04652-e1575296779132-1024x856.jpg 1024w, https:\/\/bisbalpenedes.com\/web\/wp-content\/uploads\/2019\/12\/DSC04652-e1575296779132-600x502.jpg 600w, https:\/\/bisbalpenedes.com\/web\/wp-content\/uploads\/2019\/12\/DSC04652-e1575296779132-300x251.jpg 300w, https:\/\/bisbalpenedes.com\/web\/wp-content\/uploads\/2019\/12\/DSC04652-e1575296779132-768x642.jpg 768w\" sizes=\"(max-width: 444px) 100vw, 444px\" \/><\/a><\/p>\n<p style=\"text-align: justify;\"><span style=\"color: #000000;\">L\u2019alcaldessa Agn\u00e8s Ferr\u00e9 i la regidora de Comer\u00e7, Agricultura i Turisme, Judith Vidal, han fet entrega d\u2019un lot de productes del territori a diverses empreses dels pol\u00edgons industrials bisbalencs amb l\u2019objectiu de promoure i donar a con\u00e8ixer els productes locals.<\/span><\/p>\n<p style=\"text-align: justify;\"><span style=\"color: #000000;\">La regidora de Comer\u00e7, Agricultura i Turisme ha explicat que \u201cels membres de l\u2019equip de govern creiem fermament en els nostres productors, empreses i botigues. Per aix\u00f2, durant tot l\u2019any, l\u2019Ajuntament adquireix a la Bisbal els productes que ofereix en les festes, actes i celebracions al municipi. Ara, amb aquesta iniciativa, hem volgut fer un pas endavant i presentar els nostres productes a les empreses que treballen al pol\u00edgon\u201d. Segons la regidora \u201c\u00e9s interessant que les empreses dels pol\u00edgons coneguin el municipi i els seus productes, d\u2019una banda perqu\u00e8 tamb\u00e9 formen part del teixit del municipi i, de l\u2019altra, perqu\u00e8 si coneixen els nostres productes locals, \u00e9s molt m\u00e9s probable que els tinguin en compte a l\u2019hora de dur a terme aperitius, oferir refrigeris i esmorzars o confeccionar lots per a clients, col\u00b7laboradors o treballadors, per exemple, amb motiu de les festes nadalenques\u201d.<\/span><\/p>\n<p style=\"text-align: justify;\"><span style=\"color: #000000;\">El lot que s\u2019ha confeccionat enguany cont\u00e9 productes de botigues i productors locals \u2013 tals com vi, cava i oli de la Cooperativa de la Bisbal (Cellers Domenys); pa de mig, cuit al forn de llenya del Forn de les Escales; coca enramada del Forn Aresmar; Olis amb aromes d\u2019Oli Torclum; Cal\u00e7ots de la Fruiteria Montserrat; fruita de la Fruiteria Agroverd; fuet de producci\u00f3 pr\u00f2pia del Supermercat Jaume; i botifarra de pag\u00e8s blanca i negra de Cal Perebusquet. La intenci\u00f3 de l\u2019Ajuntament \u00e9s poder donar continu\u00eftat a aquesta iniciativa incorporant altres tipus d\u2019establiments locals, com ara botigues que no es dediquin a l\u2019alimentaci\u00f3 o restaurants.<\/span><\/p>\n<hr \/>\n<p style=\"text-align: justify;\"><span style=\"color: #000000;\"><strong>CASTELLANO |<\/strong> La alcaldesa Agn\u00e8s Ferr\u00e9 y la regidora de Comercio, Agricultura y Turismo, Judith Vidal, han hecho entrega de un lote de productos del territorio a varias empresas de los pol\u00edgonos industriales de la Bisbal con el objetivo de promover y dar a conocer los productos locales.<\/span><\/p>\n<p style=\"text-align: justify;\"><span style=\"color: #000000;\">La concejala de Comercio, Agricultura y Turismo ha explicado que \u201clos miembros del equipo de gobierno creemos firmemente en nuestros productores, empresas y tiendas. Por eso, durante todo el a\u00f1o el Ayuntamiento adquiere en la Bisbal los productos que ofrece en las fiestas, actos y celebraciones del municipio. Ahora, con esta iniciativa, hemos querido dar un paso adelante y presentar nuestros productos a las empresas que trabajan en el pol\u00edgono\u201d. Seg\u00fan la regidora \u201ces interesante que las empresas de los pol\u00edgonos conozcan el municipio y sus productos, por un lado porqu\u00e9 tambi\u00e9n forman parte del tejido del municipio y, por otro, porqu\u00e9 si conocen nuestros productos locales, es mucho m\u00e1s probable que los tengan en cuenta a en el momento de hacer aperitivos, ofrecer refrigerios y almuerzos o confeccionar lotes para clientes, colaboradores o trabajadores, por ejemplo, con motivo de las fiestas navide\u00f1as\u201d.<\/span><\/p>\n<p style=\"text-align: justify;\"><span style=\"color: #000000;\">El lote que se ha confeccionado este a\u00f1o contiene productos de tiendas y productores locales \u2013 tales como vino, cava y aceite de la Cooperativa de la Bisbal (Cellers Domenys); pan de medio, cocido al horno de le\u00f1a del Forn de les Escales, coca enramada del Forn Aresmar; Aceites con aromas de Oli Torclum; cal\u00e7ots de la Fruiteria Montserrat; fruta de la Fruiteria Agroverd; fuet de producci\u00f3n propia del Supermercat Jaume; y butifarra de pay\u00e9s blanca y negra de Cal Perebusquet. La intenci\u00f3n del Ayuntamiento es poder dar continuidad a esta iniciativa incorporando otros tipos de establecimientos locales, como por ejemplo tiendas que no se dediquen a la alimentaci\u00f3n o\u00a0restaurantes.<\/span><\/p>\n","protected":false},"excerpt":{"rendered":"<p>L\u2019alcaldessa Agn\u00e8s Ferr\u00e9 i la regidora de Comer\u00e7, Agricultura i Turisme, Judith Vidal, han fet entrega d\u2019un lot de productes del territori a diverses empreses dels pol\u00edgons industrials bisbalencs amb &hellip; <a href=\"https:\/\/bisbalpenedes.com\/web\/2019\/12\/02\/lajuntament-de-la-bisbal-del-penedes-dona-a-coneixer-els-productes-locals-a-les-empreses-dels-poligons-industrials-del-municipi\/\" class=\"more-link\">Read More<\/a><\/p>\n","protected":false},"author":4,"featured_media":11319,"comment_status":"closed","ping_status":"closed","sticky":false,"template":"","format":"standard","meta":[],"categories":[3124,3126,2511],"tags":[162,3389,3387,446,3390,2641,3388],"_links":{"self":[{"href":"https:\/\/bisbalpenedes.com\/web\/wp-json\/wp\/v2\/posts\/11318"}],"collection":[{"href":"https:\/\/bisbalpenedes.com\/web\/wp-json\/wp\/v2\/posts"}],"about":[{"href":"https:\/\/bisbalpenedes.com\/web\/wp-json\/wp\/v2\/types\/post"}],"author":[{"embeddable":true,"href":"https:\/\/bisbalpenedes.com\/web\/wp-json\/wp\/v2\/users\/4"}],"replies":[{"embeddable":true,"href":"https:\/\/bisbalpenedes.com\/web\/wp-json\/wp\/v2\/comments?post=11318"}],"version-history":[{"count":1,"href":"https:\/\/bisbalpenedes.com\/web\/wp-json\/wp\/v2\/posts\/11318\/revisions"}],"predecessor-version":[{"id":11320,"href":"https:\/\/bisbalpenedes.com\/web\/wp-json\/wp\/v2\/posts\/11318\/revisions\/11320"}],"wp:featuredmedia":[{"embeddable":true,"href":"https:\/\/bisbalpenedes.com\/web\/wp-json\/wp\/v2\/media\/11319"}],"wp:attachment":[{"href":"https:\/\/bisbalpenedes.com\/web\/wp-json\/wp\/v2\/media?parent=11318"}],"wp:term":[{"taxonomy":"category","embeddable":true,"href":"https:\/\/bisbalpenedes.com\/web\/wp-json\/wp\/v2\/categories?post=11318"},{"taxonomy":"post_tag","embeddable":true,"href":"https:\/\/bisbalpenedes.com\/web\/wp-json\/wp\/v2\/tags?post=11318"}],"curies":[{"name":"wp","href":"https:\/\/api.w.org\/{rel}","templated":true}]}}