{"id":11312,"date":"2019-12-02T12:51:44","date_gmt":"2019-12-02T11:51:44","guid":{"rendered":"http:\/\/bisbalpenedes.com\/web\/?p=11312"},"modified":"2019-12-02T12:59:45","modified_gmt":"2019-12-02T11:59:45","slug":"la-nova-junta-de-la-societat-cultural-i-recreativa-bisbalenca-ha-donat-a-coneixer-la-seva-composicio-a-lajuntament","status":"publish","type":"post","link":"https:\/\/bisbalpenedes.com\/web\/2019\/12\/02\/la-nova-junta-de-la-societat-cultural-i-recreativa-bisbalenca-ha-donat-a-coneixer-la-seva-composicio-a-lajuntament\/","title":{"rendered":"La nova junta de la Societat Cultural i Recreativa Bisbalenca ha donat a con\u00e8ixer la seva composici\u00f3 a l&#8217;Ajuntament"},"content":{"rendered":"<figure id=\"attachment_11313\" aria-describedby=\"caption-attachment-11313\" style=\"width: 630px\" class=\"wp-caption aligncenter\"><a href=\"http:\/\/bisbalpenedes.com\/web\/wp-content\/uploads\/2019\/12\/DSC04634.jpg\"><img loading=\"lazy\" class=\"wp-image-11313 size-large\" src=\"http:\/\/bisbalpenedes.com\/web\/wp-content\/uploads\/2019\/12\/DSC04634-1024x768.jpg\" alt=\"NOVA JUNTA DE LA SOCIETAT 2019\" width=\"630\" height=\"473\" srcset=\"https:\/\/bisbalpenedes.com\/web\/wp-content\/uploads\/2019\/12\/DSC04634-1024x768.jpg 1024w, https:\/\/bisbalpenedes.com\/web\/wp-content\/uploads\/2019\/12\/DSC04634-600x450.jpg 600w, https:\/\/bisbalpenedes.com\/web\/wp-content\/uploads\/2019\/12\/DSC04634-300x225.jpg 300w, https:\/\/bisbalpenedes.com\/web\/wp-content\/uploads\/2019\/12\/DSC04634-768x576.jpg 768w\" sizes=\"(max-width: 630px) 100vw, 630px\" \/><\/a><figcaption id=\"caption-attachment-11313\" class=\"wp-caption-text\"><span style=\"color: #999999;\"><em>A la fotografia, l&#8217;alcaldessa Agn\u00e8s Ferr\u00e9; i la regidora de Cultura i Lleure, Judith Vidal, amb diversos membres de la junta: Josep Pascual (president); Jordi Ferran (secretari); N\u00faria Ventosa (tresorera); N\u00faria Domingo, Neus Montero, Anna Maria Jan\u00e9 i Josep Ferr\u00e9 (vocals). <\/em><\/span><\/figcaption><\/figure>\n<p style=\"text-align: justify;\"><span style=\"color: #000000;\">La Societat Cultural i Recreativa Bisbalenca ha renovat la seva junta i, per aquest motiu, part dels seus representants van personar-se a l\u2019Ajuntament de la Bisbal del Pened\u00e8s el passat dilluns 25 de novembre, amb l\u2019objectiu de presentar la nova composici\u00f3 de la junta a l\u2019alcaldessa Agn\u00e8s Ferr\u00e9 i la regidora de Cultura i Lleure, Judith Vidal.<\/span><\/p>\n<p style=\"text-align: justify;\"><span style=\"color: #000000;\">La nova junta est\u00e0 formada per:<\/span><\/p>\n<p style=\"text-align: justify; padding-left: 30px;\"><span style=\"color: #000000;\"><u>President:<\/u> Josep Pascual\u00a0<\/span><\/p>\n<p style=\"text-align: justify; padding-left: 30px;\"><span style=\"color: #000000;\"><u>Vicepresidenta<\/u>: \u00a0Anna Maria Jan\u00e9<u>\u00a0<\/u><\/span><\/p>\n<p style=\"text-align: justify; padding-left: 30px;\"><span style=\"color: #000000;\"><u>Secretari:<\/u> \u00a0Jordi Ferran<\/span><\/p>\n<p style=\"text-align: justify; padding-left: 30px;\"><span style=\"color: #000000;\"><u>Tresorera:<\/u> N\u00faria Ventosa<\/span><\/p>\n<p style=\"text-align: justify; padding-left: 30px;\"><span style=\"color: #000000;\"><u>Vocals:<\/u> N\u00faria Domingo, Josep Ferr\u00e9, Neus Montero, Jordi Pascual, Josep Pros, Isabel Perales i Francesc Riambau<\/span><\/p>\n<hr \/>\n<p style=\"text-align: justify;\"><span style=\"color: #000000;\"><strong>CASTELLANO |<\/strong> La Societat Cultural i Recreativa Bisbalenca ha renovado su junta y, por este motivo, parte de sus representantes se personaron en el Ayuntamiento de la Bisbal del Pened\u00e8s el pasado lunes 25 de noviembre, con el objetivo de presentar la nueva composici\u00f3n de la junta a la alcaldesa Agn\u00e8s Ferr\u00e9 y la regidora de Cultura y Ocio, Judith Vidal.<\/span><\/p>\n<p style=\"text-align: justify;\"><span style=\"color: #000000;\">La nueva junta est\u00e1 formada por:<\/span><\/p>\n<p style=\"text-align: justify; padding-left: 30px;\"><span style=\"color: #000000;\">Presidente: Josep Pascual<\/span><\/p>\n<p style=\"text-align: justify; padding-left: 30px;\"><span style=\"color: #000000;\">Vicepresidenta: Anna Maria Jan\u00e9<\/span><\/p>\n<p style=\"text-align: justify; padding-left: 30px;\"><span style=\"color: #000000;\">Secretario: Jordi Ferran<\/span><\/p>\n<p style=\"text-align: justify; padding-left: 30px;\"><span style=\"color: #000000;\">Tesorera: N\u00faria Ventosa<\/span><\/p>\n<p style=\"text-align: justify; padding-left: 30px;\"><span style=\"color: #000000;\">Vocales: N\u00faria Domingo, Josep Ferr\u00e9, Neus Montero, Jordi Pascual, Josep Pros, Isabel Perales y Francesc Riambau<\/span><\/p>\n<p>&nbsp;<\/p>\n","protected":false},"excerpt":{"rendered":"<p>La Societat Cultural i Recreativa Bisbalenca ha renovat la seva junta i, per aquest motiu, part dels seus representants van personar-se a l\u2019Ajuntament de la Bisbal del Pened\u00e8s el passat &hellip; <a href=\"https:\/\/bisbalpenedes.com\/web\/2019\/12\/02\/la-nova-junta-de-la-societat-cultural-i-recreativa-bisbalenca-ha-donat-a-coneixer-la-seva-composicio-a-lajuntament\/\" class=\"more-link\">Read More<\/a><\/p>\n","protected":false},"author":4,"featured_media":11313,"comment_status":"closed","ping_status":"closed","sticky":false,"template":"","format":"standard","meta":[],"categories":[20,8],"tags":[1082,300,2776],"_links":{"self":[{"href":"https:\/\/bisbalpenedes.com\/web\/wp-json\/wp\/v2\/posts\/11312"}],"collection":[{"href":"https:\/\/bisbalpenedes.com\/web\/wp-json\/wp\/v2\/posts"}],"about":[{"href":"https:\/\/bisbalpenedes.com\/web\/wp-json\/wp\/v2\/types\/post"}],"author":[{"embeddable":true,"href":"https:\/\/bisbalpenedes.com\/web\/wp-json\/wp\/v2\/users\/4"}],"replies":[{"embeddable":true,"href":"https:\/\/bisbalpenedes.com\/web\/wp-json\/wp\/v2\/comments?post=11312"}],"version-history":[{"count":4,"href":"https:\/\/bisbalpenedes.com\/web\/wp-json\/wp\/v2\/posts\/11312\/revisions"}],"predecessor-version":[{"id":11317,"href":"https:\/\/bisbalpenedes.com\/web\/wp-json\/wp\/v2\/posts\/11312\/revisions\/11317"}],"wp:featuredmedia":[{"embeddable":true,"href":"https:\/\/bisbalpenedes.com\/web\/wp-json\/wp\/v2\/media\/11313"}],"wp:attachment":[{"href":"https:\/\/bisbalpenedes.com\/web\/wp-json\/wp\/v2\/media?parent=11312"}],"wp:term":[{"taxonomy":"category","embeddable":true,"href":"https:\/\/bisbalpenedes.com\/web\/wp-json\/wp\/v2\/categories?post=11312"},{"taxonomy":"post_tag","embeddable":true,"href":"https:\/\/bisbalpenedes.com\/web\/wp-json\/wp\/v2\/tags?post=11312"}],"curies":[{"name":"wp","href":"https:\/\/api.w.org\/{rel}","templated":true}]}}