{"id":11306,"date":"2019-12-02T12:12:54","date_gmt":"2019-12-02T11:12:54","guid":{"rendered":"http:\/\/bisbalpenedes.com\/web\/?p=11306"},"modified":"2019-12-02T12:24:33","modified_gmt":"2019-12-02T11:24:33","slug":"lalcaldessa-agnes-ferre-va-participar-en-la-tertulia-del-programa-penedes-en-xarxa-el-passat-dimarts-26-de-novembre","status":"publish","type":"post","link":"https:\/\/bisbalpenedes.com\/web\/2019\/12\/02\/lalcaldessa-agnes-ferre-va-participar-en-la-tertulia-del-programa-penedes-en-xarxa-el-passat-dimarts-26-de-novembre\/","title":{"rendered":"L&#8217;alcaldessa Agn\u00e8s Ferr\u00e9 va participar en la tert\u00falia del programa &#8216;Pened\u00e8s en Xarxa&#8217; el passat dimarts 26 de novembre"},"content":{"rendered":"<figure id=\"attachment_11307\" aria-describedby=\"caption-attachment-11307\" style=\"width: 630px\" class=\"wp-caption aligncenter\"><a href=\"http:\/\/bisbalpenedes.com\/web\/wp-content\/uploads\/2019\/12\/NURIA-SORRIBES-I-AGNES-FERRE.jpg\"><img loading=\"lazy\" class=\"wp-image-11307 size-large\" src=\"http:\/\/bisbalpenedes.com\/web\/wp-content\/uploads\/2019\/12\/NURIA-SORRIBES-I-AGNES-FERRE-1024x768.jpg\" alt=\"NURIA SORRIBES I AGNES FERRE\" width=\"630\" height=\"473\" srcset=\"https:\/\/bisbalpenedes.com\/web\/wp-content\/uploads\/2019\/12\/NURIA-SORRIBES-I-AGNES-FERRE-1024x768.jpg 1024w, https:\/\/bisbalpenedes.com\/web\/wp-content\/uploads\/2019\/12\/NURIA-SORRIBES-I-AGNES-FERRE-600x450.jpg 600w, https:\/\/bisbalpenedes.com\/web\/wp-content\/uploads\/2019\/12\/NURIA-SORRIBES-I-AGNES-FERRE-300x225.jpg 300w, https:\/\/bisbalpenedes.com\/web\/wp-content\/uploads\/2019\/12\/NURIA-SORRIBES-I-AGNES-FERRE-768x576.jpg 768w, https:\/\/bisbalpenedes.com\/web\/wp-content\/uploads\/2019\/12\/NURIA-SORRIBES-I-AGNES-FERRE.jpg 2016w\" sizes=\"(max-width: 630px) 100vw, 630px\" \/><\/a><figcaption id=\"caption-attachment-11307\" class=\"wp-caption-text\"><span style=\"color: #999999;\">N\u00faria Sorribes (1\u00aa tinenta d&#8217;alcaldia de l&#8217;Ajuntament del Montmell) i Agn\u00e8s Ferr\u00e9 (alcaldessa de la Bisbal del Pened\u00e8s) als estudis de Domenys R\u00e0dio<\/span><\/figcaption><\/figure>\n<p><span style=\"color: #000000;\">L\u2019alcaldessa Agn\u00e8s Ferr\u00e9 va participar, l\u2019endem\u00e0 de la commemoraci\u00f3 del Dia Internacional per a l&#8217;eliminaci\u00f3 de la viol\u00e8ncia vers les dones, en el magaz\u00edn matinal \u201cPened\u00e8s en Xarxa\u201d, que s\u2019emet a Domenys R\u00e0dio, Bellvei R\u00e0dio, R\u00e0dio Vilafranca, R\u00e0dio Sant Sadurn\u00ed i Canal 20 Ol\u00e8rdola i que compta amb el suport de La Xarxa de Comunicaci\u00f3 Local.<\/span><\/p>\n<p><span style=\"color: #000000;\">La batllessa bisbalenca va participar en una tert\u00falia del passat 26 de novembre, condu\u00efda per la periodista Lourdes Mero\u00f1o, juntament amb la primera tinenta d\u2019alcaldia de l\u2019Ajuntament del Montmell, N\u00faria Sorribes; l\u2019alcalde de Sant Sadurn\u00ed d&#8217;Anoia, Josep Maria Ribas; i la primera tinenta d\u2019alcaldia de l\u2019Ajuntament de Bellvei, N\u00faria G\u00fcell.<\/span><\/p>\n<p><span style=\"color: #000000;\">La tem\u00e0tica de la tert\u00falia es va centrar en la paritat i les dones com a representants pol\u00edtiques. Ferr\u00e9 va explicar que ella, com a representant p\u00fablica, no s\u2019ha trobat mai cap problema ni s\u2019ha sentit menyspreada pel fet de ser dona. L\u2019alcaldessa ha defensat que \u201cel respecte i predicar amb l\u2019exemple \u00e9s b\u00e0sic, a casa, a les institucions, al m\u00f3n empresarial, a l\u2019escola, a tot arreu. El respecte per la persona \u00e9s b\u00e0sic, independentment que sigui home o dona\u201d.<\/span><\/p>\n<p><span style=\"color: #000000;\">Podeu escoltar el programa en aquest enlla\u00e7:<\/span> <a href=\"https:\/\/media.rtvvilafranca.cat\/podcast\/radio-vilafranca\/penedes-en-xarxa\/187594-20191126b.mp3\">https:\/\/media.rtvvilafranca.cat\/podcast\/radio-vilafranca\/penedes-en-xarxa\/187594-20191126b.mp3<\/a><\/p>\n<hr \/>\n<p><span style=\"color: #000000;\"><strong>CASTELLANO |<\/strong> La alcaldesa Agn\u00e8s Ferr\u00e9 particip\u00f3, al d\u00eda siguiente del d\u00eda de la conmemoraci\u00f3n del D\u00eda Internacional para la eliminaci\u00f3n de la violencia hacia las mujeres, en el magac\u00edn matinal \u201cPened\u00e8s en Xarxa\u201d, que se emite en Domenys R\u00e0dio, Bellvei R\u00e0dio, R\u00e0dio Vilaranca, R\u00e0dio Sant Sadurn\u00ed d&#8217;Anoia y Canal 20 Ol\u00e8rdola y que cuenta con el soporte de La Xarxa de Comunicaci\u00f3 Local.<\/span><\/p>\n<p><span style=\"color: #000000;\">La alcaldesa de la Bisbal del Pened\u00e8s particip\u00f3 en una tertulia del pasado 26 de noviembre, conducida por la periodista Lourdes Mero\u00f1o, junto con la primera teniente de alcald\u00eda del Ayuntamiento del\u00a0 Montmell, N\u00faria Sorribes; el alcalde de Sant Sadurn\u00ed, Josep Maria Ribas; y la primera teniente de alcald\u00eda del Ayuntamiento de Bellvei, N\u00faria G\u00fcell.<\/span><\/p>\n<p><span style=\"color: #000000;\">La tem\u00e1tica de la tertulia se centr\u00f3 en la paridad y en las mujeres como representantes pol\u00edticas. Ferr\u00e9 explic\u00f3 que ella, como representante p\u00fablica, no se ha encontrado nunca ning\u00fan problema ni se ha sentido menospreciada por el hecho de ser mujer. La alcaldesa ha defendido que \u201cel respeto y predicar con el ejemplo es b\u00e1sico, en casa, en las instituciones, en el mundo empresarial, en la escuela, en todas partes. El respeto por la persona es b\u00e1sico, independientemente del hecho que sea hombre o mujer\u201d.<\/span><\/p>\n<p><span style=\"color: #000000;\">Pod\u00e9is escuchar el programa en este enlace:<\/span> <a href=\"https:\/\/media.rtvvilafranca.cat\/podcast\/radio-vilafranca\/penedes-en-xarxa\/187594-20191126b.mp3\">https:\/\/media.rtvvilafranca.cat\/podcast\/radio-vilafranca\/penedes-en-xarxa\/187594-20191126b.mp3<\/a><\/p>\n<p>&nbsp;<\/p>\n","protected":false},"excerpt":{"rendered":"<p>L\u2019alcaldessa Agn\u00e8s Ferr\u00e9 va participar, l\u2019endem\u00e0 de la commemoraci\u00f3 del Dia Internacional per a l&#8217;eliminaci\u00f3 de la viol\u00e8ncia vers les dones, en el magaz\u00edn matinal \u201cPened\u00e8s en Xarxa\u201d, que s\u2019emet &hellip; <a href=\"https:\/\/bisbalpenedes.com\/web\/2019\/12\/02\/lalcaldessa-agnes-ferre-va-participar-en-la-tertulia-del-programa-penedes-en-xarxa-el-passat-dimarts-26-de-novembre\/\" class=\"more-link\">Read More<\/a><\/p>\n","protected":false},"author":4,"featured_media":11307,"comment_status":"closed","ping_status":"closed","sticky":false,"template":"","format":"standard","meta":[],"categories":[2057,8],"tags":[3385,842,3384,2470,3386],"_links":{"self":[{"href":"https:\/\/bisbalpenedes.com\/web\/wp-json\/wp\/v2\/posts\/11306"}],"collection":[{"href":"https:\/\/bisbalpenedes.com\/web\/wp-json\/wp\/v2\/posts"}],"about":[{"href":"https:\/\/bisbalpenedes.com\/web\/wp-json\/wp\/v2\/types\/post"}],"author":[{"embeddable":true,"href":"https:\/\/bisbalpenedes.com\/web\/wp-json\/wp\/v2\/users\/4"}],"replies":[{"embeddable":true,"href":"https:\/\/bisbalpenedes.com\/web\/wp-json\/wp\/v2\/comments?post=11306"}],"version-history":[{"count":4,"href":"https:\/\/bisbalpenedes.com\/web\/wp-json\/wp\/v2\/posts\/11306\/revisions"}],"predecessor-version":[{"id":11311,"href":"https:\/\/bisbalpenedes.com\/web\/wp-json\/wp\/v2\/posts\/11306\/revisions\/11311"}],"wp:featuredmedia":[{"embeddable":true,"href":"https:\/\/bisbalpenedes.com\/web\/wp-json\/wp\/v2\/media\/11307"}],"wp:attachment":[{"href":"https:\/\/bisbalpenedes.com\/web\/wp-json\/wp\/v2\/media?parent=11306"}],"wp:term":[{"taxonomy":"category","embeddable":true,"href":"https:\/\/bisbalpenedes.com\/web\/wp-json\/wp\/v2\/categories?post=11306"},{"taxonomy":"post_tag","embeddable":true,"href":"https:\/\/bisbalpenedes.com\/web\/wp-json\/wp\/v2\/tags?post=11306"}],"curies":[{"name":"wp","href":"https:\/\/api.w.org\/{rel}","templated":true}]}}