{"id":11301,"date":"2019-12-02T12:02:59","date_gmt":"2019-12-02T11:02:59","guid":{"rendered":"http:\/\/bisbalpenedes.com\/web\/?p=11301"},"modified":"2019-12-02T12:03:23","modified_gmt":"2019-12-02T11:03:23","slug":"actes-amb-motiu-de-la-marato-de-tv3-previstos-per-al-diumenge-15-de-desembre","status":"publish","type":"post","link":"https:\/\/bisbalpenedes.com\/web\/2019\/12\/02\/actes-amb-motiu-de-la-marato-de-tv3-previstos-per-al-diumenge-15-de-desembre\/","title":{"rendered":"Actes amb motiu de la Marat\u00f3 de TV3 previstos per al diumenge 15 de desembre"},"content":{"rendered":"<p style=\"text-align: justify;\"><span style=\"color: #000000;\">Un any m\u00e9s, la Bisbal del Pened\u00e8s se solidaritzar\u00e0 amb la Marat\u00f3 de TV3 amb diversos actes que se celebraran el diumenge 15 de desembre. Tots els diners recaptats seran destinats a la lluita contra les malalties minorit\u00e0ries. Podeu trobar la informaci\u00f3 i els horaris en el cartell adjunt.<\/span><\/p>\n<p style=\"text-align: justify;\"><span style=\"color: #000000;\">A la<\/span> <a href=\"https:\/\/www.facebook.com\/ruthasesora\/\" target=\"_blank\">p\u00e0gina de Facebook de l&#8217;Associaci\u00f3 de Dones La Roca Foradada<\/a> <span style=\"color: #000000;\">podreu trobar informaci\u00f3 sobre el dinar i la venda de tiquets.<\/span><\/p>\n<hr \/>\n<p style=\"text-align: justify;\"><span style=\"color: #000000;\"><strong>CASTELLANO |<\/strong>\u00a0Un a\u00f1o m\u00e1s, la Bisbal del Pened\u00e8s se solidarizar\u00e1 con la Marat\u00f3 de TV3 con varios\u00a0 actos que se celebrar\u00e1n el domingo 15 de diciembre. Todo el dinero recaudado ser\u00e1 destinado a la lucha contra las enfermedades minoritarias. Pod\u00e9is encontrar la informaci\u00f3n y los horarios en el cartel adjunto.\u00a0<\/span><\/p>\n<p style=\"text-align: justify;\"><span style=\"color: #000000;\">En la<\/span> <a href=\"https:\/\/www.facebook.com\/ruthasesora\/\" target=\"_blank\">p\u00e1gina de Facebook de la Associaci\u00f3 de Dones La Roca Foradada<\/a> <span style=\"color: #000000;\">pod\u00e9is encontrar informaci\u00f3n sobre la comida y la venta de tiques.<\/span><\/p>\n<p><a href=\"http:\/\/bisbalpenedes.com\/web\/wp-content\/uploads\/2019\/12\/MARATO-2019-POSTERdef.jpg\"><img loading=\"lazy\" class=\"alignnone size-large wp-image-11303\" src=\"http:\/\/bisbalpenedes.com\/web\/wp-content\/uploads\/2019\/12\/MARATO-2019-POSTERdef-724x1024.jpg\" alt=\"MARATO-2019-POSTERdef\" width=\"630\" height=\"891\" srcset=\"https:\/\/bisbalpenedes.com\/web\/wp-content\/uploads\/2019\/12\/MARATO-2019-POSTERdef-724x1024.jpg 724w, https:\/\/bisbalpenedes.com\/web\/wp-content\/uploads\/2019\/12\/MARATO-2019-POSTERdef-600x848.jpg 600w, https:\/\/bisbalpenedes.com\/web\/wp-content\/uploads\/2019\/12\/MARATO-2019-POSTERdef-212x300.jpg 212w, https:\/\/bisbalpenedes.com\/web\/wp-content\/uploads\/2019\/12\/MARATO-2019-POSTERdef-768x1086.jpg 768w, https:\/\/bisbalpenedes.com\/web\/wp-content\/uploads\/2019\/12\/MARATO-2019-POSTERdef.jpg 1754w\" sizes=\"(max-width: 630px) 100vw, 630px\" \/><\/a><\/p>\n","protected":false},"excerpt":{"rendered":"<p>Un any m\u00e9s, la Bisbal del Pened\u00e8s se solidaritzar\u00e0 amb la Marat\u00f3 de TV3 amb diversos actes que se celebraran el diumenge 15 de desembre. Tots els diners recaptats seran &hellip; <a href=\"https:\/\/bisbalpenedes.com\/web\/2019\/12\/02\/actes-amb-motiu-de-la-marato-de-tv3-previstos-per-al-diumenge-15-de-desembre\/\" class=\"more-link\">Read More<\/a><\/p>\n","protected":false},"author":4,"featured_media":11303,"comment_status":"closed","ping_status":"closed","sticky":false,"template":"","format":"standard","meta":[],"categories":[1042,14],"tags":[1723,105,351,899,2624,3331],"_links":{"self":[{"href":"https:\/\/bisbalpenedes.com\/web\/wp-json\/wp\/v2\/posts\/11301"}],"collection":[{"href":"https:\/\/bisbalpenedes.com\/web\/wp-json\/wp\/v2\/posts"}],"about":[{"href":"https:\/\/bisbalpenedes.com\/web\/wp-json\/wp\/v2\/types\/post"}],"author":[{"embeddable":true,"href":"https:\/\/bisbalpenedes.com\/web\/wp-json\/wp\/v2\/users\/4"}],"replies":[{"embeddable":true,"href":"https:\/\/bisbalpenedes.com\/web\/wp-json\/wp\/v2\/comments?post=11301"}],"version-history":[{"count":2,"href":"https:\/\/bisbalpenedes.com\/web\/wp-json\/wp\/v2\/posts\/11301\/revisions"}],"predecessor-version":[{"id":11305,"href":"https:\/\/bisbalpenedes.com\/web\/wp-json\/wp\/v2\/posts\/11301\/revisions\/11305"}],"wp:featuredmedia":[{"embeddable":true,"href":"https:\/\/bisbalpenedes.com\/web\/wp-json\/wp\/v2\/media\/11303"}],"wp:attachment":[{"href":"https:\/\/bisbalpenedes.com\/web\/wp-json\/wp\/v2\/media?parent=11301"}],"wp:term":[{"taxonomy":"category","embeddable":true,"href":"https:\/\/bisbalpenedes.com\/web\/wp-json\/wp\/v2\/categories?post=11301"},{"taxonomy":"post_tag","embeddable":true,"href":"https:\/\/bisbalpenedes.com\/web\/wp-json\/wp\/v2\/tags?post=11301"}],"curies":[{"name":"wp","href":"https:\/\/api.w.org\/{rel}","templated":true}]}}