{"id":11295,"date":"2019-12-01T14:33:19","date_gmt":"2019-12-01T13:33:19","guid":{"rendered":"http:\/\/bisbalpenedes.com\/web\/?p=11295"},"modified":"2019-12-01T14:33:19","modified_gmt":"2019-12-01T13:33:19","slug":"tall-programat-daigua-a-la-riba-previst-per-al-dilluns-2-de-desembre-al-mati","status":"publish","type":"post","link":"https:\/\/bisbalpenedes.com\/web\/2019\/12\/01\/tall-programat-daigua-a-la-riba-previst-per-al-dilluns-2-de-desembre-al-mati\/","title":{"rendered":"Tall programat d&#8217;aigua a la Riba previst per al dilluns 2 de desembre al mat\u00ed"},"content":{"rendered":"<p>Av\u00eds d&#8217;interrupci\u00f3 del subministrament d&#8217;aigua a la Riba previst per dem\u00e0 dilluns 2 de desembre al mat\u00ed.<\/p>\n<p>&#8212;<\/p>\n<p>Aviso de interrupci\u00f3n del suministro de agua en la Riba previsto para ma\u00f1ana lunes 2 de diciembre por la ma\u00f1ana.<\/p>\n<p>&nbsp;<\/p>\n<p><a href=\"http:\/\/bisbalpenedes.com\/web\/wp-content\/uploads\/2019\/12\/D17CBF93-2C7D-4585-969D-4DDDCE880120.jpeg\"><img loading=\"lazy\" class=\"aligncenter size-medium wp-image-11296\" src=\"http:\/\/bisbalpenedes.com\/web\/wp-content\/uploads\/2019\/12\/D17CBF93-2C7D-4585-969D-4DDDCE880120-300x300.jpeg\" alt=\"D17CBF93-2C7D-4585-969D-4DDDCE880120\" width=\"300\" height=\"300\" srcset=\"https:\/\/bisbalpenedes.com\/web\/wp-content\/uploads\/2019\/12\/D17CBF93-2C7D-4585-969D-4DDDCE880120-300x300.jpeg 300w, https:\/\/bisbalpenedes.com\/web\/wp-content\/uploads\/2019\/12\/D17CBF93-2C7D-4585-969D-4DDDCE880120-100x100.jpeg 100w, https:\/\/bisbalpenedes.com\/web\/wp-content\/uploads\/2019\/12\/D17CBF93-2C7D-4585-969D-4DDDCE880120-600x600.jpeg 600w, https:\/\/bisbalpenedes.com\/web\/wp-content\/uploads\/2019\/12\/D17CBF93-2C7D-4585-969D-4DDDCE880120-150x150.jpeg 150w, https:\/\/bisbalpenedes.com\/web\/wp-content\/uploads\/2019\/12\/D17CBF93-2C7D-4585-969D-4DDDCE880120-768x768.jpeg 768w, https:\/\/bisbalpenedes.com\/web\/wp-content\/uploads\/2019\/12\/D17CBF93-2C7D-4585-969D-4DDDCE880120-1024x1024.jpeg 1024w, https:\/\/bisbalpenedes.com\/web\/wp-content\/uploads\/2019\/12\/D17CBF93-2C7D-4585-969D-4DDDCE880120.jpeg 1656w\" sizes=\"(max-width: 300px) 100vw, 300px\" \/><\/a><\/p>\n","protected":false},"excerpt":{"rendered":"<p>Av\u00eds d&#8217;interrupci\u00f3 del subministrament d&#8217;aigua a la Riba previst per dem\u00e0 dilluns 2 de desembre al mat\u00ed. &#8212; Aviso de interrupci\u00f3n del suministro de agua en la Riba previsto para &hellip; <a href=\"https:\/\/bisbalpenedes.com\/web\/2019\/12\/01\/tall-programat-daigua-a-la-riba-previst-per-al-dilluns-2-de-desembre-al-mati\/\" class=\"more-link\">Read More<\/a><\/p>\n","protected":false},"author":4,"featured_media":11296,"comment_status":"closed","ping_status":"closed","sticky":false,"template":"","format":"standard","meta":[],"categories":[1628],"tags":[161,649],"_links":{"self":[{"href":"https:\/\/bisbalpenedes.com\/web\/wp-json\/wp\/v2\/posts\/11295"}],"collection":[{"href":"https:\/\/bisbalpenedes.com\/web\/wp-json\/wp\/v2\/posts"}],"about":[{"href":"https:\/\/bisbalpenedes.com\/web\/wp-json\/wp\/v2\/types\/post"}],"author":[{"embeddable":true,"href":"https:\/\/bisbalpenedes.com\/web\/wp-json\/wp\/v2\/users\/4"}],"replies":[{"embeddable":true,"href":"https:\/\/bisbalpenedes.com\/web\/wp-json\/wp\/v2\/comments?post=11295"}],"version-history":[{"count":1,"href":"https:\/\/bisbalpenedes.com\/web\/wp-json\/wp\/v2\/posts\/11295\/revisions"}],"predecessor-version":[{"id":11297,"href":"https:\/\/bisbalpenedes.com\/web\/wp-json\/wp\/v2\/posts\/11295\/revisions\/11297"}],"wp:featuredmedia":[{"embeddable":true,"href":"https:\/\/bisbalpenedes.com\/web\/wp-json\/wp\/v2\/media\/11296"}],"wp:attachment":[{"href":"https:\/\/bisbalpenedes.com\/web\/wp-json\/wp\/v2\/media?parent=11295"}],"wp:term":[{"taxonomy":"category","embeddable":true,"href":"https:\/\/bisbalpenedes.com\/web\/wp-json\/wp\/v2\/categories?post=11295"},{"taxonomy":"post_tag","embeddable":true,"href":"https:\/\/bisbalpenedes.com\/web\/wp-json\/wp\/v2\/tags?post=11295"}],"curies":[{"name":"wp","href":"https:\/\/api.w.org\/{rel}","templated":true}]}}