{"id":11279,"date":"2019-11-22T17:27:37","date_gmt":"2019-11-22T16:27:37","guid":{"rendered":"http:\/\/bisbalpenedes.com\/web\/?p=11279"},"modified":"2019-11-22T17:27:37","modified_gmt":"2019-11-22T16:27:37","slug":"sha-convocat-un-ple-extraordinari-per-al-dimecres-27-de-novembre-a-les-19h","status":"publish","type":"post","link":"https:\/\/bisbalpenedes.com\/web\/2019\/11\/22\/sha-convocat-un-ple-extraordinari-per-al-dimecres-27-de-novembre-a-les-19h\/","title":{"rendered":"S&#8217;ha convocat  un Ple extraordinari per al dimecres 27 de novembre a les 19h"},"content":{"rendered":"<p style=\"text-align: justify;\"><span style=\"color: #000000;\">El dimecres 27 de novembre, a les 19h, se celebrar\u00e0 un Ple extraordinari a l&#8217;Ajuntament de la Bisbal del Pened\u00e8s.<\/span><\/p>\n<p style=\"text-align: justify;\"><span style=\"color: #000000;\">El Ple s\u2019ha convocat aquest divendres 22 de novembre a la tarda i, paral\u00b7lelament, l\u2019alcaldessa Agn\u00e8s Ferr\u00e9 ha convocat els portaveus de tots els grups pol\u00edtics municipals a una reuni\u00f3, que tindr\u00e0 lloc el proper\u00a0dimarts 26 de novembre al despatx d\u2019alcaldia, amb l\u2019objectiu de resoldre dubtes o fer aclariments sobre els pressupostos 2020. Val a dir que tots els regidors convocats al Ple tenen acc\u00e9s immediat, de forma telem\u00e0tica, a la documentaci\u00f3 relativa als punts que s\u2019abordaran al Ple des del moment que es fa la convocat\u00f2ria.<\/span><\/p>\n<p style=\"text-align: justify;\"><span style=\"text-decoration: underline; color: #000000;\"><strong>ORDRE DEL DIA<\/strong><\/span><\/p>\n<p style=\"text-align: justify;\"><span style=\"text-decoration: underline; color: #000000;\">1)Part resolutiva:<\/span><\/p>\n<ol style=\"text-align: justify;\">\n<li><span style=\"color: #000000;\">Elaboraci\u00f3 i aprovaci\u00f3 del pressupost per l&#8217;exercici 2020<\/span><\/li>\n<li><span style=\"color: #000000;\">Modificaci\u00f3 de cr\u00e8dit 4P\/2019<\/span><\/li>\n<li><span style=\"color: #000000;\">Modificaci\u00f3 de les indemnitzacions a favor dels membres de la Corporaci\u00f3 que no tenen dedicaci\u00f3 exclusiva ni parcial, per l&#8217;assist\u00e8ncia a les sessions dels \u00f2rgans col\u00b7legiats dels quals formen part<\/span><\/li>\n<li><span style=\"color: #000000;\">Operaci\u00f3 de delimitaci\u00f3 amb el terme municipal de Maslloren\u00e7<\/span><\/li>\n<li><span style=\"color: #000000;\">Operaci\u00f3 de delimitaci\u00f3 amb el terme municipal de Banyeres del Pened\u00e8s<\/span><\/li>\n<\/ol>\n<p style=\"text-align: justify;\"><span style=\"text-decoration: underline; color: #000000;\">2)Activitat de control:<\/span><\/p>\n<p style=\"padding-left: 30px; text-align: justify;\"><span style=\"color: #000000;\">6.\u00a0Termini mig de pagament 3r trim 2019<\/span><\/p>\n<p style=\"padding-left: 30px; text-align: justify;\"><span style=\"color: #000000;\">7. Execuci\u00f3 pressupost 3r trim 2019<\/span><\/p>\n<hr \/>\n<p style=\"text-align: justify;\"><span style=\"color: #000000;\"><strong>CASTELLANO |<\/strong> El mi\u00e9rcoles 27 de noviembre, a las 19h, se celebrar\u00e1 un Pleno extraordinario en el Ayuntamiento de la Bisbal del Pened\u00e8s.<\/span><\/p>\n<p style=\"text-align: justify;\"><span style=\"color: #000000;\">El Pleno se ha convocado este viernes 22 de noviembre por la tarde y, paralelamente, la alcaldesa Agn\u00e8s Ferr\u00e9 ha convocado a los portavoces de todos los grupos municipales a una reuni\u00f3n, que tendr\u00e1 lugar el pr\u00f3ximo martes 26 de noviembre en el despacho de alcald\u00eda, con el objetivo de resolver dudas o hacer aclaraciones sobre los presupuestos 2020. Cabe decir que todos los concejales convocados al Pleno tienen acceso inmediato, de forma telem\u00e1tica, a la documentaci\u00f3n relativa a los puntos que se abordar\u00e1n en el Pleno en el momento que se hace la convocatoria.\u00a0<\/span><\/p>\n<p style=\"text-align: justify;\"><span style=\"text-decoration: underline; color: #000000;\"><strong>ORDEN DEL D\u00cdA<\/strong><\/span><\/p>\n<p style=\"text-align: justify;\"><span style=\"text-decoration: underline; color: #000000;\">1)Parte resolutiva:<\/span><\/p>\n<ol style=\"text-align: justify;\">\n<li><span style=\"color: #000000;\">Elaboraci\u00f3n y aprobaci\u00f3n del presupuesto para el ejercicio 2020<\/span><\/li>\n<li><span style=\"color: #000000;\">Modificaci\u00f3n de cr\u00e9dito 4P\/2019<\/span><\/li>\n<li><span style=\"color: #000000;\">Modificaci\u00f3n de las indemnizaciones a favor de los miembros de la Corporaci\u00f3n que no tienen dedicaci\u00f3n exclusiva ni parcial, para la asistencia a las sesiones de los \u00f3rganos colegiados de los que forman parte.<\/span><\/li>\n<li><span style=\"color: #000000;\">Operaci\u00f3n de delimitaci\u00f3n con el t\u00e9rmino municipal de Maslloren\u00e7<\/span><\/li>\n<li><span style=\"color: #000000;\">Operaci\u00f3n de delimitaci\u00f3n con el t\u00e9rmino municipal de Banyeres del Pened\u00e8s<\/span><\/li>\n<\/ol>\n<p style=\"text-align: justify;\"><span style=\"text-decoration: underline; color: #000000;\">2)Actividad de control:<\/span><\/p>\n<p style=\"padding-left: 30px; text-align: justify;\"><span style=\"color: #000000;\">6. Plazo medio de pago 3\u00ba trim 2019<\/span><\/p>\n<p style=\"padding-left: 30px; text-align: justify;\"><span style=\"color: #000000;\">7. Ejecuci\u00f3n presupuesto 3\u00ba trim 2019<\/span><\/p>\n<p style=\"text-align: justify;\">\n","protected":false},"excerpt":{"rendered":"<p>El dimecres 27 de novembre, a les 19h, se celebrar\u00e0 un Ple extraordinari a l&#8217;Ajuntament de la Bisbal del Pened\u00e8s. El Ple s\u2019ha convocat aquest divendres 22 de novembre a &hellip; <a href=\"https:\/\/bisbalpenedes.com\/web\/2019\/11\/22\/sha-convocat-un-ple-extraordinari-per-al-dimecres-27-de-novembre-a-les-19h\/\" class=\"more-link\">Read More<\/a><\/p>\n","protected":false},"author":4,"featured_media":10917,"comment_status":"closed","ping_status":"closed","sticky":false,"template":"","format":"standard","meta":[],"categories":[8,2250],"tags":[2943,3256,2134,3382,1073,423,515,522],"_links":{"self":[{"href":"https:\/\/bisbalpenedes.com\/web\/wp-json\/wp\/v2\/posts\/11279"}],"collection":[{"href":"https:\/\/bisbalpenedes.com\/web\/wp-json\/wp\/v2\/posts"}],"about":[{"href":"https:\/\/bisbalpenedes.com\/web\/wp-json\/wp\/v2\/types\/post"}],"author":[{"embeddable":true,"href":"https:\/\/bisbalpenedes.com\/web\/wp-json\/wp\/v2\/users\/4"}],"replies":[{"embeddable":true,"href":"https:\/\/bisbalpenedes.com\/web\/wp-json\/wp\/v2\/comments?post=11279"}],"version-history":[{"count":3,"href":"https:\/\/bisbalpenedes.com\/web\/wp-json\/wp\/v2\/posts\/11279\/revisions"}],"predecessor-version":[{"id":11282,"href":"https:\/\/bisbalpenedes.com\/web\/wp-json\/wp\/v2\/posts\/11279\/revisions\/11282"}],"wp:featuredmedia":[{"embeddable":true,"href":"https:\/\/bisbalpenedes.com\/web\/wp-json\/wp\/v2\/media\/10917"}],"wp:attachment":[{"href":"https:\/\/bisbalpenedes.com\/web\/wp-json\/wp\/v2\/media?parent=11279"}],"wp:term":[{"taxonomy":"category","embeddable":true,"href":"https:\/\/bisbalpenedes.com\/web\/wp-json\/wp\/v2\/categories?post=11279"},{"taxonomy":"post_tag","embeddable":true,"href":"https:\/\/bisbalpenedes.com\/web\/wp-json\/wp\/v2\/tags?post=11279"}],"curies":[{"name":"wp","href":"https:\/\/api.w.org\/{rel}","templated":true}]}}