{"id":11271,"date":"2019-11-21T14:18:35","date_gmt":"2019-11-21T13:18:35","guid":{"rendered":"http:\/\/bisbalpenedes.com\/web\/?p=11271"},"modified":"2019-11-21T14:18:41","modified_gmt":"2019-11-21T13:18:41","slug":"premi-del-consell-social-de-la-urv-al-treball-de-recerca-duna-alumna-de-linstitut-coster-de-la-torre","status":"publish","type":"post","link":"https:\/\/bisbalpenedes.com\/web\/2019\/11\/21\/premi-del-consell-social-de-la-urv-al-treball-de-recerca-duna-alumna-de-linstitut-coster-de-la-torre\/","title":{"rendered":"Premi del Consell Social de  la URV al treball de recerca d&#8217;una alumna de l&#8217;Institut Coster de la Torre"},"content":{"rendered":"<figure id=\"attachment_11272\" aria-describedby=\"caption-attachment-11272\" style=\"width: 630px\" class=\"wp-caption aligncenter\"><a href=\"http:\/\/bisbalpenedes.com\/web\/wp-content\/uploads\/2019\/11\/BARTRINA-COSTER-DE-LA-TORRE-2019-RECERCA.jpg\"><img loading=\"lazy\" class=\"size-large wp-image-11272\" src=\"http:\/\/bisbalpenedes.com\/web\/wp-content\/uploads\/2019\/11\/BARTRINA-COSTER-DE-LA-TORRE-2019-RECERCA-1024x684.jpg\" alt=\"Toni Carrasco (tutor del treball), Maria Sancha (alumna) i Agn\u00e8s Ferr\u00e9 (alcaldessa de la Bisbal del Pened\u00e8s)\" width=\"630\" height=\"421\" srcset=\"https:\/\/bisbalpenedes.com\/web\/wp-content\/uploads\/2019\/11\/BARTRINA-COSTER-DE-LA-TORRE-2019-RECERCA-1024x684.jpg 1024w, https:\/\/bisbalpenedes.com\/web\/wp-content\/uploads\/2019\/11\/BARTRINA-COSTER-DE-LA-TORRE-2019-RECERCA-600x401.jpg 600w, https:\/\/bisbalpenedes.com\/web\/wp-content\/uploads\/2019\/11\/BARTRINA-COSTER-DE-LA-TORRE-2019-RECERCA-300x200.jpg 300w, https:\/\/bisbalpenedes.com\/web\/wp-content\/uploads\/2019\/11\/BARTRINA-COSTER-DE-LA-TORRE-2019-RECERCA-768x513.jpg 768w\" sizes=\"(max-width: 630px) 100vw, 630px\" \/><\/a><figcaption id=\"caption-attachment-11272\" class=\"wp-caption-text\">Toni Carrasco (tutor del treball), Maria Sancha (alumna) i Agn\u00e8s Ferr\u00e9 (alcaldessa de la Bisbal del Pened\u00e8s)<\/figcaption><\/figure>\n<p style=\"text-align: justify;\"><span style=\"color: #000000;\">L\u2019alcaldessa de la Bisbal del Pened\u00e8s, Agn\u00e8s Ferr\u00e9, i la regidora d\u2019Ensenyament, Leo Uceda, han assistit a l\u2019acte de lliurament dels premis Consell Social URV a Treballs de Recerca de centres de secund\u00e0ria. Aquest esdeveniment s\u2019ha celebrat aquest dimarts 19 de novembre al Teatre Bartrina de Reus i ha premiat la Maria Sancha, estudiant de l\u2019Institut Coster de la Torre, pel seu treball \u201cDiane Arbus: retrat d\u2019una fot\u00f2grafa\u201d<\/span><\/p>\n<p style=\"text-align: justify;\"><span style=\"color: #000000;\">El Consell Social de la URV va instaurar fa tretze anys aquests premis amb l\u2019objectiu de recon\u00e8ixer l\u2019esfor\u00e7 dels alumnes dels centres de secund\u00e0ria per aprendre a fer un bon treball de recerca, rigor\u00f3s i de qualitat.<\/span><\/p>\n<p style=\"text-align: justify;\"><span style=\"color: #000000;\">Des de l\u2019Ajuntament de la Bisbal del Pened\u00e8s felicitem la Maria i els docents del centre educatiu bisbalenc, aix\u00ed com la seva direcci\u00f3, per aquest premi.\u00a0Donem tamb\u00e9 l\u2019enhorabona al tutor del treball premiat, Toni Carrasco.<\/span><\/p>\n<hr \/>\n<p style=\"text-align: justify;\"><span style=\"color: #000000;\"><strong>CASTELLANO |<\/strong> La alcaldesa de la Bisbal del Pened\u00e8s, Agn\u00e8s Ferr\u00e9, y la regidora de Educaci\u00f3n, Leo Uceda, han asistido al acto de entrega de los premios Consell Social URV a Trabajos de Investigaci\u00f3n de centros de secundaria. Este evento se ha celebrado este martes 19 de noviembre en el Teatre Bartrina de Reus y ha premiado a Mar\u00eda Sancha, estudiante del Institut Coster de la Torre, por su trabajo \u201cDiane Arbus: retrat d\u2019una fot\u00f2grafa\u201d.<\/span><\/p>\n<p style=\"text-align: justify;\"><span style=\"color: #000000;\">El Consell Social de la URV instaur\u00f3 hace trece a\u00f1os estos premios con el objetivo de reconocer el esfuerzo de los alumnos de los centros de secundaria para aprender a hacer un buen trabajo de investigaci\u00f3n, riguroso y de calidad.<\/span><\/p>\n<p style=\"text-align: justify;\"><span style=\"color: #000000;\">Desde el Ayuntamiento de la Bisbal del Pened\u00e8s felicitamos a Mar\u00eda y a los docentes del centro educativo de la Bisbal, as\u00ed como a su direcci\u00f3n, por este premio. Damos tambi\u00e9n la enhorabuena al tutor de trabajo premiado, Toni Carrasco.<\/span><\/p>\n","protected":false},"excerpt":{"rendered":"<p>L\u2019alcaldessa de la Bisbal del Pened\u00e8s, Agn\u00e8s Ferr\u00e9, i la regidora d\u2019Ensenyament, Leo Uceda, han assistit a l\u2019acte de lliurament dels premis Consell Social URV a Treballs de Recerca de &hellip; <a href=\"https:\/\/bisbalpenedes.com\/web\/2019\/11\/21\/premi-del-consell-social-de-la-urv-al-treball-de-recerca-duna-alumna-de-linstitut-coster-de-la-torre\/\" class=\"more-link\">Read More<\/a><\/p>\n","protected":false},"author":4,"featured_media":11272,"comment_status":"closed","ping_status":"closed","sticky":false,"template":"","format":"standard","meta":[],"categories":[2397],"tags":[274,1475,3381,1214],"_links":{"self":[{"href":"https:\/\/bisbalpenedes.com\/web\/wp-json\/wp\/v2\/posts\/11271"}],"collection":[{"href":"https:\/\/bisbalpenedes.com\/web\/wp-json\/wp\/v2\/posts"}],"about":[{"href":"https:\/\/bisbalpenedes.com\/web\/wp-json\/wp\/v2\/types\/post"}],"author":[{"embeddable":true,"href":"https:\/\/bisbalpenedes.com\/web\/wp-json\/wp\/v2\/users\/4"}],"replies":[{"embeddable":true,"href":"https:\/\/bisbalpenedes.com\/web\/wp-json\/wp\/v2\/comments?post=11271"}],"version-history":[{"count":1,"href":"https:\/\/bisbalpenedes.com\/web\/wp-json\/wp\/v2\/posts\/11271\/revisions"}],"predecessor-version":[{"id":11273,"href":"https:\/\/bisbalpenedes.com\/web\/wp-json\/wp\/v2\/posts\/11271\/revisions\/11273"}],"wp:featuredmedia":[{"embeddable":true,"href":"https:\/\/bisbalpenedes.com\/web\/wp-json\/wp\/v2\/media\/11272"}],"wp:attachment":[{"href":"https:\/\/bisbalpenedes.com\/web\/wp-json\/wp\/v2\/media?parent=11271"}],"wp:term":[{"taxonomy":"category","embeddable":true,"href":"https:\/\/bisbalpenedes.com\/web\/wp-json\/wp\/v2\/categories?post=11271"},{"taxonomy":"post_tag","embeddable":true,"href":"https:\/\/bisbalpenedes.com\/web\/wp-json\/wp\/v2\/tags?post=11271"}],"curies":[{"name":"wp","href":"https:\/\/api.w.org\/{rel}","templated":true}]}}