{"id":11264,"date":"2019-11-21T13:03:28","date_gmt":"2019-11-21T12:03:28","guid":{"rendered":"http:\/\/bisbalpenedes.com\/web\/?p=11264"},"modified":"2019-11-21T13:13:38","modified_gmt":"2019-11-21T12:13:38","slug":"nova-oferta-laboral-del-programa-enfeinat-del-consell-comarcal-del-baix-penedes","status":"publish","type":"post","link":"https:\/\/bisbalpenedes.com\/web\/2019\/11\/21\/nova-oferta-laboral-del-programa-enfeinat-del-consell-comarcal-del-baix-penedes\/","title":{"rendered":"Nova oferta laboral del programa Enfeina&#8217;t del Consell Comarcal del Baix Pened\u00e8s"},"content":{"rendered":"<p><a href=\"http:\/\/bisbalpenedes.com\/web\/wp-content\/uploads\/2019\/11\/NOTA-PREMSA-ENFEINAT_CCBP.jpg\"><img loading=\"lazy\" class=\"aligncenter wp-image-11265 size-large\" src=\"http:\/\/bisbalpenedes.com\/web\/wp-content\/uploads\/2019\/11\/NOTA-PREMSA-ENFEINAT_CCBP-e1574338050557-773x1024.jpg\" alt=\"NOTA PREMSA ENFEINA'T_CCBP\" width=\"630\" height=\"835\" srcset=\"https:\/\/bisbalpenedes.com\/web\/wp-content\/uploads\/2019\/11\/NOTA-PREMSA-ENFEINAT_CCBP-e1574338050557-773x1024.jpg 773w, https:\/\/bisbalpenedes.com\/web\/wp-content\/uploads\/2019\/11\/NOTA-PREMSA-ENFEINAT_CCBP-e1574338050557-600x795.jpg 600w, https:\/\/bisbalpenedes.com\/web\/wp-content\/uploads\/2019\/11\/NOTA-PREMSA-ENFEINAT_CCBP-e1574338050557-226x300.jpg 226w, https:\/\/bisbalpenedes.com\/web\/wp-content\/uploads\/2019\/11\/NOTA-PREMSA-ENFEINAT_CCBP-e1574338050557-768x1017.jpg 768w, https:\/\/bisbalpenedes.com\/web\/wp-content\/uploads\/2019\/11\/NOTA-PREMSA-ENFEINAT_CCBP-e1574338050557.jpg 973w\" sizes=\"(max-width: 630px) 100vw, 630px\" \/><\/a><\/p>\n<p style=\"text-align: justify;\"><strong><span style=\"text-decoration: underline; color: #000000;\">Traducci\u00f3n\u00a0al castellano de la nota del Consell Comarcal del Baix Pened\u00e8s:<\/span><\/strong><\/p>\n<p style=\"text-align: justify;\"><span style=\"color: #000000;\"><strong>Nueva oferta laboral del programa Enfeina\u2019t<\/strong><\/span><\/p>\n<p style=\"text-align: justify;\"><span style=\"color: #000000;\">El Consell Comarcal del Baix Pened\u00e8s iniciar\u00e1, el pr\u00f3ximo 16 de diciembre, el programa Enfeina\u2019t en la comarca. Este programa permitir\u00e1 contratar a personas que actualmente est\u00e1n en el paro.<\/span><\/p>\n<p style=\"text-align: justify;\"><span style=\"color: #000000;\">Pueden ser destinatarias las personas en situaci\u00f3n de larga duraci\u00f3n, es decir, persona en desocupaci\u00f3n de larga duraci\u00f3n es <strong>la persona demandante inscrita en la Oficina de Treball un m\u00ednimo de 12 meses, continuados o no, dentro de un periodo de 18 meses<\/strong> que cumple esta condici\u00f3n y que cumple todos los requisitos legales para poder formalizar un contrato de trabajo en el momento de su firma.<\/span><\/p>\n<p style=\"text-align: justify;\"><span style=\"color: #000000;\">El periodo para presentar las solicitudes va del lunes que viene, d\u00eda 25 de noviembre, hasta el mi\u00e9rcoles 27 de noviembre, de 9.00h a 14.00h en el Consell Comarcal del Baix Pened\u00e8s, para 16 ofertas (12 peones y 2 auxiliares administrativos\/vas). Estas ofertas estar\u00e1n distribuidas entre los 14 municipios de la comarca.<\/span><\/p>\n<p style=\"text-align: justify;\"><span style=\"color: #000000;\">Para el resto de plazas (1 monitor\/a de tiempo libre para la gente mayor y 7 plazas de auxiliar administrativo\/a)j el periodo para presentar solicitudes ser\u00e1 del lunes 2 de diciembre al mi\u00e9rcoles 4 de diciembre, de 9.00h a 14.00h, en el Consell Comarcal del Baix Pened\u00e8s. En este caso, el puesto de trabajo para el\/la monitor\/a ser\u00e1 en Maslloren\u00e7 y las plazas de auxiliar administrativo\/a ser\u00e1n en el Consell Comarcal del Baix Pened\u00e8s.<\/span><\/p>\n<p style=\"text-align: justify;\"><span style=\"color: #000000;\">Las personas interesadas deber\u00e1n presentar, en el Consell Comaral del Baix Pened\u00e8s, la solicitud y los siguientes documentos: documento de identidad, curr\u00edculum vitae, certificado de vida laboral reciente.<\/span><\/p>\n<p style=\"text-align: justify;\"><span style=\"color: #000000;\">Este programa se realiza con la colaboraci\u00f3n de los 14 ayuntamientos de la comarca y est\u00e1 subvencionado por el Servei d\u2019Ocupaci\u00f3 de Catalunya (SOC) y el Servicio P\u00fablico de Empleo Estatal (SEPE).<\/span><\/p>\n<p style=\"text-align: justify;\"><span style=\"color: #000000;\">Para m\u00e1s informaci\u00f3n, dirig\u00edos al Consell Comarcal del Baix Pened\u00e8s o a los ayuntamientos de la comarca.<\/span><\/p>\n","protected":false},"excerpt":{"rendered":"<p>Traducci\u00f3n\u00a0al castellano de la nota del Consell Comarcal del Baix Pened\u00e8s: Nueva oferta laboral del programa Enfeina\u2019t El Consell Comarcal del Baix Pened\u00e8s iniciar\u00e1, el pr\u00f3ximo 16 de diciembre, el &hellip; <a href=\"https:\/\/bisbalpenedes.com\/web\/2019\/11\/21\/nova-oferta-laboral-del-programa-enfeinat-del-consell-comarcal-del-baix-penedes\/\" class=\"more-link\">Read More<\/a><\/p>\n","protected":false},"author":4,"featured_media":11265,"comment_status":"closed","ping_status":"closed","sticky":false,"template":"","format":"standard","meta":[],"categories":[8,9],"tags":[1689],"_links":{"self":[{"href":"https:\/\/bisbalpenedes.com\/web\/wp-json\/wp\/v2\/posts\/11264"}],"collection":[{"href":"https:\/\/bisbalpenedes.com\/web\/wp-json\/wp\/v2\/posts"}],"about":[{"href":"https:\/\/bisbalpenedes.com\/web\/wp-json\/wp\/v2\/types\/post"}],"author":[{"embeddable":true,"href":"https:\/\/bisbalpenedes.com\/web\/wp-json\/wp\/v2\/users\/4"}],"replies":[{"embeddable":true,"href":"https:\/\/bisbalpenedes.com\/web\/wp-json\/wp\/v2\/comments?post=11264"}],"version-history":[{"count":5,"href":"https:\/\/bisbalpenedes.com\/web\/wp-json\/wp\/v2\/posts\/11264\/revisions"}],"predecessor-version":[{"id":11270,"href":"https:\/\/bisbalpenedes.com\/web\/wp-json\/wp\/v2\/posts\/11264\/revisions\/11270"}],"wp:featuredmedia":[{"embeddable":true,"href":"https:\/\/bisbalpenedes.com\/web\/wp-json\/wp\/v2\/media\/11265"}],"wp:attachment":[{"href":"https:\/\/bisbalpenedes.com\/web\/wp-json\/wp\/v2\/media?parent=11264"}],"wp:term":[{"taxonomy":"category","embeddable":true,"href":"https:\/\/bisbalpenedes.com\/web\/wp-json\/wp\/v2\/categories?post=11264"},{"taxonomy":"post_tag","embeddable":true,"href":"https:\/\/bisbalpenedes.com\/web\/wp-json\/wp\/v2\/tags?post=11264"}],"curies":[{"name":"wp","href":"https:\/\/api.w.org\/{rel}","templated":true}]}}