{"id":11256,"date":"2019-11-21T11:01:19","date_gmt":"2019-11-21T10:01:19","guid":{"rendered":"http:\/\/bisbalpenedes.com\/web\/?p=11256"},"modified":"2019-11-21T11:01:19","modified_gmt":"2019-11-21T10:01:19","slug":"sobre-el-procediment-del-concurs-del-servei-de-bar-i-botiga-del-local-social-de-can-gordei","status":"publish","type":"post","link":"https:\/\/bisbalpenedes.com\/web\/2019\/11\/21\/sobre-el-procediment-del-concurs-del-servei-de-bar-i-botiga-del-local-social-de-can-gordei\/","title":{"rendered":"S&#8217;obre el procediment del concurs del servei de bar i botiga del local social de Can Gordei"},"content":{"rendered":"<p style=\"text-align: justify;\"><span style=\"color: #000000;\">L\u2019Ajuntament de la Bisbal del Pened\u00e8s informa que s\u2019obre el procediment per a la concessi\u00f3 d\u2019\u00fas privatiu del b\u00e9 de domini p\u00fablic del local social de Can Gordei per destinar-lo a bar i botiga.<\/span><\/p>\n<p style=\"text-align: justify;\"><span style=\"color: #000000;\">Des del dijous 21 de novembre i fins al 19 de desembre de 2019, el procediment estar\u00e0 en exposici\u00f3 p\u00fablica.<\/span><\/p>\n<p style=\"text-align: justify;\"><span style=\"color: #000000;\">Una vegada finalitzat el proc\u00e9s, si no hi ha al\u00b7legacions, s\u2019aprovar\u00e0 la licitaci\u00f3 del servei perqu\u00e8, durant 15 dies h\u00e0bils, les persones interessades puguin presentar la seva proposta d\u2019acord amb els plecs de prescripcions t\u00e8cniques i administratives. En cas de presentar-se al\u00b7legacions, els serveis t\u00e8cnics municipals hauran d\u2019emetre l\u2019informe corresponent i, posteriorment, s\u2019hauran de resoldre les al\u00b7legacions. En aquest cas, la licitaci\u00f3 del servei s\u2019aprovaria despr\u00e9s d\u2019aquest procediment.<\/span><\/p>\n<p style=\"text-align: justify;\"><span style=\"color: #000000;\">L\u2019anunci ja ha estat publicat al <a style=\"color: #000000;\" href=\"https:\/\/www.diputaciodetarragona.cat\/ebop\/index.php?op=anunci&amp;id=10516&amp;ebop_any=2019\">BOP<\/a> i a la <a style=\"color: #000000;\" href=\"https:\/\/bisbalpenedes.eadministracio.cat\/\">seu electr\u00f2nica<\/a> de l\u2019Ajuntament.<\/span><\/p>\n<p style=\"text-align: justify;\"><span style=\"color: #000000;\">Podeu consultar un resum dels plecs de prescripcions administratives i t\u00e8cniques aqu\u00ed -&gt; <a href=\"http:\/\/bisbalpenedes.com\/web\/wp-content\/uploads\/2019\/11\/RESUM-DELS-PLECS-DE-PRESCRIPCIONS-ADMINISTRATIVES-I-TeCNIQUES-LOCAL-SOCIAL-CAN-GORDEI.pdf\">RESUM DELS PLECS DE PRESCRIPCIONS ADMINISTRATIVES I TeCNIQUES-LOCAL SOCIAL CAN GORDEI<\/a><\/span><\/p>\n<h3 style=\"text-align: justify;\"><span style=\"color: #000000;\"><strong>[quote]L\u2019Ajuntament de la Bisbal informa que el servei de bar del local social de Can Gordei obrir\u00e0 fins al 31 de desembre de 2019. Posteriorment romandr\u00e0 tancat durant unes setmanes a fi i efecte de realitzar les revisions oportunes a l\u2019equipament i per fer el canvi de gesti\u00f3 del servei.[\/quote] <\/strong><\/span><\/h3>\n<hr \/>\n<p style=\"text-align: justify;\"><span style=\"color: #000000;\"><strong>CASTELLANO | <\/strong><strong>Se abre el procedimiento del concurso del servicio de bar y tienda del local social de Can Gordei<\/strong><\/span><\/p>\n<p style=\"text-align: justify;\"><span style=\"color: #000000;\">El Ayuntamiento de la Bisbal del Pened\u00e8s informa que se abre el procedimiento para la concesi\u00f3n de uso privativo del bien de dominio p\u00fablico del local social de Can Gordei para destinarlo a bar y tienda.<\/span><\/p>\n<p style=\"text-align: justify;\"><span style=\"color: #000000;\">Desde el jueves 21 de noviembre y hasta el 19 de diciembre del 2019, el procedimiento estar\u00e1 en exposici\u00f3n p\u00fablica.<\/span><\/p>\n<p style=\"text-align: justify;\"><span style=\"color: #000000;\">Una vez finalizado el proceso, si no hay alegaciones, se aprobar\u00e1 la licitaci\u00f3n del servicio para que, durante 15 d\u00edas h\u00e1biles, las personas interesadas puedan presentar su propuesta de acuerdo con los pliegos de prescripciones t\u00e9cnicas y administrativas. En caso de presentarse alegaciones, los servicios t\u00e9cnicos municipales deber\u00e1n emitir el informe correspondiente y, posteriormente, se deber\u00e1n resolver las alegaciones. En este caso, la licitaci\u00f3n del servicio se aprobar\u00eda despu\u00e9s de este procedimiento.<\/span><\/p>\n<p style=\"text-align: justify;\"><span style=\"color: #000000;\">El anuncio ya se ha publicado en el<\/span> <a href=\"https:\/\/www.diputaciodetarragona.cat\/ebop\/index.php?op=anunci&amp;id=10516&amp;ebop_any=2019\">BOP<\/a> <span style=\"color: #000000;\">y en la<\/span> <a href=\"https:\/\/bisbalpenedes.eadministracio.cat\/\">sede electr\u00f3nica<\/a> <span style=\"color: #000000;\">del Ayuntamiento.<\/span><\/p>\n<p style=\"text-align: justify;\"><span style=\"color: #000000;\">Pod\u00e9is consultar un resumen de los pliegos de prescripciones administrativas y t\u00e9cnicas aqu\u00ed -&gt;<\/span><a href=\"http:\/\/bisbalpenedes.com\/web\/wp-content\/uploads\/2019\/11\/RESUM-DELS-PLECS-DE-PRESCRIPCIONS-ADMINISTRATIVES-I-TeCNIQUES-LOCAL-SOCIAL-CAN-GORDEI.pdf\">RESUM DELS PLECS DE PRESCRIPCIONS ADMINISTRATIVES I TeCNIQUES-LOCAL SOCIAL CAN GORDEI<\/a><\/p>\n<h3 style=\"text-align: justify;\"><span style=\"color: #000000;\"><strong>[quote]El Ayuntamiento de la Bisbal informa de que el servicio de bar del local social de Can Gordei abrir\u00e1 hasta el 31 de diciembre del 2019. Posteriormente permanecer\u00e1 cerrado durante unas semanas con el fin de realizar las revisiones oportunas en el equipamiento y para hacer el cambio de gesti\u00f3n del servicio.[\/quote] <\/strong><\/span><\/h3>\n<p style=\"text-align: justify;\">\n<p style=\"text-align: justify;\">\n<p style=\"text-align: justify;\">\n<p style=\"text-align: justify;\">\n<p style=\"text-align: justify;\">\n<p style=\"text-align: justify;\">\n<p>&nbsp;<\/p>\n","protected":false},"excerpt":{"rendered":"<p>L\u2019Ajuntament de la Bisbal del Pened\u00e8s informa que s\u2019obre el procediment per a la concessi\u00f3 d\u2019\u00fas privatiu del b\u00e9 de domini p\u00fablic del local social de Can Gordei per destinar-lo &hellip; <a href=\"https:\/\/bisbalpenedes.com\/web\/2019\/11\/21\/sobre-el-procediment-del-concurs-del-servei-de-bar-i-botiga-del-local-social-de-can-gordei\/\" class=\"more-link\">Read More<\/a><\/p>\n","protected":false},"author":4,"featured_media":9609,"comment_status":"closed","ping_status":"closed","sticky":false,"template":"","format":"standard","meta":[],"categories":[2057,8],"tags":[140,3380,198,267,247],"_links":{"self":[{"href":"https:\/\/bisbalpenedes.com\/web\/wp-json\/wp\/v2\/posts\/11256"}],"collection":[{"href":"https:\/\/bisbalpenedes.com\/web\/wp-json\/wp\/v2\/posts"}],"about":[{"href":"https:\/\/bisbalpenedes.com\/web\/wp-json\/wp\/v2\/types\/post"}],"author":[{"embeddable":true,"href":"https:\/\/bisbalpenedes.com\/web\/wp-json\/wp\/v2\/users\/4"}],"replies":[{"embeddable":true,"href":"https:\/\/bisbalpenedes.com\/web\/wp-json\/wp\/v2\/comments?post=11256"}],"version-history":[{"count":4,"href":"https:\/\/bisbalpenedes.com\/web\/wp-json\/wp\/v2\/posts\/11256\/revisions"}],"predecessor-version":[{"id":11263,"href":"https:\/\/bisbalpenedes.com\/web\/wp-json\/wp\/v2\/posts\/11256\/revisions\/11263"}],"wp:featuredmedia":[{"embeddable":true,"href":"https:\/\/bisbalpenedes.com\/web\/wp-json\/wp\/v2\/media\/9609"}],"wp:attachment":[{"href":"https:\/\/bisbalpenedes.com\/web\/wp-json\/wp\/v2\/media?parent=11256"}],"wp:term":[{"taxonomy":"category","embeddable":true,"href":"https:\/\/bisbalpenedes.com\/web\/wp-json\/wp\/v2\/categories?post=11256"},{"taxonomy":"post_tag","embeddable":true,"href":"https:\/\/bisbalpenedes.com\/web\/wp-json\/wp\/v2\/tags?post=11256"}],"curies":[{"name":"wp","href":"https:\/\/api.w.org\/{rel}","templated":true}]}}