{"id":11251,"date":"2019-11-20T19:11:24","date_gmt":"2019-11-20T18:11:24","guid":{"rendered":"http:\/\/bisbalpenedes.com\/web\/?p=11251"},"modified":"2019-11-20T19:11:54","modified_gmt":"2019-11-20T18:11:54","slug":"la-regidoria-de-joventut-ha-participat-en-la-reunio-de-carrecs-electes-i-tecnics-de-joventut-del-baix-penedes","status":"publish","type":"post","link":"https:\/\/bisbalpenedes.com\/web\/2019\/11\/20\/la-regidoria-de-joventut-ha-participat-en-la-reunio-de-carrecs-electes-i-tecnics-de-joventut-del-baix-penedes\/","title":{"rendered":"La Regidoria de Joventut ha participat en la reuni\u00f3 de c\u00e0rrecs electes i t\u00e8cnics de Joventut del Baix Pened\u00e8s"},"content":{"rendered":"<p style=\"text-align: center;\"><a href=\"http:\/\/bisbalpenedes.com\/web\/wp-content\/uploads\/2019\/11\/TROBADA-JOVENTUT1.jpg\"><img loading=\"lazy\" class=\"alignnone size-large wp-image-11252\" src=\"http:\/\/bisbalpenedes.com\/web\/wp-content\/uploads\/2019\/11\/TROBADA-JOVENTUT1-1024x768.jpg\" alt=\"TROBADA JOVENTUT1\" width=\"630\" height=\"473\" srcset=\"https:\/\/bisbalpenedes.com\/web\/wp-content\/uploads\/2019\/11\/TROBADA-JOVENTUT1-1024x768.jpg 1024w, https:\/\/bisbalpenedes.com\/web\/wp-content\/uploads\/2019\/11\/TROBADA-JOVENTUT1-600x450.jpg 600w, https:\/\/bisbalpenedes.com\/web\/wp-content\/uploads\/2019\/11\/TROBADA-JOVENTUT1-300x225.jpg 300w, https:\/\/bisbalpenedes.com\/web\/wp-content\/uploads\/2019\/11\/TROBADA-JOVENTUT1-768x576.jpg 768w, https:\/\/bisbalpenedes.com\/web\/wp-content\/uploads\/2019\/11\/TROBADA-JOVENTUT1.jpg 2000w\" sizes=\"(max-width: 630px) 100vw, 630px\" \/><\/a><\/p>\n<p style=\"text-align: justify;\"><span style=\"color: #000000;\">El regidor de Joventut,\u00a0 F\u00e9lix Villaz\u00e1n; i la t\u00e8cnica de Joventut, Arantzazu Longares, van assistir a la reuni\u00f3 de c\u00e0rrecs electes i t\u00e8cnics de Joventut del Baix Pened\u00e8s que es va celebrar el passat dijous 14 de novembre a Cunit. La reuni\u00f3, organitzada des de la Conselleria de Joventut del Baix Pened\u00e8s, perseguia els objectius de \u201ccrear un espai per con\u00e8ixer i compartir els projectes que es realitzen des de l\u2019Oficina Jove del Baix Pened\u00e8s, i aix\u00ed poder valorar els que s\u2019han fet durant el 2019 i recollir propostes per preparar els de l\u2019any 2020\u201d.\u00a0 Durant la trobada es va fer una visita a l\u2019Espai Jove de Cunit i es van valorar i comentar, entre altres, els projectes del Pla Comarcal de Joventut 2019 i les l\u00ednies d\u2019actuaci\u00f3 del Pla Comarcal de Joventut 2020.<\/span><\/p>\n<p style=\"text-align: justify;\"><span style=\"color: #000000;\">El regidor de Joventut ha destacat que \u201caquestes reunions s\u00f3n molt profitoses perqu\u00e8 permeten crear sinergies entre els diversos actors que treballen en mat\u00e8ria de joventut a la comarca. El treball conjunt \u00e9s important i necessari, perqu\u00e8 ens ajuda a crear projectes m\u00e9s grans que, des de l\u2019\u00e0mbit municipal, serien molt m\u00e9s dif\u00edcils d\u2019assolir\u201d. Quant a la reuni\u00f3 en concret \u201chem posat fil a l\u2019agulla i pr\u00f2ximament farem una altra trobada en qu\u00e8 rebrem la mem\u00f2ria d\u2019activitats de l\u2019any 2019 i continuarem treballant les iniciatives que es duran a terme, en l\u2019\u00e0mbit comarcal, de cara a l\u2019any vinent\u201d.<\/span><\/p>\n<hr \/>\n<p style=\"text-align: justify;\"><span style=\"color: #000000;\"><strong>CASTELLANO |<\/strong> El concejal de Juventud, F\u00e9lix Villaz\u00e1n; y la t\u00e9cnica de Juventud, Arantzazu Longares, asistieron a la reuni\u00f3n de cargos electos y t\u00e9cnicos de Juventud del Baix Pened\u00e8s que se celebr\u00f3 el pasado jueves 14 de noviembre en Cunit. La reuni\u00f3n, organizada desde la Consejer\u00eda de Juventud del Baix Pened\u00e8s, persegu\u00eda los objetivos de \u201ccrear un espacio para conocer y compartir los proyectos que se realizan desde la Oficina Jove del Baix Pened\u00e8s, y as\u00ed poder valorar los que se han llevado a cabo durante el 2019 y recoger propuestas para preparar los del a\u00f1o 2020\u201d. Durante el encuentro se hizo una visita al Espai Jove de Cunit y se valoraron y comentaron, entre otros, los proyectos del Plan Comarcal de Juventud 2019 y las l\u00edneas de actuaci\u00f3n del Plan Comarcal de Juventud 2020.<\/span><\/p>\n<p style=\"text-align: justify;\"><span style=\"color: #000000;\">El concejal de Juventud ha destacado que \u201cestas reuniones son muy provechosas porqu\u00e9 permiten crear sinergias entre los distintos actores que trabajan en materia de juventud en la comarca. El trabajo conjunto es importante y necesario, porqu\u00e9 nos ayuda a crear proyectos m\u00e1s grandes que, desde el \u00e1mbito municipal, ser\u00edan muy dif\u00edciles de alcanzar\u201d. En cuanto a la reuni\u00f3n en concreto \u201cnos hemos puesto manos a la obra y pr\u00f3ximamente haremos otro encuentro en el que recibiremos la memoria de actividades del a\u00f1o 2019 y continuaremos trabajando las iniciativas que se llevar\u00e1n a cabo, a nivel \u00a0comarcal, de cara al a\u00f1o que viene\u201d.<\/span><\/p>\n<p><a href=\"http:\/\/bisbalpenedes.com\/web\/wp-content\/uploads\/2019\/11\/TROBADA-JOVENTUT-GENERAL.jpg\"><img loading=\"lazy\" class=\"aligncenter wp-image-11254 size-large\" src=\"http:\/\/bisbalpenedes.com\/web\/wp-content\/uploads\/2019\/11\/TROBADA-JOVENTUT-GENERAL-1024x768.jpg\" alt=\"TROBADA JOVENTUT GENERAL\" width=\"630\" height=\"473\" srcset=\"https:\/\/bisbalpenedes.com\/web\/wp-content\/uploads\/2019\/11\/TROBADA-JOVENTUT-GENERAL-1024x768.jpg 1024w, https:\/\/bisbalpenedes.com\/web\/wp-content\/uploads\/2019\/11\/TROBADA-JOVENTUT-GENERAL-600x450.jpg 600w, https:\/\/bisbalpenedes.com\/web\/wp-content\/uploads\/2019\/11\/TROBADA-JOVENTUT-GENERAL-300x225.jpg 300w, https:\/\/bisbalpenedes.com\/web\/wp-content\/uploads\/2019\/11\/TROBADA-JOVENTUT-GENERAL-768x576.jpg 768w, https:\/\/bisbalpenedes.com\/web\/wp-content\/uploads\/2019\/11\/TROBADA-JOVENTUT-GENERAL.jpg 2000w\" sizes=\"(max-width: 630px) 100vw, 630px\" \/><\/a><\/p>\n","protected":false},"excerpt":{"rendered":"<p>El regidor de Joventut,\u00a0 F\u00e9lix Villaz\u00e1n; i la t\u00e8cnica de Joventut, Arantzazu Longares, van assistir a la reuni\u00f3 de c\u00e0rrecs electes i t\u00e8cnics de Joventut del Baix Pened\u00e8s que es &hellip; <a href=\"https:\/\/bisbalpenedes.com\/web\/2019\/11\/20\/la-regidoria-de-joventut-ha-participat-en-la-reunio-de-carrecs-electes-i-tecnics-de-joventut-del-baix-penedes\/\" class=\"more-link\">Read More<\/a><\/p>\n","protected":false},"author":4,"featured_media":11252,"comment_status":"closed","ping_status":"closed","sticky":false,"template":"","format":"standard","meta":[],"categories":[1486],"tags":[459,1056,210,397,3379],"_links":{"self":[{"href":"https:\/\/bisbalpenedes.com\/web\/wp-json\/wp\/v2\/posts\/11251"}],"collection":[{"href":"https:\/\/bisbalpenedes.com\/web\/wp-json\/wp\/v2\/posts"}],"about":[{"href":"https:\/\/bisbalpenedes.com\/web\/wp-json\/wp\/v2\/types\/post"}],"author":[{"embeddable":true,"href":"https:\/\/bisbalpenedes.com\/web\/wp-json\/wp\/v2\/users\/4"}],"replies":[{"embeddable":true,"href":"https:\/\/bisbalpenedes.com\/web\/wp-json\/wp\/v2\/comments?post=11251"}],"version-history":[{"count":2,"href":"https:\/\/bisbalpenedes.com\/web\/wp-json\/wp\/v2\/posts\/11251\/revisions"}],"predecessor-version":[{"id":11255,"href":"https:\/\/bisbalpenedes.com\/web\/wp-json\/wp\/v2\/posts\/11251\/revisions\/11255"}],"wp:featuredmedia":[{"embeddable":true,"href":"https:\/\/bisbalpenedes.com\/web\/wp-json\/wp\/v2\/media\/11252"}],"wp:attachment":[{"href":"https:\/\/bisbalpenedes.com\/web\/wp-json\/wp\/v2\/media?parent=11251"}],"wp:term":[{"taxonomy":"category","embeddable":true,"href":"https:\/\/bisbalpenedes.com\/web\/wp-json\/wp\/v2\/categories?post=11251"},{"taxonomy":"post_tag","embeddable":true,"href":"https:\/\/bisbalpenedes.com\/web\/wp-json\/wp\/v2\/tags?post=11251"}],"curies":[{"name":"wp","href":"https:\/\/api.w.org\/{rel}","templated":true}]}}