{"id":11247,"date":"2019-11-20T18:00:42","date_gmt":"2019-11-20T17:00:42","guid":{"rendered":"http:\/\/bisbalpenedes.com\/web\/?p=11247"},"modified":"2019-11-20T18:01:02","modified_gmt":"2019-11-20T17:01:02","slug":"aquest-divendres-i-aquest-dissabte-tindra-lloc-el-gran-recapte-daliments","status":"publish","type":"post","link":"https:\/\/bisbalpenedes.com\/web\/2019\/11\/20\/aquest-divendres-i-aquest-dissabte-tindra-lloc-el-gran-recapte-daliments\/","title":{"rendered":"Aquest divendres i aquest dissabte tindr\u00e0 lloc el Gran Recapte d&#8217;Aliments"},"content":{"rendered":"<p><a href=\"http:\/\/bisbalpenedes.com\/web\/wp-content\/uploads\/2019\/11\/gran_recapte_2019_b.jpg\"><img loading=\"lazy\" class=\"alignnone size-medium wp-image-11248 aligncenter\" src=\"http:\/\/bisbalpenedes.com\/web\/wp-content\/uploads\/2019\/11\/gran_recapte_2019_b-212x300.jpg\" alt=\"gran_recapte_2019_b\" width=\"212\" height=\"300\" srcset=\"https:\/\/bisbalpenedes.com\/web\/wp-content\/uploads\/2019\/11\/gran_recapte_2019_b-212x300.jpg 212w, https:\/\/bisbalpenedes.com\/web\/wp-content\/uploads\/2019\/11\/gran_recapte_2019_b-600x849.jpg 600w, https:\/\/bisbalpenedes.com\/web\/wp-content\/uploads\/2019\/11\/gran_recapte_2019_b-768x1087.jpg 768w, https:\/\/bisbalpenedes.com\/web\/wp-content\/uploads\/2019\/11\/gran_recapte_2019_b-724x1024.jpg 724w, https:\/\/bisbalpenedes.com\/web\/wp-content\/uploads\/2019\/11\/gran_recapte_2019_b.jpg 1169w\" sizes=\"(max-width: 212px) 100vw, 212px\" \/><\/a><\/p>\n<p style=\"text-align: justify;\"><span style=\"color: #000000;\">La Bisbal del Pened\u00e8s participa, un any m\u00e9s, en el Gran Recapte. Aquesta acci\u00f3 persegueix l&#8217;objectiu de recollir aliments b\u00e0sics i productes d&#8217;higiene personal per abastir el Rebost Solidari. Els aliments que m\u00e9s es necessiten s\u00f3n conserves, oli, llet, menjars precuinats i productes d&#8217;higiene personal. La recollida es far\u00e0 els dies 22 i 23 de novembre al Supermercat Jaume, l&#8217;Aliprox i Cal Pere Busquet. Col\u00b7labora-hi!<\/span><\/p>\n<hr \/>\n<p style=\"text-align: justify;\"><span style=\"color: #000000;\"><strong>CASTELLANO |<\/strong> La Bisbal del Pened\u00e8s participa, un a\u00f1o m\u00e1s, en el Gran Recapte. Esta acci\u00f3n persigue el objetivo de recoger alimentos b\u00e1sicos y productos de higiene personal para abastecer el Rebost Solidari. Los alimentos que m\u00e1s se necesitan son conservas, aceite, leche, comidas precocinadas y productos de higiene personal. La recogida se har\u00e1 los d\u00edas 22 y 23 de noviembre en el Supermercat Jaume, el Aliprox y Cal Pere Busquet. \u00a1Colabora!<\/span><\/p>\n","protected":false},"excerpt":{"rendered":"<p>La Bisbal del Pened\u00e8s participa, un any m\u00e9s, en el Gran Recapte. Aquesta acci\u00f3 persegueix l&#8217;objectiu de recollir aliments b\u00e0sics i productes d&#8217;higiene personal per abastir el Rebost Solidari. Els &hellip; <a href=\"https:\/\/bisbalpenedes.com\/web\/2019\/11\/20\/aquest-divendres-i-aquest-dissabte-tindra-lloc-el-gran-recapte-daliments\/\" class=\"more-link\">Read More<\/a><\/p>\n","protected":false},"author":4,"featured_media":11248,"comment_status":"closed","ping_status":"closed","sticky":false,"template":"","format":"standard","meta":[],"categories":[975],"tags":[3374,3377,3378,2642,3375,2644,373,3376],"_links":{"self":[{"href":"https:\/\/bisbalpenedes.com\/web\/wp-json\/wp\/v2\/posts\/11247"}],"collection":[{"href":"https:\/\/bisbalpenedes.com\/web\/wp-json\/wp\/v2\/posts"}],"about":[{"href":"https:\/\/bisbalpenedes.com\/web\/wp-json\/wp\/v2\/types\/post"}],"author":[{"embeddable":true,"href":"https:\/\/bisbalpenedes.com\/web\/wp-json\/wp\/v2\/users\/4"}],"replies":[{"embeddable":true,"href":"https:\/\/bisbalpenedes.com\/web\/wp-json\/wp\/v2\/comments?post=11247"}],"version-history":[{"count":2,"href":"https:\/\/bisbalpenedes.com\/web\/wp-json\/wp\/v2\/posts\/11247\/revisions"}],"predecessor-version":[{"id":11250,"href":"https:\/\/bisbalpenedes.com\/web\/wp-json\/wp\/v2\/posts\/11247\/revisions\/11250"}],"wp:featuredmedia":[{"embeddable":true,"href":"https:\/\/bisbalpenedes.com\/web\/wp-json\/wp\/v2\/media\/11248"}],"wp:attachment":[{"href":"https:\/\/bisbalpenedes.com\/web\/wp-json\/wp\/v2\/media?parent=11247"}],"wp:term":[{"taxonomy":"category","embeddable":true,"href":"https:\/\/bisbalpenedes.com\/web\/wp-json\/wp\/v2\/categories?post=11247"},{"taxonomy":"post_tag","embeddable":true,"href":"https:\/\/bisbalpenedes.com\/web\/wp-json\/wp\/v2\/tags?post=11247"}],"curies":[{"name":"wp","href":"https:\/\/api.w.org\/{rel}","templated":true}]}}