{"id":11242,"date":"2019-11-20T13:40:20","date_gmt":"2019-11-20T12:40:20","guid":{"rendered":"http:\/\/bisbalpenedes.com\/web\/?p=11242"},"modified":"2019-11-20T13:40:20","modified_gmt":"2019-11-20T12:40:20","slug":"la-regidoria-de-sanitat-esta-preparant-els-actes-que-es-duran-a-terme-en-el-marc-de-la-marato-de-tv3","status":"publish","type":"post","link":"https:\/\/bisbalpenedes.com\/web\/2019\/11\/20\/la-regidoria-de-sanitat-esta-preparant-els-actes-que-es-duran-a-terme-en-el-marc-de-la-marato-de-tv3\/","title":{"rendered":"La Regidoria de Sanitat est\u00e0 preparant els actes que es duran a terme en el marc de la Marat\u00f3 de TV3"},"content":{"rendered":"<p><a href=\"http:\/\/bisbalpenedes.com\/web\/wp-content\/uploads\/2019\/11\/minories-que-fan-una-majoria-marato-2019-1.png\"><img loading=\"lazy\" class=\"wp-image-11244 aligncenter\" src=\"http:\/\/bisbalpenedes.com\/web\/wp-content\/uploads\/2019\/11\/minories-que-fan-una-majoria-marato-2019-1.png\" alt=\"minories que fan una majoria marato 2019\" width=\"438\" height=\"247\" srcset=\"https:\/\/bisbalpenedes.com\/web\/wp-content\/uploads\/2019\/11\/minories-que-fan-una-majoria-marato-2019-1.png 756w, https:\/\/bisbalpenedes.com\/web\/wp-content\/uploads\/2019\/11\/minories-que-fan-una-majoria-marato-2019-1-600x339.png 600w, https:\/\/bisbalpenedes.com\/web\/wp-content\/uploads\/2019\/11\/minories-que-fan-una-majoria-marato-2019-1-300x169.png 300w\" sizes=\"(max-width: 438px) 100vw, 438px\" \/><\/a><\/p>\n<p><span style=\"color: #000000;\">La Regidoria de Sanitat est\u00e0 ultimant els preparatius dels actes que es faran, enguany, en el marc de La Marat\u00f3 de TV3. Tots els actes es duran a terme el diumenge 15 de desembre i els diners recaptats seran destinats a la lluita contra les malalties minorit\u00e0ries. Poperament donarem a con\u00e8ixer els horaris i totes les entitats que hi participaran\u00a0. De moment us avancem els actes que es duran a terme a la Bisbal:<\/span><\/p>\n<p><span style=\"color: #000000;\">Per comen\u00e7ar, hi haur\u00e0 una caminada popular; en arribar a la pla\u00e7a de l&#8217;Esgl\u00e9sia hi haur\u00e0 most i, a continuaci\u00f3, la participaci\u00f3 de diverses entitats de la vila i al migdia es far\u00e0 un dinar, que anir\u00e0 a c\u00e0rrec de l&#8217;Associaci\u00f3 de Dones la Roca Foradada.\u00a0<\/span><\/p>\n<p><span style=\"color: #000000;\">El passat dia 5 de novembre la Biblioteca va acollir una xerrada dedicada a aquestes malalties. Si en voleu saber m\u00e9s, podeu entrar al web:\u00a0<\/span><a href=\"https:\/\/www.ccma.cat\/tv3\/marato\/2019\/230\/\" target=\"_blank\">https:\/\/www.ccma.cat\/tv3\/marato\/2019\/230\/<\/a><\/p>\n<hr \/>\n<p style=\"text-align: justify;\"><span style=\"color: #000000;\"><strong>CASTELLANO |<\/strong> La Concejal\u00eda de Sanidad est\u00e1 ultimando los preparativos de los actos que se har\u00e1n, este a\u00f1o, en el marco de La Marat\u00f3 de TV3. Todos los actos se llevar\u00e1n a cabo el domingo 15 de diciembre y el dinero recaudado ser\u00e1 destinado a la lucha contra las enfermedades minoritarias. Pr\u00f3ximamente daremos a conocer los horarios y todas las entidades que participar\u00e1n. De momento os avanzamos los actos que se llevar\u00e1n a cabo en la Bisbal.<\/span><\/p>\n<p style=\"text-align: justify;\"><span style=\"color: #000000;\">Para empezar, habr\u00e1 una caminada popular; al llegar a la plaza de la Iglesia habr\u00e1 mosto y, a continuaci\u00f3n, la participaci\u00f3n de varias entidades del municipio y a mediod\u00eda se har\u00e1 una comida, que ir\u00e1 a cargo de la <em>Associaci\u00f3 de Dones<\/em> la Roca Foradada.<\/span><\/p>\n<p style=\"text-align: justify;\"><span style=\"color: #000000;\">El pasado d\u00eda 5 de noviembre la Biblioteca acogi\u00f3 una charla dedicada a estas enfermedades. Si quer\u00e9is saber m\u00e1s, pod\u00e9is entrar a la web:\u00a0<\/span><a href=\"https:\/\/www.ccma.cat\/tv3\/marato\/2019\/230\/\" target=\"_blank\">https:\/\/www.ccma.cat\/tv3\/marato\/2019\/230\/<\/a><\/p>\n","protected":false},"excerpt":{"rendered":"<p>La Regidoria de Sanitat est\u00e0 ultimant els preparatius dels actes que es faran, enguany, en el marc de La Marat\u00f3 de TV3. Tots els actes es duran a terme el &hellip; <a href=\"https:\/\/bisbalpenedes.com\/web\/2019\/11\/20\/la-regidoria-de-sanitat-esta-preparant-els-actes-que-es-duran-a-terme-en-el-marc-de-la-marato-de-tv3\/\" class=\"more-link\">Read More<\/a><\/p>\n","protected":false},"author":4,"featured_media":11243,"comment_status":"closed","ping_status":"closed","sticky":false,"template":"","format":"standard","meta":[],"categories":[14],"tags":[2624,3331,373],"_links":{"self":[{"href":"https:\/\/bisbalpenedes.com\/web\/wp-json\/wp\/v2\/posts\/11242"}],"collection":[{"href":"https:\/\/bisbalpenedes.com\/web\/wp-json\/wp\/v2\/posts"}],"about":[{"href":"https:\/\/bisbalpenedes.com\/web\/wp-json\/wp\/v2\/types\/post"}],"author":[{"embeddable":true,"href":"https:\/\/bisbalpenedes.com\/web\/wp-json\/wp\/v2\/users\/4"}],"replies":[{"embeddable":true,"href":"https:\/\/bisbalpenedes.com\/web\/wp-json\/wp\/v2\/comments?post=11242"}],"version-history":[{"count":2,"href":"https:\/\/bisbalpenedes.com\/web\/wp-json\/wp\/v2\/posts\/11242\/revisions"}],"predecessor-version":[{"id":11246,"href":"https:\/\/bisbalpenedes.com\/web\/wp-json\/wp\/v2\/posts\/11242\/revisions\/11246"}],"wp:featuredmedia":[{"embeddable":true,"href":"https:\/\/bisbalpenedes.com\/web\/wp-json\/wp\/v2\/media\/11243"}],"wp:attachment":[{"href":"https:\/\/bisbalpenedes.com\/web\/wp-json\/wp\/v2\/media?parent=11242"}],"wp:term":[{"taxonomy":"category","embeddable":true,"href":"https:\/\/bisbalpenedes.com\/web\/wp-json\/wp\/v2\/categories?post=11242"},{"taxonomy":"post_tag","embeddable":true,"href":"https:\/\/bisbalpenedes.com\/web\/wp-json\/wp\/v2\/tags?post=11242"}],"curies":[{"name":"wp","href":"https:\/\/api.w.org\/{rel}","templated":true}]}}