{"id":11223,"date":"2019-11-19T19:41:47","date_gmt":"2019-11-19T18:41:47","guid":{"rendered":"http:\/\/bisbalpenedes.com\/web\/?p=11223"},"modified":"2019-11-19T19:46:57","modified_gmt":"2019-11-19T18:46:57","slug":"ja-han-finalitzat-les-actuacions-de-millora-al-torrent-de-les-segueres","status":"publish","type":"post","link":"https:\/\/bisbalpenedes.com\/web\/2019\/11\/19\/ja-han-finalitzat-les-actuacions-de-millora-al-torrent-de-les-segueres\/","title":{"rendered":"Ja han finalitzat les actuacions de millora del torrent de les Segueres"},"content":{"rendered":"<div id='gallery-1' class='gallery galleryid-11223 gallery-columns-4 gallery-size-thumbnail'><figure class='gallery-item'>\n\t\t\t<div class='gallery-icon landscape'>\n\t\t\t\t<a href='https:\/\/bisbalpenedes.com\/web\/2019\/11\/19\/ja-han-finalitzat-les-actuacions-de-millora-al-torrent-de-les-segueres\/torrent-segueres-1\/'><img width=\"150\" height=\"150\" src=\"https:\/\/bisbalpenedes.com\/web\/wp-content\/uploads\/2019\/11\/TORRENT-SEGUERES-1-150x150.jpg\" class=\"attachment-thumbnail size-thumbnail\" alt=\"\" loading=\"lazy\" srcset=\"https:\/\/bisbalpenedes.com\/web\/wp-content\/uploads\/2019\/11\/TORRENT-SEGUERES-1-150x150.jpg 150w, https:\/\/bisbalpenedes.com\/web\/wp-content\/uploads\/2019\/11\/TORRENT-SEGUERES-1-300x300.jpg 300w, https:\/\/bisbalpenedes.com\/web\/wp-content\/uploads\/2019\/11\/TORRENT-SEGUERES-1-100x100.jpg 100w\" sizes=\"(max-width: 150px) 100vw, 150px\" \/><\/a>\n\t\t\t<\/div><\/figure><figure class='gallery-item'>\n\t\t\t<div class='gallery-icon landscape'>\n\t\t\t\t<a href='https:\/\/bisbalpenedes.com\/web\/2019\/11\/19\/ja-han-finalitzat-les-actuacions-de-millora-al-torrent-de-les-segueres\/torrent-segueres-2\/'><img width=\"150\" height=\"150\" src=\"https:\/\/bisbalpenedes.com\/web\/wp-content\/uploads\/2019\/11\/TORRENT-SEGUERES-2-150x150.jpg\" class=\"attachment-thumbnail size-thumbnail\" alt=\"\" loading=\"lazy\" srcset=\"https:\/\/bisbalpenedes.com\/web\/wp-content\/uploads\/2019\/11\/TORRENT-SEGUERES-2-150x150.jpg 150w, https:\/\/bisbalpenedes.com\/web\/wp-content\/uploads\/2019\/11\/TORRENT-SEGUERES-2-300x300.jpg 300w, https:\/\/bisbalpenedes.com\/web\/wp-content\/uploads\/2019\/11\/TORRENT-SEGUERES-2-100x100.jpg 100w\" sizes=\"(max-width: 150px) 100vw, 150px\" \/><\/a>\n\t\t\t<\/div><\/figure><figure class='gallery-item'>\n\t\t\t<div class='gallery-icon landscape'>\n\t\t\t\t<a href='https:\/\/bisbalpenedes.com\/web\/2019\/11\/19\/ja-han-finalitzat-les-actuacions-de-millora-al-torrent-de-les-segueres\/torrent-segueres-3\/'><img width=\"150\" height=\"150\" src=\"https:\/\/bisbalpenedes.com\/web\/wp-content\/uploads\/2019\/11\/TORRENT-SEGUERES-3-150x150.jpg\" class=\"attachment-thumbnail size-thumbnail\" alt=\"\" loading=\"lazy\" srcset=\"https:\/\/bisbalpenedes.com\/web\/wp-content\/uploads\/2019\/11\/TORRENT-SEGUERES-3-150x150.jpg 150w, https:\/\/bisbalpenedes.com\/web\/wp-content\/uploads\/2019\/11\/TORRENT-SEGUERES-3-300x300.jpg 300w, https:\/\/bisbalpenedes.com\/web\/wp-content\/uploads\/2019\/11\/TORRENT-SEGUERES-3-100x100.jpg 100w\" sizes=\"(max-width: 150px) 100vw, 150px\" \/><\/a>\n\t\t\t<\/div><\/figure><figure class='gallery-item'>\n\t\t\t<div class='gallery-icon landscape'>\n\t\t\t\t<a href='https:\/\/bisbalpenedes.com\/web\/2019\/11\/19\/ja-han-finalitzat-les-actuacions-de-millora-al-torrent-de-les-segueres\/torrent-segueres-4\/'><img width=\"150\" height=\"150\" src=\"https:\/\/bisbalpenedes.com\/web\/wp-content\/uploads\/2019\/11\/TORRENT-SEGUERES-4-150x150.jpg\" class=\"attachment-thumbnail size-thumbnail\" alt=\"\" loading=\"lazy\" srcset=\"https:\/\/bisbalpenedes.com\/web\/wp-content\/uploads\/2019\/11\/TORRENT-SEGUERES-4-150x150.jpg 150w, https:\/\/bisbalpenedes.com\/web\/wp-content\/uploads\/2019\/11\/TORRENT-SEGUERES-4-300x300.jpg 300w, https:\/\/bisbalpenedes.com\/web\/wp-content\/uploads\/2019\/11\/TORRENT-SEGUERES-4-100x100.jpg 100w\" sizes=\"(max-width: 150px) 100vw, 150px\" \/><\/a>\n\t\t\t<\/div><\/figure>\n\t\t<\/div>\n\n<p style=\"text-align: justify;\"><span style=\"color: #000000;\">La Regidoria de Medi Ambient informa que ja han finalitzat les actuacions de millora de la funcionalitat hidr\u00e0ulica i de l\u2019\u00fas p\u00fablic sobre el torrent de les Segueres, a l\u2019oest de l\u2019Esplai del Pened\u00e8s. La intervenci\u00f3 s\u2019ha fet sobre un tram de 1.200 metres de llarg i una superf\u00edcie d\u201911.700m2 del torrent, entre el barranc del Clot de Bou (aig\u00fces amunt) i el fondo de Cal Llac (aig\u00fces avall).<\/span><\/p>\n<p style=\"text-align: justify;\"><span style=\"color: #000000;\">Les actuacions que s\u2019hi han dut a terme perseguien els objectius de garantir la funcionalitat hidr\u00e0ulica del torrent i afavorir els seus accessos i espais de pas, aix\u00ed com promoure la formaci\u00f3 i la millora de l\u2019ocupabilitat de quatre persones en risc d\u2019exclusi\u00f3 sociolaboral. Aix\u00ed, s\u2019han retirat elements (com ara arbres caiguts, canyes, residus\u2026) que poguessin suposar obturacions del torrent; s\u2019ha millorat l\u2019accessibilitat de la ciutadania; s\u2019han netejat els h\u00e0bitats forestals, matolls i indrets susceptibles de ser freq\u00fcentats per les persones, per reduir el risc d\u2019incendi; i s\u2019ha dut a terme una restauraci\u00f3 ambiental amb l\u2019objectiu d\u2019afavorir la biodiversitat i la diversificaci\u00f3 del paisatge.<\/span><\/p>\n<p style=\"text-align: justify;\"><span style=\"color: #000000;\">La regidora de Medi Ambient, Leo Uceda, ha explicat que \u201caquesta actuaci\u00f3 era necess\u00e0ria per a la prevenci\u00f3 d\u2019incendis per\u00f2, alhora, complia altres funcions, com ara preservar el nostre entorn natural, la seva fauna i la seva flora; la prevenci\u00f3 d\u2019inundacions; i la millora de l\u2019espai perqu\u00e8 els excursionistes i senderistes poguessin seguir gaudint d\u2019aquest espai en bones condicions. A m\u00e9s, amb aquesta iniciativa, promoguda des de la Diputaci\u00f3 de Tarragona, hem pogut contribuir a ocupar quatre persones en risc d\u2019exclusi\u00f3 sociolaboral\u201d.<\/span><\/p>\n<p style=\"text-align: justify;\"><span style=\"color: #000000;\">La regidora ha volgut recordar que \u201cany rere any treballem per millorar les zones boscoses del municipi, perseguint objectius similars als d\u2019aquesta actuaci\u00f3. En la nostra zona hi ha moltes pinedes i arbustos i \u00e9s important que puguem anar treballant en la neteja i millora d\u2019espais com el torrent de les Segueres o la millora i senyalitzaci\u00f3 dels camins municipals, com hem anat fent des de la Regidoria de Medi Ambient\u201d.<\/span><\/p>\n<hr \/>\n<p style=\"text-align: justify;\"><span style=\"color: #000000;\"><strong>CASTELLANO |<\/strong> La Concejal\u00eda de Medio Ambiente informa que ya han finalizado las actuaciones de mejora de la funcionalidad hidr\u00e1ulica y de uso p\u00fablico sobre el torrente de <em>les Segueres<\/em>, al oeste de<em> l\u2019Esplai<\/em> del Pened\u00e8s. La intervenci\u00f3n se ha realizado sobre un tramo de 1.200 metros de largo y una superficie de 11.700m2 de torrente, entre el barranco del Clot de Bou (aguas arriba) y el <em>fondo<\/em> de Cal Llac (aguas abajo).<\/span><\/p>\n<p style=\"text-align: justify;\"><span style=\"color: #000000;\">Las actuaciones que se han llevado a cabo persegu\u00edan los objetivos de garantizar la funcionalidad hidr\u00e1ulica del torrente y favorecer sus accesos y espacios de paso, as\u00ed como promover la formaci\u00f3n y la mejora de la ocupaci\u00f3n de cuatro personas en riesgo de exclusi\u00f3n sociolaboral. As\u00ed, se han retirado elementos (como por ejemplo \u00e1rboles ca\u00eddos, ca\u00f1as, residuos\u2026) que pudiesen suponer obturaciones del torrente; se han mejorado la accesibilidad de la ciudadan\u00eda; se han limpiado los h\u00e1bitats forestales, matojos y lugares susceptibles de ser frecuentados por las personas, para reducir el riesgo de incendio; y se ha llevado a cabo una restauraci\u00f3n ambiental con el objetivo de favorecer la biodiversidad y la diversificaci\u00f3n del paisaje.<\/span><\/p>\n<p style=\"text-align: justify;\"><span style=\"color: #000000;\">La regidora de Medio Ambiente, Leo Uceda, ha explicado que \u201cesta actuaci\u00f3n era necesaria para la prevenci\u00f3n de incendios pero, adem\u00e1s, cumpl\u00eda otras funciones, como por ejemplo preservar nuestro entorno natural, su fauna y su flora; la prevenci\u00f3n de inundaciones; y la mejora del espacio para que los excursionistas y senderistas pudiesen seguir disfrutando de este espacio en buenas condiciones. Adem\u00e1s, con esta iniciativa, promovida desde la Diputaci\u00f3n de Tarragona, hemos podido contribuir a ocupar a cuatro personas en riesgo de exclusi\u00f3n sociolaboral\u201d.<\/span><\/p>\n<p style=\"text-align: justify;\"><span style=\"color: #000000;\">La regidora ha querido recordar que \u201ca\u00f1o tras a\u00f1o trabajamos para mejorar las zonas boscosas del municipio, persiguiendo objetivos similares a los de esta actuaci\u00f3n. En nuestra zona hay muchos pinares y arbustos y es importante que podamos ir trabajando en la limpieza y mejora de espacios como el torrente de <em>les Segueres <\/em>o la mejora y se\u00f1alizaci\u00f3n de los caminos municipales, como hemos ido haciendo desde la Concejal\u00eda de Medio Ambiente\u201d.<\/span><\/p>\n<p>&nbsp;<\/p>\n<p>&nbsp;<\/p>\n","protected":false},"excerpt":{"rendered":"<p>La Regidoria de Medi Ambient informa que ja han finalitzat les actuacions de millora de la funcionalitat hidr\u00e0ulica i de l\u2019\u00fas p\u00fablic sobre el torrent de les Segueres, a l\u2019oest &hellip; <a href=\"https:\/\/bisbalpenedes.com\/web\/2019\/11\/19\/ja-han-finalitzat-les-actuacions-de-millora-al-torrent-de-les-segueres\/\" class=\"more-link\">Read More<\/a><\/p>\n","protected":false},"author":4,"featured_media":11225,"comment_status":"closed","ping_status":"closed","sticky":false,"template":"","format":"standard","meta":[],"categories":[32],"tags":[3371,3370,3372,361,1679,3295],"_links":{"self":[{"href":"https:\/\/bisbalpenedes.com\/web\/wp-json\/wp\/v2\/posts\/11223"}],"collection":[{"href":"https:\/\/bisbalpenedes.com\/web\/wp-json\/wp\/v2\/posts"}],"about":[{"href":"https:\/\/bisbalpenedes.com\/web\/wp-json\/wp\/v2\/types\/post"}],"author":[{"embeddable":true,"href":"https:\/\/bisbalpenedes.com\/web\/wp-json\/wp\/v2\/users\/4"}],"replies":[{"embeddable":true,"href":"https:\/\/bisbalpenedes.com\/web\/wp-json\/wp\/v2\/comments?post=11223"}],"version-history":[{"count":3,"href":"https:\/\/bisbalpenedes.com\/web\/wp-json\/wp\/v2\/posts\/11223\/revisions"}],"predecessor-version":[{"id":11230,"href":"https:\/\/bisbalpenedes.com\/web\/wp-json\/wp\/v2\/posts\/11223\/revisions\/11230"}],"wp:featuredmedia":[{"embeddable":true,"href":"https:\/\/bisbalpenedes.com\/web\/wp-json\/wp\/v2\/media\/11225"}],"wp:attachment":[{"href":"https:\/\/bisbalpenedes.com\/web\/wp-json\/wp\/v2\/media?parent=11223"}],"wp:term":[{"taxonomy":"category","embeddable":true,"href":"https:\/\/bisbalpenedes.com\/web\/wp-json\/wp\/v2\/categories?post=11223"},{"taxonomy":"post_tag","embeddable":true,"href":"https:\/\/bisbalpenedes.com\/web\/wp-json\/wp\/v2\/tags?post=11223"}],"curies":[{"name":"wp","href":"https:\/\/api.w.org\/{rel}","templated":true}]}}