{"id":11217,"date":"2019-11-19T18:47:04","date_gmt":"2019-11-19T17:47:04","guid":{"rendered":"http:\/\/bisbalpenedes.com\/web\/?p=11217"},"modified":"2019-11-19T20:39:29","modified_gmt":"2019-11-19T19:39:29","slug":"ja-shan-comencat-a-installar-els-contenidors-de-poda-als-barris-de-la-bisbal","status":"publish","type":"post","link":"https:\/\/bisbalpenedes.com\/web\/2019\/11\/19\/ja-shan-comencat-a-installar-els-contenidors-de-poda-als-barris-de-la-bisbal\/","title":{"rendered":"S&#8217;han comen\u00e7at a instal\u00b7lar els contenidors de poda als barris de la Bisbal"},"content":{"rendered":"<p style=\"text-align: justify;\"><a href=\"http:\/\/bisbalpenedes.com\/web\/wp-content\/uploads\/2019\/11\/CONTENIDOR-PODA.jpg\"><img loading=\"lazy\" class=\"aligncenter size-medium wp-image-11218\" src=\"http:\/\/bisbalpenedes.com\/web\/wp-content\/uploads\/2019\/11\/CONTENIDOR-PODA-300x225.jpg\" alt=\"CONTENIDOR PODA\" width=\"300\" height=\"225\" srcset=\"https:\/\/bisbalpenedes.com\/web\/wp-content\/uploads\/2019\/11\/CONTENIDOR-PODA-300x225.jpg 300w, https:\/\/bisbalpenedes.com\/web\/wp-content\/uploads\/2019\/11\/CONTENIDOR-PODA-600x450.jpg 600w, https:\/\/bisbalpenedes.com\/web\/wp-content\/uploads\/2019\/11\/CONTENIDOR-PODA-768x576.jpg 768w, https:\/\/bisbalpenedes.com\/web\/wp-content\/uploads\/2019\/11\/CONTENIDOR-PODA-1024x768.jpg 1024w, https:\/\/bisbalpenedes.com\/web\/wp-content\/uploads\/2019\/11\/CONTENIDOR-PODA.jpg 2048w\" sizes=\"(max-width: 300px) 100vw, 300px\" \/><\/a><\/p>\n<p style=\"text-align: justify;\"><span style=\"color: #000000;\">La Regidoria de Gesti\u00f3 de Residus us informa que aquest dilluns 18 de novembre s\u2019han comen\u00e7at a col\u00b7locar els contenidors de poda en diversos punts del municipi. Aquests contenidors seran retirats la setmana seg\u00fcent a la Setmana Santa. Recordem que en aquests contenidors nom\u00e9s s\u2019hi poden dipositar les restes de poda i jardineria dels particulars. \u00c9s important separar aquesta fracci\u00f3 de la resta per poder aprofitar-la i reduir aix\u00ed el cost que suposaria portar aquests residus a l\u2019abocador.<\/span><\/p>\n<p style=\"text-align: justify;\"><span style=\"color: #000000;\">Aix\u00ed, es recorda a la ciutadania que aquests contenidors no s\u00f3n per llen\u00e7ar-hi mobles, trastos vells, matalassos, electrodom\u00e8stics, ni qualsevol altre tipus de residu que no sigui poda. Tots aquests residus es poden portar al Punt Verd i, a m\u00e9s, l\u2019Ajuntament disposa d\u2019un servei de recollida porta a porta (avisant amb antelaci\u00f3 a l\u2019Ajuntament) que es du a terme cada primer dilluns (no festiu) de mes.<\/span><\/p>\n<p style=\"text-align: justify;\"><span style=\"color: #000000;\">Mantenir la Bisbal neta \u00e9s cosa de tots!<\/span><\/p>\n<hr \/>\n<p style=\"text-align: justify;\"><span style=\"color: #000000;\"><strong>CASTELLANO |<\/strong>\u00a0La Concejal\u00eda de Gesti\u00f3n de Residuos informa que este lunes 18 de noviembre se han empezado a colocar los contenedores de poda en varios puntos del municipio. Estos contenedores se retirar\u00e1n la semana siguiente a la Semana Santa. Recordamos que en estos contenedores solo se deben depositar los restos de poda y jardiner\u00eda de los particulares. Es importante separar esta fracci\u00f3n del resto para poder aprovecharla y reducir as\u00ed el coste que supondr\u00eda llevar estos residuos al vertedero.<\/span><\/p>\n<p style=\"text-align: justify;\"><span style=\"color: #000000;\">As\u00ed, se recuerda a la ciudadan\u00eda que estos contenedores no son para tirar muebles, trastos viejos, colchones, electrodom\u00e9sticos, ni cualquier otro tipo de residuo que no sea poda. Todos estos residuos se pueden llevar al Punt Verd y, adem\u00e1s, el Ayuntamiento dispone de un servicio de recogida puerta por puerta (avisando con antelaci\u00f3n al Ayuntamiento) que se lleva a cabo cada primer lunes (no festivo) de mes.<\/span><\/p>\n<p style=\"text-align: justify;\"><span style=\"color: #000000;\">\u00a1Mantener la Bisbal limpia es cosa de todos!<\/span><\/p>\n","protected":false},"excerpt":{"rendered":"<p>La Regidoria de Gesti\u00f3 de Residus us informa que aquest dilluns 18 de novembre s\u2019han comen\u00e7at a col\u00b7locar els contenidors de poda en diversos punts del municipi. Aquests contenidors seran &hellip; <a href=\"https:\/\/bisbalpenedes.com\/web\/2019\/11\/19\/ja-shan-comencat-a-installar-els-contenidors-de-poda-als-barris-de-la-bisbal\/\" class=\"more-link\">Read More<\/a><\/p>\n","protected":false},"author":4,"featured_media":11218,"comment_status":"closed","ping_status":"closed","sticky":false,"template":"","format":"standard","meta":[],"categories":[3215],"tags":[625,3369,2629],"_links":{"self":[{"href":"https:\/\/bisbalpenedes.com\/web\/wp-json\/wp\/v2\/posts\/11217"}],"collection":[{"href":"https:\/\/bisbalpenedes.com\/web\/wp-json\/wp\/v2\/posts"}],"about":[{"href":"https:\/\/bisbalpenedes.com\/web\/wp-json\/wp\/v2\/types\/post"}],"author":[{"embeddable":true,"href":"https:\/\/bisbalpenedes.com\/web\/wp-json\/wp\/v2\/users\/4"}],"replies":[{"embeddable":true,"href":"https:\/\/bisbalpenedes.com\/web\/wp-json\/wp\/v2\/comments?post=11217"}],"version-history":[{"count":2,"href":"https:\/\/bisbalpenedes.com\/web\/wp-json\/wp\/v2\/posts\/11217\/revisions"}],"predecessor-version":[{"id":11233,"href":"https:\/\/bisbalpenedes.com\/web\/wp-json\/wp\/v2\/posts\/11217\/revisions\/11233"}],"wp:featuredmedia":[{"embeddable":true,"href":"https:\/\/bisbalpenedes.com\/web\/wp-json\/wp\/v2\/media\/11218"}],"wp:attachment":[{"href":"https:\/\/bisbalpenedes.com\/web\/wp-json\/wp\/v2\/media?parent=11217"}],"wp:term":[{"taxonomy":"category","embeddable":true,"href":"https:\/\/bisbalpenedes.com\/web\/wp-json\/wp\/v2\/categories?post=11217"},{"taxonomy":"post_tag","embeddable":true,"href":"https:\/\/bisbalpenedes.com\/web\/wp-json\/wp\/v2\/tags?post=11217"}],"curies":[{"name":"wp","href":"https:\/\/api.w.org\/{rel}","templated":true}]}}