{"id":11207,"date":"2019-11-18T16:08:06","date_gmt":"2019-11-18T15:08:06","guid":{"rendered":"http:\/\/bisbalpenedes.com\/web\/?p=11207"},"modified":"2019-11-18T16:11:59","modified_gmt":"2019-11-18T15:11:59","slug":"el-bisbalenc-josep-maria-campanera-ha-presentat-la-memoria-del-seu-treball-final-de-master-sobre-la-xarxa-dabastament-daigua-de-la-bisbal-a-lajuntament","status":"publish","type":"post","link":"https:\/\/bisbalpenedes.com\/web\/2019\/11\/18\/el-bisbalenc-josep-maria-campanera-ha-presentat-la-memoria-del-seu-treball-final-de-master-sobre-la-xarxa-dabastament-daigua-de-la-bisbal-a-lajuntament\/","title":{"rendered":"El bisbalenc Josep Maria Campanera ha presentat la mem\u00f2ria del seu Treball Final de M\u00e0ster sobre la xarxa d&#8217;abastament d&#8217;aigua de la Bisbal a l&#8217;Ajuntament"},"content":{"rendered":"<p style=\"text-align: justify;\"><a href=\"http:\/\/bisbalpenedes.com\/web\/wp-content\/uploads\/2019\/11\/DSC04513.jpg\"><img loading=\"lazy\" class=\"aligncenter wp-image-11208 size-large\" src=\"http:\/\/bisbalpenedes.com\/web\/wp-content\/uploads\/2019\/11\/DSC04513-1024x768.jpg\" alt=\"JOSEP MARIA CAMPANERA TFM MASTER\" width=\"630\" height=\"473\" srcset=\"https:\/\/bisbalpenedes.com\/web\/wp-content\/uploads\/2019\/11\/DSC04513-1024x768.jpg 1024w, https:\/\/bisbalpenedes.com\/web\/wp-content\/uploads\/2019\/11\/DSC04513-600x450.jpg 600w, https:\/\/bisbalpenedes.com\/web\/wp-content\/uploads\/2019\/11\/DSC04513-300x225.jpg 300w, https:\/\/bisbalpenedes.com\/web\/wp-content\/uploads\/2019\/11\/DSC04513-768x576.jpg 768w\" sizes=\"(max-width: 630px) 100vw, 630px\" \/><\/a><\/p>\n<p style=\"text-align: justify;\"><span style=\"color: #000000;\">El passat\u00a0divendres 15 de novembre, el bisbalenc Josep Maria Campanera\u00a0es va reunir amb l\u2019alcaldessa Agn\u00e8s Ferr\u00e9; la regidora del Servei d\u2019Abastament d\u2019Aigua, Leo Uceda; i l\u2019enginyer municipal amb l\u2019objectiu\u00a0d&#8217;exposar el seu Treball de Fi de M\u00e0ster (TFM)\u00a0sobre les xarxes de distribuci\u00f3 d\u2019aigua potable de la Bisbal.<\/span><\/p>\n<p style=\"text-align: justify;\"><span style=\"color: #000000;\">El maig de 2019 la Junta de Govern va aprovar un conveni de col\u00b7laboraci\u00f3 entre l\u2019Ajuntament i l\u2019Escola de l\u2019aigua per a la realitzaci\u00f3 del TFM en Tecnologia i Gesti\u00f3 de l\u2019aigua (Agbar-UOC-UPC) Josep Maria Campanera, en l\u2019\u00e0mbit del servei d\u2019abastament d\u2019aigua del municipi. L\u2019estudiant ha pogut tenir acc\u00e9s, durant els darrers mesos, a informaci\u00f3 i documentaci\u00f3 sobre la xarxa d\u2019aigua amb l\u2019objectiu de facilitar-li la confecci\u00f3 del treball. A m\u00e9s, tal com establia el conveni signat, Campanera ha entregat a l\u2019Ajuntament de la Bisbal una c\u00f2pia de la mem\u00f2ria final del treball lliurada a l\u2019Escola de l\u2019Aigua per a la seva avaluaci\u00f3.<\/span><\/p>\n<p style=\"text-align: justify;\"><span style=\"color: #000000;\">L\u2019alcaldessa de la Bisbal del Pened\u00e8s, Agn\u00e8s Ferr\u00e9, ha explicat que \u201ces tracta d\u2019un treball molt interessant que ha perm\u00e8s que l\u2019estudiant pugui treballar com a cas d\u2019\u00fas una experi\u00e8ncia real, com \u00e9s la de l\u2019Ajuntament de la Bisbal del Pened\u00e8s\u201d. Ferr\u00e9 ha afegit que \u201cens llegirem en deteniment aquest treball, ja que creiem que les seves conclusions poden ser \u00fatils per a la gesti\u00f3 del servei des de l\u2019Ajuntament\u201d.<\/span><\/p>\n<hr \/>\n<p style=\"text-align: justify;\"><span style=\"color: #000000;\"><b>CASTELLANO |\u00a0<\/b>\u00a0El pasado viernes 15 de noviembre, el bisbalenc Josep Maria Campanera se\u00a0reuni\u00f3 con la alcaldesa Agn\u00e8s Ferr\u00e9; la regidora del Servei d\u2019Abastament d\u2019Aigua, Leo Uceda; y el ingeniero municipal con el objetivo de exponer su\u00a0Trabajo de Fin de M\u00e1ster (TFM)\u00a0sobre las redes de distribuci\u00f3n de agua potable de la Bisbal.<\/span><\/p>\n<p style=\"text-align: justify;\"><span style=\"color: #000000;\">En mayo del 2019 la Junta de Gobierno aprob\u00f3 un convenio de colaboraci\u00f3n entre el Ayuntamiento y la Escola de l\u2019Aigua para la realizaci\u00f3n del TFM)en Tecnolog\u00eda y Gesti\u00f3n del agua (Agbar-UOC-UPC) de Josep Maria Campanera, en el \u00e1mbito del servicio de abastecimiento de agua del municipio. El estudiante ha podido tener acceso, durante los \u00faltimos meses, a informaci\u00f3n y documentaci\u00f3n sobre la red de agua con el objetivo de facilitarle la confecci\u00f3n del trabajo. Adem\u00e1s, tal como establec\u00eda el convenio firmado, Campanera ha entregado al Ayuntamiento de la Bisbal una copia de la memoria final del trabajo entregada a la Escola de l\u2019Aigua para su evaluaci\u00f3n.<\/span><\/p>\n<p style=\"text-align: justify;\"><span style=\"color: #000000;\">La alcaldesa de la Bisbal del Pened\u00e8s, Agn\u00e8s Ferr\u00e9, ha explicado que \u201cse trata de un trabajo muy interesante que ha permitido que el estudiante pueda trabajar como caso de uso una experiencia real, como es la del Ayuntamiento de la Bisbal del Pened\u00e8s\u201d. Ferr\u00e9 ha a\u00f1adido que \u201cnos leeremos con detenimiento este trabajo, ya que creemos que sus conclusiones pueden ser \u00fatiles para la gesti\u00f3n del servicio desde el Ayuntamiento\u201d.<\/span><\/p>\n<p>&nbsp;<\/p>\n","protected":false},"excerpt":{"rendered":"<p>El passat\u00a0divendres 15 de novembre, el bisbalenc Josep Maria Campanera\u00a0es va reunir amb l\u2019alcaldessa Agn\u00e8s Ferr\u00e9; la regidora del Servei d\u2019Abastament d\u2019Aigua, Leo Uceda; i l\u2019enginyer municipal amb l\u2019objectiu\u00a0d&#8217;exposar el &hellip; <a href=\"https:\/\/bisbalpenedes.com\/web\/2019\/11\/18\/el-bisbalenc-josep-maria-campanera-ha-presentat-la-memoria-del-seu-treball-final-de-master-sobre-la-xarxa-dabastament-daigua-de-la-bisbal-a-lajuntament\/\" class=\"more-link\">Read More<\/a><\/p>\n","protected":false},"author":4,"featured_media":11208,"comment_status":"closed","ping_status":"closed","sticky":false,"template":"","format":"standard","meta":[],"categories":[2370,3352],"tags":[319,3365,3366,3368,3367],"_links":{"self":[{"href":"https:\/\/bisbalpenedes.com\/web\/wp-json\/wp\/v2\/posts\/11207"}],"collection":[{"href":"https:\/\/bisbalpenedes.com\/web\/wp-json\/wp\/v2\/posts"}],"about":[{"href":"https:\/\/bisbalpenedes.com\/web\/wp-json\/wp\/v2\/types\/post"}],"author":[{"embeddable":true,"href":"https:\/\/bisbalpenedes.com\/web\/wp-json\/wp\/v2\/users\/4"}],"replies":[{"embeddable":true,"href":"https:\/\/bisbalpenedes.com\/web\/wp-json\/wp\/v2\/comments?post=11207"}],"version-history":[{"count":2,"href":"https:\/\/bisbalpenedes.com\/web\/wp-json\/wp\/v2\/posts\/11207\/revisions"}],"predecessor-version":[{"id":11210,"href":"https:\/\/bisbalpenedes.com\/web\/wp-json\/wp\/v2\/posts\/11207\/revisions\/11210"}],"wp:featuredmedia":[{"embeddable":true,"href":"https:\/\/bisbalpenedes.com\/web\/wp-json\/wp\/v2\/media\/11208"}],"wp:attachment":[{"href":"https:\/\/bisbalpenedes.com\/web\/wp-json\/wp\/v2\/media?parent=11207"}],"wp:term":[{"taxonomy":"category","embeddable":true,"href":"https:\/\/bisbalpenedes.com\/web\/wp-json\/wp\/v2\/categories?post=11207"},{"taxonomy":"post_tag","embeddable":true,"href":"https:\/\/bisbalpenedes.com\/web\/wp-json\/wp\/v2\/tags?post=11207"}],"curies":[{"name":"wp","href":"https:\/\/api.w.org\/{rel}","templated":true}]}}