{"id":11199,"date":"2019-11-18T15:13:09","date_gmt":"2019-11-18T14:13:09","guid":{"rendered":"http:\/\/bisbalpenedes.com\/web\/?p=11199"},"modified":"2019-11-19T19:04:18","modified_gmt":"2019-11-19T18:04:18","slug":"el-divendres-29-de-novembre-a-les-19h-tindra-lloc-la-segona-reunio-perque-els-joves-triin-els-grups-que-actuaran-durant-les-nits-joves-de-la-festa-major-2020","status":"publish","type":"post","link":"https:\/\/bisbalpenedes.com\/web\/2019\/11\/18\/el-divendres-29-de-novembre-a-les-19h-tindra-lloc-la-segona-reunio-perque-els-joves-triin-els-grups-que-actuaran-durant-les-nits-joves-de-la-festa-major-2020\/","title":{"rendered":"El divendres 29 de novembre a les 19h tindr\u00e0 lloc la segona reuni\u00f3 perqu\u00e8 els joves tri\u00efn els grups que actuaran durant les nits joves de la Festa Major 2020"},"content":{"rendered":"<p><a href=\"http:\/\/bisbalpenedes.com\/web\/wp-content\/uploads\/2019\/11\/PRIMERA-REUNIO-JOVES-15-NOVEMBRE.jpg\"><img loading=\"lazy\" class=\"aligncenter size-medium wp-image-11198\" src=\"http:\/\/bisbalpenedes.com\/web\/wp-content\/uploads\/2019\/11\/PRIMERA-REUNIO-JOVES-15-NOVEMBRE-300x200.jpg\" alt=\"PRIMERA REUNIO JOVES 15 NOVEMBRE\" width=\"300\" height=\"200\" srcset=\"https:\/\/bisbalpenedes.com\/web\/wp-content\/uploads\/2019\/11\/PRIMERA-REUNIO-JOVES-15-NOVEMBRE-300x200.jpg 300w, https:\/\/bisbalpenedes.com\/web\/wp-content\/uploads\/2019\/11\/PRIMERA-REUNIO-JOVES-15-NOVEMBRE-600x400.jpg 600w, https:\/\/bisbalpenedes.com\/web\/wp-content\/uploads\/2019\/11\/PRIMERA-REUNIO-JOVES-15-NOVEMBRE-768x512.jpg 768w, https:\/\/bisbalpenedes.com\/web\/wp-content\/uploads\/2019\/11\/PRIMERA-REUNIO-JOVES-15-NOVEMBRE-1024x682.jpg 1024w, https:\/\/bisbalpenedes.com\/web\/wp-content\/uploads\/2019\/11\/PRIMERA-REUNIO-JOVES-15-NOVEMBRE.jpg 2048w\" sizes=\"(max-width: 300px) 100vw, 300px\" \/><\/a><\/p>\n<p><span style=\"color: #000000;\">El divendres 15 de novembre va tenir lloc la primera reuni\u00f3, adre\u00e7ada als joves, per decidir quins grups actuaran durant les nits joves de la Festa Major 2020. Ara, des de les regidories de Joventut i Festes estudiaran les propostes dels joves i recavaran informaci\u00f3 sobre aquestes. El dia 29 de novembre, a les 19h, tindr\u00e0 lloc una segona reuni\u00f3, oberta a tots els joves del municipi, a la Cova Jove.<\/span><\/p>\n<p><span style=\"color: #000000;\">Aquesta iniciativa es va engegar despr\u00e9s que, durant la Festa Major 2018, es premi\u00e9s una idea que consistia a permetre que siguin els joves els que tri\u00efn els grups que actuen durant la Festa Major. L\u2019any\u00a02019 es va tirar endavant la iniciativa, sent el primer any que es feia realitat la proposta, i enguany se li d\u00f3na continu\u00eftat.<\/span><\/p>\n<hr \/>\n<p><span style=\"color: #000000;\"><strong>CASTELLANO |<\/strong>\u00a0El viernes 15 de noviembre tuvo lugar la primera reuni\u00f3n, dirigida a los j\u00f3venes, para decidir qu\u00e9 grupos actuar\u00e1n durante las noches j\u00f3venes de la Fiesta Mayor 2020. Ahora, desde las concejal\u00edas de Juventud y Fiestas estudiar\u00e1n las propuestas de los j\u00f3venes y recavar\u00e1n informaci\u00f3n sobre las mismas. El d\u00eda 29 de noviembre, a las 19h, tendr\u00e1 lugar una segunda reuni\u00f3n, abierta a todos los j\u00f3venes del municipio, en la Cova Jove.<\/span><\/p>\n<p><span style=\"color: #000000;\">Esta iniciativa se puso en marcha despu\u00e9s que, durante la Fiesta Mayor 2018, se premiase una idea que consist\u00eda en permitir que fuesen los j\u00f3venes los que escogiesen los grupos que act\u00faan durante la Fiesta Mayor. El a\u00f1o 2019 se llev\u00f3 a cabo la iniciativa, siendo el primer a\u00f1o que se hac\u00eda realidad la propuesta, y este a\u00f1o se le da continuidad.<\/span><\/p>\n","protected":false},"excerpt":{"rendered":"<p>El divendres 15 de novembre va tenir lloc la primera reuni\u00f3, adre\u00e7ada als joves, per decidir quins grups actuaran durant les nits joves de la Festa Major 2020. Ara, des &hellip; <a href=\"https:\/\/bisbalpenedes.com\/web\/2019\/11\/18\/el-divendres-29-de-novembre-a-les-19h-tindra-lloc-la-segona-reunio-perque-els-joves-triin-els-grups-que-actuaran-durant-les-nits-joves-de-la-festa-major-2020\/\" class=\"more-link\">Read More<\/a><\/p>\n","protected":false},"author":4,"featured_media":11198,"comment_status":"closed","ping_status":"closed","sticky":false,"template":"","format":"standard","meta":[],"categories":[1042,1486],"tags":[1481,280,3347,505,3364,3363,397],"_links":{"self":[{"href":"https:\/\/bisbalpenedes.com\/web\/wp-json\/wp\/v2\/posts\/11199"}],"collection":[{"href":"https:\/\/bisbalpenedes.com\/web\/wp-json\/wp\/v2\/posts"}],"about":[{"href":"https:\/\/bisbalpenedes.com\/web\/wp-json\/wp\/v2\/types\/post"}],"author":[{"embeddable":true,"href":"https:\/\/bisbalpenedes.com\/web\/wp-json\/wp\/v2\/users\/4"}],"replies":[{"embeddable":true,"href":"https:\/\/bisbalpenedes.com\/web\/wp-json\/wp\/v2\/comments?post=11199"}],"version-history":[{"count":7,"href":"https:\/\/bisbalpenedes.com\/web\/wp-json\/wp\/v2\/posts\/11199\/revisions"}],"predecessor-version":[{"id":11221,"href":"https:\/\/bisbalpenedes.com\/web\/wp-json\/wp\/v2\/posts\/11199\/revisions\/11221"}],"wp:featuredmedia":[{"embeddable":true,"href":"https:\/\/bisbalpenedes.com\/web\/wp-json\/wp\/v2\/media\/11198"}],"wp:attachment":[{"href":"https:\/\/bisbalpenedes.com\/web\/wp-json\/wp\/v2\/media?parent=11199"}],"wp:term":[{"taxonomy":"category","embeddable":true,"href":"https:\/\/bisbalpenedes.com\/web\/wp-json\/wp\/v2\/categories?post=11199"},{"taxonomy":"post_tag","embeddable":true,"href":"https:\/\/bisbalpenedes.com\/web\/wp-json\/wp\/v2\/tags?post=11199"}],"curies":[{"name":"wp","href":"https:\/\/api.w.org\/{rel}","templated":true}]}}