{"id":11185,"date":"2019-11-16T12:25:38","date_gmt":"2019-11-16T11:25:38","guid":{"rendered":"http:\/\/bisbalpenedes.com\/web\/?p=11185"},"modified":"2019-11-16T12:26:38","modified_gmt":"2019-11-16T11:26:38","slug":"avis-per-vent-per-dissabte-a-la-tarda-i-la-matinada-de-diumenge","status":"publish","type":"post","link":"https:\/\/bisbalpenedes.com\/web\/2019\/11\/16\/avis-per-vent-per-dissabte-a-la-tarda-i-la-matinada-de-diumenge\/","title":{"rendered":"Av\u00eds per vent per al dissabte 16 de novembre a la tarda i el diumenge 17 de novembre a la matinada"},"content":{"rendered":"<p><span style=\"color: #000000;\">El Servei Meteorol\u00f2gic de Catalunya ha publicat un av\u00eds per vent per aquesta tarda i nit i per a la matinada de diumenge.<\/span><br \/>\n<span style=\"color: #000000;\">&#8212;<\/span><\/p>\n<p><span style=\"color: #000000;\">El Servei Meteorol\u00f2gic de Catalunya ha publicado un aviso por viento para esta tarde y noche y para la madrugada del domingo.<\/span><\/p>\n<p><a href=\"http:\/\/bisbalpenedes.com\/web\/wp-content\/uploads\/2019\/11\/avis-vent-diss-16.jpg\"><img loading=\"lazy\" class=\"aligncenter wp-image-11186 size-large\" src=\"http:\/\/bisbalpenedes.com\/web\/wp-content\/uploads\/2019\/11\/avis-vent-diss-16-1024x1024.jpg\" alt=\"avis vent diss 16\" width=\"630\" height=\"630\" srcset=\"https:\/\/bisbalpenedes.com\/web\/wp-content\/uploads\/2019\/11\/avis-vent-diss-16-1024x1024.jpg 1024w, https:\/\/bisbalpenedes.com\/web\/wp-content\/uploads\/2019\/11\/avis-vent-diss-16-300x300.jpg 300w, https:\/\/bisbalpenedes.com\/web\/wp-content\/uploads\/2019\/11\/avis-vent-diss-16-100x100.jpg 100w, https:\/\/bisbalpenedes.com\/web\/wp-content\/uploads\/2019\/11\/avis-vent-diss-16-600x600.jpg 600w, https:\/\/bisbalpenedes.com\/web\/wp-content\/uploads\/2019\/11\/avis-vent-diss-16-150x150.jpg 150w, https:\/\/bisbalpenedes.com\/web\/wp-content\/uploads\/2019\/11\/avis-vent-diss-16-768x768.jpg 768w, https:\/\/bisbalpenedes.com\/web\/wp-content\/uploads\/2019\/11\/avis-vent-diss-16.jpg 1656w\" sizes=\"(max-width: 630px) 100vw, 630px\" \/><\/a><\/p>\n<p><a href=\"http:\/\/bisbalpenedes.com\/web\/wp-content\/uploads\/2019\/11\/avis-vent-dium-17.jpg\"><img loading=\"lazy\" class=\"aligncenter wp-image-11187 size-large\" src=\"http:\/\/bisbalpenedes.com\/web\/wp-content\/uploads\/2019\/11\/avis-vent-dium-17-1024x1024.jpg\" alt=\"avis vent dium 17\" width=\"630\" height=\"630\" srcset=\"https:\/\/bisbalpenedes.com\/web\/wp-content\/uploads\/2019\/11\/avis-vent-dium-17-1024x1024.jpg 1024w, https:\/\/bisbalpenedes.com\/web\/wp-content\/uploads\/2019\/11\/avis-vent-dium-17-300x300.jpg 300w, https:\/\/bisbalpenedes.com\/web\/wp-content\/uploads\/2019\/11\/avis-vent-dium-17-100x100.jpg 100w, https:\/\/bisbalpenedes.com\/web\/wp-content\/uploads\/2019\/11\/avis-vent-dium-17-600x600.jpg 600w, https:\/\/bisbalpenedes.com\/web\/wp-content\/uploads\/2019\/11\/avis-vent-dium-17-150x150.jpg 150w, https:\/\/bisbalpenedes.com\/web\/wp-content\/uploads\/2019\/11\/avis-vent-dium-17-768x768.jpg 768w, https:\/\/bisbalpenedes.com\/web\/wp-content\/uploads\/2019\/11\/avis-vent-dium-17.jpg 1656w\" sizes=\"(max-width: 630px) 100vw, 630px\" \/><\/a><\/p>\n<p><a href=\"http:\/\/bisbalpenedes.com\/web\/wp-content\/uploads\/2018\/01\/infografies_ventades_TOTS-2.jpg\"><img loading=\"lazy\" class=\"aligncenter wp-image-4425 size-large\" src=\"http:\/\/bisbalpenedes.com\/web\/wp-content\/uploads\/2018\/01\/infografies_ventades_TOTS-2-1024x1024.jpg\" alt=\"infografies_ventades_TOTS-2\" width=\"630\" height=\"630\" srcset=\"https:\/\/bisbalpenedes.com\/web\/wp-content\/uploads\/2018\/01\/infografies_ventades_TOTS-2-1024x1024.jpg 1024w, https:\/\/bisbalpenedes.com\/web\/wp-content\/uploads\/2018\/01\/infografies_ventades_TOTS-2-300x300.jpg 300w, https:\/\/bisbalpenedes.com\/web\/wp-content\/uploads\/2018\/01\/infografies_ventades_TOTS-2-100x100.jpg 100w, https:\/\/bisbalpenedes.com\/web\/wp-content\/uploads\/2018\/01\/infografies_ventades_TOTS-2-600x600.jpg 600w, https:\/\/bisbalpenedes.com\/web\/wp-content\/uploads\/2018\/01\/infografies_ventades_TOTS-2-150x150.jpg 150w, https:\/\/bisbalpenedes.com\/web\/wp-content\/uploads\/2018\/01\/infografies_ventades_TOTS-2-768x768.jpg 768w\" sizes=\"(max-width: 630px) 100vw, 630px\" \/><\/a><\/p>\n","protected":false},"excerpt":{"rendered":"<p>El Servei Meteorol\u00f2gic de Catalunya ha publicat un av\u00eds per vent per aquesta tarda i nit i per a la matinada de diumenge. &#8212; El Servei Meteorol\u00f2gic de Catalunya ha &hellip; <a href=\"https:\/\/bisbalpenedes.com\/web\/2019\/11\/16\/avis-per-vent-per-dissabte-a-la-tarda-i-la-matinada-de-diumenge\/\" class=\"more-link\">Read More<\/a><\/p>\n","protected":false},"author":4,"featured_media":11186,"comment_status":"closed","ping_status":"closed","sticky":false,"template":"","format":"standard","meta":[],"categories":[2543],"tags":[1187,3362],"_links":{"self":[{"href":"https:\/\/bisbalpenedes.com\/web\/wp-json\/wp\/v2\/posts\/11185"}],"collection":[{"href":"https:\/\/bisbalpenedes.com\/web\/wp-json\/wp\/v2\/posts"}],"about":[{"href":"https:\/\/bisbalpenedes.com\/web\/wp-json\/wp\/v2\/types\/post"}],"author":[{"embeddable":true,"href":"https:\/\/bisbalpenedes.com\/web\/wp-json\/wp\/v2\/users\/4"}],"replies":[{"embeddable":true,"href":"https:\/\/bisbalpenedes.com\/web\/wp-json\/wp\/v2\/comments?post=11185"}],"version-history":[{"count":4,"href":"https:\/\/bisbalpenedes.com\/web\/wp-json\/wp\/v2\/posts\/11185\/revisions"}],"predecessor-version":[{"id":11191,"href":"https:\/\/bisbalpenedes.com\/web\/wp-json\/wp\/v2\/posts\/11185\/revisions\/11191"}],"wp:featuredmedia":[{"embeddable":true,"href":"https:\/\/bisbalpenedes.com\/web\/wp-json\/wp\/v2\/media\/11186"}],"wp:attachment":[{"href":"https:\/\/bisbalpenedes.com\/web\/wp-json\/wp\/v2\/media?parent=11185"}],"wp:term":[{"taxonomy":"category","embeddable":true,"href":"https:\/\/bisbalpenedes.com\/web\/wp-json\/wp\/v2\/categories?post=11185"},{"taxonomy":"post_tag","embeddable":true,"href":"https:\/\/bisbalpenedes.com\/web\/wp-json\/wp\/v2\/tags?post=11185"}],"curies":[{"name":"wp","href":"https:\/\/api.w.org\/{rel}","templated":true}]}}