{"id":11177,"date":"2019-11-15T08:43:57","date_gmt":"2019-11-15T07:43:57","guid":{"rendered":"http:\/\/bisbalpenedes.com\/web\/?p=11177"},"modified":"2019-11-15T08:46:58","modified_gmt":"2019-11-15T07:46:58","slug":"la-junta-de-govern-ha-aprovat-liquidacio-de-limport-corresponent-al-conveni-de-manteniment-de-larea-recreativa-del-montmell","status":"publish","type":"post","link":"https:\/\/bisbalpenedes.com\/web\/2019\/11\/15\/la-junta-de-govern-ha-aprovat-liquidacio-de-limport-corresponent-al-conveni-de-manteniment-de-larea-recreativa-del-montmell\/","title":{"rendered":"La Junta de Govern ha aprovat liquidaci\u00f3 de l\u2019import corresponent al conveni de manteniment de l\u2019\u00c0rea Recreativa del Montmell"},"content":{"rendered":"<p style=\"text-align: justify;\"><span style=\"color: #000000;\">La Junta de Govern local ha aprovat el pagament de 796,15\u20ac corresponents el conveni de manteniment de l\u2019\u00c0rea Recreativa del Montmell per a l\u2019any 2019. Es tracta d\u2019un pagament que realitzen la majoria de municipis de la comarca amb l\u2019objectiu de mantenir i preservar aquest espai, ubicat a la serralada del Montmell i preparat per poder fer barbacoes i acampades a l\u2019aire lliure, pr\u00e8via autoritzaci\u00f3 per part de <a style=\"color: #000000;\" href=\"mailto:ajuntament@elmontmell.cat\">l\u2019Ajuntament del Montmell<\/a>. L\u2019espai compta amb barbacoes, zona de p\u00edcnic, lavabos i aigua potable.<\/span><\/p>\n<p style=\"text-align: justify;\"><span style=\"color: #000000;\">&#8212;<\/span><\/p>\n<p style=\"text-align: justify;\"><span style=\"color: #000000;\"><strong>CASTELLANO |<\/strong> La Junta de Gobierno local ha aprobado el pago de 796,15\u20ac correspondientes al convenio de mantenimiento del \u00c1rea Recreativa del Montmell para el a\u00f1o 2019. Se trata de un pago que realizan la mayor\u00eda de municipios de la comarca con el objetivo de mantener y preservar este espacio, ubicado en la cordillera del Montmell y preparado para poder hacer barbacoas y acampadas al aire libre, previa autorizaci\u00f3n por parte del <a style=\"color: #000000;\" href=\"mailto:ajuntament@elmontmell.cat\">Ayuntamiento del Montmell<\/a>. El espacio cuenta con barbacoas, zonas de p\u00edcnic, lavabos y agua potable.<\/span><\/p>\n","protected":false},"excerpt":{"rendered":"<p>La Junta de Govern local ha aprovat el pagament de 796,15\u20ac corresponents el conveni de manteniment de l\u2019\u00c0rea Recreativa del Montmell per a l\u2019any 2019. Es tracta d\u2019un pagament que &hellip; <a href=\"https:\/\/bisbalpenedes.com\/web\/2019\/11\/15\/la-junta-de-govern-ha-aprovat-liquidacio-de-limport-corresponent-al-conveni-de-manteniment-de-larea-recreativa-del-montmell\/\" class=\"more-link\">Read More<\/a><\/p>\n","protected":false},"author":4,"featured_media":11182,"comment_status":"closed","ping_status":"closed","sticky":false,"template":"","format":"standard","meta":[],"categories":[32],"tags":[3361,335,1814],"_links":{"self":[{"href":"https:\/\/bisbalpenedes.com\/web\/wp-json\/wp\/v2\/posts\/11177"}],"collection":[{"href":"https:\/\/bisbalpenedes.com\/web\/wp-json\/wp\/v2\/posts"}],"about":[{"href":"https:\/\/bisbalpenedes.com\/web\/wp-json\/wp\/v2\/types\/post"}],"author":[{"embeddable":true,"href":"https:\/\/bisbalpenedes.com\/web\/wp-json\/wp\/v2\/users\/4"}],"replies":[{"embeddable":true,"href":"https:\/\/bisbalpenedes.com\/web\/wp-json\/wp\/v2\/comments?post=11177"}],"version-history":[{"count":1,"href":"https:\/\/bisbalpenedes.com\/web\/wp-json\/wp\/v2\/posts\/11177\/revisions"}],"predecessor-version":[{"id":11178,"href":"https:\/\/bisbalpenedes.com\/web\/wp-json\/wp\/v2\/posts\/11177\/revisions\/11178"}],"wp:featuredmedia":[{"embeddable":true,"href":"https:\/\/bisbalpenedes.com\/web\/wp-json\/wp\/v2\/media\/11182"}],"wp:attachment":[{"href":"https:\/\/bisbalpenedes.com\/web\/wp-json\/wp\/v2\/media?parent=11177"}],"wp:term":[{"taxonomy":"category","embeddable":true,"href":"https:\/\/bisbalpenedes.com\/web\/wp-json\/wp\/v2\/categories?post=11177"},{"taxonomy":"post_tag","embeddable":true,"href":"https:\/\/bisbalpenedes.com\/web\/wp-json\/wp\/v2\/tags?post=11177"}],"curies":[{"name":"wp","href":"https:\/\/api.w.org\/{rel}","templated":true}]}}