{"id":11171,"date":"2019-11-14T12:29:15","date_gmt":"2019-11-14T11:29:15","guid":{"rendered":"http:\/\/bisbalpenedes.com\/web\/?p=11171"},"modified":"2019-11-14T12:36:31","modified_gmt":"2019-11-14T11:36:31","slug":"el-bisbalenc-ferran-sole-ha-fet-entrega-del-llibre-monstruos-y-superheroes-relatos-terremotos-de-las-islas-afortunadas-a-la-biblioteca","status":"publish","type":"post","link":"https:\/\/bisbalpenedes.com\/web\/2019\/11\/14\/el-bisbalenc-ferran-sole-ha-fet-entrega-del-llibre-monstruos-y-superheroes-relatos-terremotos-de-las-islas-afortunadas-a-la-biblioteca\/","title":{"rendered":"El bisbalenc Ferran Sol\u00e9 ha fet entrega del llibre \u201cMonstruos y superh\u00e9roes. Relatos terremotos de las islas afortunadas\u201d a la Biblioteca"},"content":{"rendered":"<figure id=\"attachment_11172\" aria-describedby=\"caption-attachment-11172\" style=\"width: 630px\" class=\"wp-caption aligncenter\"><a href=\"http:\/\/bisbalpenedes.com\/web\/wp-content\/uploads\/2019\/11\/FERRAN-SOLE-LLIBRE-2.jpg\"><img loading=\"lazy\" class=\"wp-image-11172 size-large\" src=\"http:\/\/bisbalpenedes.com\/web\/wp-content\/uploads\/2019\/11\/FERRAN-SOLE-LLIBRE-2-1024x682.jpg\" alt=\"FERRAN SOLE LLIBRE CANDE RDGUEZ\" width=\"630\" height=\"420\" srcset=\"https:\/\/bisbalpenedes.com\/web\/wp-content\/uploads\/2019\/11\/FERRAN-SOLE-LLIBRE-2-1024x682.jpg 1024w, https:\/\/bisbalpenedes.com\/web\/wp-content\/uploads\/2019\/11\/FERRAN-SOLE-LLIBRE-2-600x400.jpg 600w, https:\/\/bisbalpenedes.com\/web\/wp-content\/uploads\/2019\/11\/FERRAN-SOLE-LLIBRE-2-300x200.jpg 300w, https:\/\/bisbalpenedes.com\/web\/wp-content\/uploads\/2019\/11\/FERRAN-SOLE-LLIBRE-2-768x512.jpg 768w, https:\/\/bisbalpenedes.com\/web\/wp-content\/uploads\/2019\/11\/FERRAN-SOLE-LLIBRE-2.jpg 2048w\" sizes=\"(max-width: 630px) 100vw, 630px\" \/><\/a><figcaption id=\"caption-attachment-11172\" class=\"wp-caption-text\">L&#8217;alcaldessa Ang\u00e8s Ferr\u00e9 i la regidora de Cultura, Judith Vidal, han rebut el Ferran Sol\u00e9 a la Biblioteca<\/figcaption><\/figure>\n<p style=\"text-align: justify;\"><span style=\"color: #000000;\">El bisbalenc Ferran Sol\u00e9 ha fet entrega del llibre \u201cMonstruos y superh\u00e9roes. Relatos terremotos de las islas afortunadas\u201d a la Biblioteca p\u00fablica de la Bisbal del Pened\u00e8s. Es tracta d\u2019un nou recull de contes on participen diversos autors canaris, entre els quals hi ha la seva parella, Cande Rguez. El llibre estar\u00e0 disponible a la Biblioteca i es pot agafar en pr\u00e9stec.<\/span><\/p>\n<p style=\"text-align: justify;\"><span style=\"color: #000000;\">El maig de 2018 en Ferran va fer entrega d\u2019un altre recull en qu\u00e8 tamb\u00e9 va participar la Cande Rguez: \u201cRelatos breves para parejas aburridas o relatos aburridos para parejas breves\u201d. Tamb\u00e9 el podeu trobar a la Biblioteca p\u00fablica.<\/span><\/p>\n<hr \/>\n<p style=\"text-align: justify;\"><span style=\"color: #000000;\"><strong>CASTELLANO |<\/strong> El bisbalenc Ferran Sol\u00e9 ha hecho entrega del libro &#8220;Monstruos y superh\u00e9roes. Relatos terremotos de las islas afortunadas&#8221; a la Biblioteca p\u00fablica de la Bisbal del Pened\u00e8s. Se trata de una nueva recopilaci\u00f3n de cuentos en la que participan varios autores canarios, entre los que est\u00e1 su pareja, Cande Rguez. El libro\u00a0estar\u00e1 disponible en la Biblioteca y se puede\u00a0coger en pr\u00e9stamo.<\/span><\/p>\n<p style=\"text-align: justify;\"><span style=\"color: #000000;\">En mayo del 2018 Ferran entreg\u00f3 otra recopilaci\u00f3n en la que tambi\u00e9n particip\u00f3 Cande Rguez: &#8220;Relatos breves para parejas aburridas o relatos aburridos para parejas breves&#8221;. Tambi\u00e9n lo pod\u00e9is encontrar en la Biblioteca p\u00fablica.<\/span><\/p>\n","protected":false},"excerpt":{"rendered":"<p>El bisbalenc Ferran Sol\u00e9 ha fet entrega del llibre \u201cMonstruos y superh\u00e9roes. Relatos terremotos de las islas afortunadas\u201d a la Biblioteca p\u00fablica de la Bisbal del Pened\u00e8s. Es tracta d\u2019un &hellip; <a href=\"https:\/\/bisbalpenedes.com\/web\/2019\/11\/14\/el-bisbalenc-ferran-sole-ha-fet-entrega-del-llibre-monstruos-y-superheroes-relatos-terremotos-de-las-islas-afortunadas-a-la-biblioteca\/\" class=\"more-link\">Read More<\/a><\/p>\n","protected":false},"author":4,"featured_media":11172,"comment_status":"closed","ping_status":"closed","sticky":false,"template":"","format":"standard","meta":[],"categories":[2478,13],"tags":[3357,3358,47,3360,3359],"_links":{"self":[{"href":"https:\/\/bisbalpenedes.com\/web\/wp-json\/wp\/v2\/posts\/11171"}],"collection":[{"href":"https:\/\/bisbalpenedes.com\/web\/wp-json\/wp\/v2\/posts"}],"about":[{"href":"https:\/\/bisbalpenedes.com\/web\/wp-json\/wp\/v2\/types\/post"}],"author":[{"embeddable":true,"href":"https:\/\/bisbalpenedes.com\/web\/wp-json\/wp\/v2\/users\/4"}],"replies":[{"embeddable":true,"href":"https:\/\/bisbalpenedes.com\/web\/wp-json\/wp\/v2\/comments?post=11171"}],"version-history":[{"count":3,"href":"https:\/\/bisbalpenedes.com\/web\/wp-json\/wp\/v2\/posts\/11171\/revisions"}],"predecessor-version":[{"id":11175,"href":"https:\/\/bisbalpenedes.com\/web\/wp-json\/wp\/v2\/posts\/11171\/revisions\/11175"}],"wp:featuredmedia":[{"embeddable":true,"href":"https:\/\/bisbalpenedes.com\/web\/wp-json\/wp\/v2\/media\/11172"}],"wp:attachment":[{"href":"https:\/\/bisbalpenedes.com\/web\/wp-json\/wp\/v2\/media?parent=11171"}],"wp:term":[{"taxonomy":"category","embeddable":true,"href":"https:\/\/bisbalpenedes.com\/web\/wp-json\/wp\/v2\/categories?post=11171"},{"taxonomy":"post_tag","embeddable":true,"href":"https:\/\/bisbalpenedes.com\/web\/wp-json\/wp\/v2\/tags?post=11171"}],"curies":[{"name":"wp","href":"https:\/\/api.w.org\/{rel}","templated":true}]}}