{"id":11166,"date":"2019-11-14T10:16:10","date_gmt":"2019-11-14T09:16:10","guid":{"rendered":"http:\/\/bisbalpenedes.com\/web\/?p=11166"},"modified":"2019-11-14T10:18:16","modified_gmt":"2019-11-14T09:18:16","slug":"lajuntament-de-la-bisbal-ha-estat-present-en-la-reunio-tecnica-damtu-per-a-la-t-mobilitat-aquest-dimarts","status":"publish","type":"post","link":"https:\/\/bisbalpenedes.com\/web\/2019\/11\/14\/lajuntament-de-la-bisbal-ha-estat-present-en-la-reunio-tecnica-damtu-per-a-la-t-mobilitat-aquest-dimarts\/","title":{"rendered":"L\u2019Ajuntament de la Bisbal ha estat present en la reuni\u00f3 t\u00e8cnica d\u2019AMTU per a la T-mobilitat aquest dimarts"},"content":{"rendered":"<p style=\"text-align: justify;\"><a href=\"http:\/\/bisbalpenedes.com\/web\/wp-content\/uploads\/2019\/11\/FOTO-AMTU4.jpg\"><img loading=\"lazy\" class=\"aligncenter size-thumbnail wp-image-11167\" src=\"http:\/\/bisbalpenedes.com\/web\/wp-content\/uploads\/2019\/11\/FOTO-AMTU4-150x150.jpg\" alt=\"FOTO AMTU4\" width=\"150\" height=\"150\" srcset=\"https:\/\/bisbalpenedes.com\/web\/wp-content\/uploads\/2019\/11\/FOTO-AMTU4-150x150.jpg 150w, https:\/\/bisbalpenedes.com\/web\/wp-content\/uploads\/2019\/11\/FOTO-AMTU4-300x300.jpg 300w, https:\/\/bisbalpenedes.com\/web\/wp-content\/uploads\/2019\/11\/FOTO-AMTU4-100x100.jpg 100w\" sizes=\"(max-width: 150px) 100vw, 150px\" \/><\/a><\/p>\n<p style=\"text-align: justify;\"><span style=\"color: #000000;\">L\u2019alcaldessa Agn\u00e8s Ferr\u00e9 i la primera tinenta d\u2019alcaldia, Judith Vidal, han assistit a la reuni\u00f3 t\u00e8cnica de l\u2019Associaci\u00f3 de Municipis per la Mobilitat i el Transport Urb\u00e0 (AMTU)\u00a0sobre la T-Mobilitat, que ha tingut lloc aquest dimarts 12 de novembre a Sabadell. La T-Mobilitat \u00e9s un sistema de pagament del transport urb\u00e0 amb tecnologia sense contacte que entrar\u00e0 en funcionament l\u2019any 2020. La reuni\u00f3 d\u2019aquest dimarts ha servit per aclarir dubtes i incerteses, generades amb la implantaci\u00f3 del projecte, als membres de l\u2019entitat.<\/span><\/p>\n<p style=\"text-align: justify;\"><span style=\"color: #000000;\">En l\u2019actualitat s\u2019estan fent les preinstal\u00b7lacions t\u00e8cniques necess\u00e0ries als autobusos i estacions ferrovi\u00e0ries dels diversos operadors de transport perqu\u00e8 al 2020 entri en funcionament. L\u2019alcaldessa Agn\u00e8s Ferr\u00e9 ha destacat que \u201cla reuni\u00f3 ha estat molt profitosa i ens ha perm\u00e8s con\u00e8ixer de primera m\u00e0 projectes tan importants com la T-Mobilitat, la targeta de la ciutadania i la implantaci\u00f3 del transport a demanda a Catalunya\u201d.<\/span><\/p>\n<p style=\"text-align: justify;\"><span style=\"color: #000000;\">L\u2019Ajuntament de la Bisbal del Pened\u00e8s \u00e9s membre de l\u2019AMTU des de l\u2019any 2017. Aquesta entitat treballa per la millora de la mobilitat i les infraestructures de transport p\u00fablic d\u2019arreu de Catalunya i d\u00f3na suport t\u00e8cnic, jur\u00eddic i administratiu als seus associats.<\/span><\/p>\n<hr \/>\n<p style=\"text-align: justify;\"><span style=\"color: #000000;\"><strong>CASTELLANO |<\/strong>\u00a0La alcaldesa Agn\u00e8s Ferr\u00e9 y la primera tenienta de alcaldesa, Judith Vidal, han asistido a la reuni\u00f3n t\u00e9cnica de la Associaci\u00f3 de Municipis per la Mobilitat i el Transport Urb\u00e0 (AMTU) sobre la T-Mobilitat, que ha tenido lugar este martes 12 de noviembre en Sabadell. La T-Mobilitat es un sistema de pago del transporte urbano con tecnolog\u00eda sin contacto que entrar\u00e1 en funcionamiento en el a\u00f1o 2020. La reuni\u00f3n de este martes ha servido para aclarar dudas e incertidumbres, generadas con la implantaci\u00f3n del proyecto, a los miembros de la entidad.<\/span><\/p>\n<p style=\"text-align: justify;\"><span style=\"color: #000000;\">En la actualidad se est\u00e1n llevando a cabo las preinstalaciones t\u00e9cnicas necesarias en los autobuses y estaciones ferroviarias de\u00a0varios operadores de transporte para que en el 2020 entre en funcionamiento. La alcaldesa Agn\u00e8s Ferr\u00e9 ha destacado que &#8220;la reuni\u00f3n ha sido muy provechosa y nos ha permitido conocer de primera mano proyectos tan importantes como la T-Mobilitat, la tarjeta de la ciudadan\u00eda y la implantaci\u00f3n del transporte a demanda en Catalunya&#8221;.<\/span><\/p>\n<p style=\"text-align: justify;\"><span style=\"color: #000000;\">El Ayuntamiento de la Bisbal del Pened\u00e8s es miembro de AMTU desde el a\u00f1o 2017. Esta entidad trabaja por la mejora de la movilidad y las infraestructuras del transporte p\u00fablico en Catalunya y ofrece soporte t\u00e9cnico, jur\u00eddico y administrativo a sus asociados.<\/span><\/p>\n<p>&nbsp;<\/p>\n","protected":false},"excerpt":{"rendered":"<p>L\u2019alcaldessa Agn\u00e8s Ferr\u00e9 i la primera tinenta d\u2019alcaldia, Judith Vidal, han assistit a la reuni\u00f3 t\u00e8cnica de l\u2019Associaci\u00f3 de Municipis per la Mobilitat i el Transport Urb\u00e0 (AMTU)\u00a0sobre la T-Mobilitat, &hellip; <a href=\"https:\/\/bisbalpenedes.com\/web\/2019\/11\/14\/lajuntament-de-la-bisbal-ha-estat-present-en-la-reunio-tecnica-damtu-per-a-la-t-mobilitat-aquest-dimarts\/\" class=\"more-link\">Read More<\/a><\/p>\n","protected":false},"author":4,"featured_media":11167,"comment_status":"closed","ping_status":"closed","sticky":false,"template":"","format":"standard","meta":[],"categories":[2711,15],"tags":[2530,3356,3355,199],"_links":{"self":[{"href":"https:\/\/bisbalpenedes.com\/web\/wp-json\/wp\/v2\/posts\/11166"}],"collection":[{"href":"https:\/\/bisbalpenedes.com\/web\/wp-json\/wp\/v2\/posts"}],"about":[{"href":"https:\/\/bisbalpenedes.com\/web\/wp-json\/wp\/v2\/types\/post"}],"author":[{"embeddable":true,"href":"https:\/\/bisbalpenedes.com\/web\/wp-json\/wp\/v2\/users\/4"}],"replies":[{"embeddable":true,"href":"https:\/\/bisbalpenedes.com\/web\/wp-json\/wp\/v2\/comments?post=11166"}],"version-history":[{"count":3,"href":"https:\/\/bisbalpenedes.com\/web\/wp-json\/wp\/v2\/posts\/11166\/revisions"}],"predecessor-version":[{"id":11170,"href":"https:\/\/bisbalpenedes.com\/web\/wp-json\/wp\/v2\/posts\/11166\/revisions\/11170"}],"wp:featuredmedia":[{"embeddable":true,"href":"https:\/\/bisbalpenedes.com\/web\/wp-json\/wp\/v2\/media\/11167"}],"wp:attachment":[{"href":"https:\/\/bisbalpenedes.com\/web\/wp-json\/wp\/v2\/media?parent=11166"}],"wp:term":[{"taxonomy":"category","embeddable":true,"href":"https:\/\/bisbalpenedes.com\/web\/wp-json\/wp\/v2\/categories?post=11166"},{"taxonomy":"post_tag","embeddable":true,"href":"https:\/\/bisbalpenedes.com\/web\/wp-json\/wp\/v2\/tags?post=11166"}],"curies":[{"name":"wp","href":"https:\/\/api.w.org\/{rel}","templated":true}]}}