{"id":11163,"date":"2019-11-13T17:02:25","date_gmt":"2019-11-13T16:02:25","guid":{"rendered":"http:\/\/bisbalpenedes.com\/web\/?p=11163"},"modified":"2019-11-13T17:02:25","modified_gmt":"2019-11-13T16:02:25","slug":"lajuntament-substituira-la-xarxa-daigua-i-enllumenat-public-al-barri-de-la-riba-durant-lany-2021","status":"publish","type":"post","link":"https:\/\/bisbalpenedes.com\/web\/2019\/11\/13\/lajuntament-substituira-la-xarxa-daigua-i-enllumenat-public-al-barri-de-la-riba-durant-lany-2021\/","title":{"rendered":"L\u2019Ajuntament substituir\u00e0 la xarxa d\u2019aigua i enllumenat p\u00fablic al barri de la Riba durant l\u2019any 2021"},"content":{"rendered":"<p><a href=\"http:\/\/bisbalpenedes.com\/web\/wp-content\/uploads\/2019\/11\/BARRI-DE-LA-RIBA.jpg\"><img loading=\"lazy\" class=\"aligncenter size-large wp-image-11164\" src=\"http:\/\/bisbalpenedes.com\/web\/wp-content\/uploads\/2019\/11\/BARRI-DE-LA-RIBA-1024x683.jpg\" alt=\"BARRI DE LA RIBA\" width=\"630\" height=\"420\" srcset=\"https:\/\/bisbalpenedes.com\/web\/wp-content\/uploads\/2019\/11\/BARRI-DE-LA-RIBA-1024x683.jpg 1024w, https:\/\/bisbalpenedes.com\/web\/wp-content\/uploads\/2019\/11\/BARRI-DE-LA-RIBA-600x400.jpg 600w, https:\/\/bisbalpenedes.com\/web\/wp-content\/uploads\/2019\/11\/BARRI-DE-LA-RIBA-300x200.jpg 300w, https:\/\/bisbalpenedes.com\/web\/wp-content\/uploads\/2019\/11\/BARRI-DE-LA-RIBA-768x512.jpg 768w\" sizes=\"(max-width: 630px) 100vw, 630px\" \/><\/a><\/p>\n<p>La Junta de Govern del dilluns 11 de novembre de 2019 ha aprovat la sol\u00b7licitud de la subvenci\u00f3 del Pla \u00danic d\u2019Obres i Serveis de la Generalitat de Catalunya (PUOSC) amb l\u2019objectiu de destinar-la a les obres de substituci\u00f3 de les xarxes d\u2019aigua potable i d\u2019enllumenat p\u00fablic del barri de la Riba. L\u2019import total d\u2019aquest projecte ascendeix a 1.119.331,72\u20ac (IVA incl\u00f2s), una quantitat que inclou l\u2019obra civil, la xarxa d\u2019aigua potable, l\u2019enllumenat i la xarxa soterrada de telecomunicacions. Quant a la subvenci\u00f3, s\u2019ha sol\u00b7licitat per un import de 370.000\u20ac, el que suposaria prop d\u2019un 33% de la despesa.<br \/>\nLes regidories d\u2019Urbanisme i de Servei d\u2019abastament d\u2019aigua i enllumenat han proposat destinar la subvenci\u00f3 del PUOSC a aquest projecte perqu\u00e8, segons ha explicat l\u2019alcaldessa i Regidora d\u2019Urbanisme, Agn\u00e8s Ferr\u00e9, \u201cel barri de la Riba t\u00e9 les canonades d\u2019aigua m\u00e9s antigues del municipi, provocant constantment fuites d\u2019aigua amb la conseq\u00fcent mol\u00e8stia per al ve\u00efnatge i tamb\u00e9 la p\u00e8rdua d\u2019aigua. T\u00e9 canonades de polietil\u00e8 a la part m\u00e9s nova per\u00f2 la major part del barri t\u00e9 canonades de fibrociment i escomeses de plom\u201d. Quant a l\u2019enllumenat, Ferr\u00e9 ha exposat que \u201c\u00e9s molt antic, presenta moltes avaries i, com que no \u00e9s aeri, no compta amb xarxa soterrada per a telecomunicacions\u201d.<br \/>\nEls 370.000\u20ac sol\u00b7licitats corresponen a dues l\u00ednies de subvenci\u00f3. D\u2019una banda, s\u2019han sol\u00b7licitat 250.000\u20ac, \u00e9s a dir, l\u2019import m\u00e0xim que es pot sol\u00b7licitar, per a inversions. De l\u2019altra, s\u2019han demanat 120.000\u20ac de la l\u00ednia de subvencions per a acci\u00f3 territorial en municipis de menys de 5.000 habitants. En aquest cas tamb\u00e9 es tracta de l\u2019import m\u00e0xim que es pot sol\u00b7licitar per a aquesta l\u00ednia d\u2019ajuts.<br \/>\nLes intervencions consistiran en:<\/p>\n<p style=\"padding-left: 30px;\">\n<strong>\u2022 Xarxa d\u2019enllumenat p\u00fablic:<\/strong> substituir i soterrar tot el cablejat, canviar els llums actuals dels fanals per leds.<\/p>\n<p style=\"padding-left: 30px;\"><strong>\u2022 Xarxa d\u2019aigua:<\/strong> substituir totes les canonades, col\u00b7locar claus de pas per sector perqu\u00e8 en cas d\u2019avaries nom\u00e9s es tanqui el sector afectat, instal\u00b7lar boques de rec i hidrants d\u2019incendis, instal\u00b7lar ventosa a la part alta del barri pel buidatge d\u2019aire de la canonada.<\/p>\n<p style=\"padding-left: 30px;\"><strong>\u2022 Xarxa per telecomunicacions:<\/strong> s\u2019aprofitaran les obres d\u2019aixecament dels carrers per instal\u00b7lar la xarxa soterrada per a futures connexions de fibra \u00f2ptica i altres telecomunicacions.<\/p>\n<p>L\u2019Ajuntament de la Bisbal del Pened\u00e8s redactar\u00e0 el projecte durant l\u2019any 2020 i est\u00e0 previst que les obres s\u2019executin durant el 2021.<\/p>\n<hr \/>\n<p><strong>CASTELLANO |<\/strong> La Junta de Gobierno del lunes 11 de noviembre del 2019 ha aprobado la solicitud de la subvenci\u00f3n del Plan \u00danico de Obras y Servicios de la Generalitat de Catalunya (PUOSC) con el objetivo de destinarla a las obras de sustituci\u00f3n de las redes de agua potable y alumbrado p\u00fablico del barrio de la Riba. El importe total de este proyecto asciende a 1.119.331,72\u20ac (IVA incluido), una cantidad que incluye la obra civil, la red de agua potable, el alumbrado y la red soterrada de telecomunicaciones. En cuanto a la subvenci\u00f3n, se ha solicitado por un importe de 370.000\u20ac, lo que supondr\u00eda cerca de un 33% del gasto.<br \/>\nLas concejal\u00edas de Urbanismo y de Servicio de abastecimiento de agua y alumbrado han propuesto destinar la subvenci\u00f3n del PUOSC a este proyecto porqu\u00e9, seg\u00fan ha explicado la alcaldesa y Concejala de Urbanismo, Agn\u00e8s Ferr\u00e9, \u201cel barrio de la Riba tiene las tuber\u00edas de agua m\u00e1s antiguas del municipio, provocando constantemente fugas de agua con la consecuente molestia para los vecinos y tambi\u00e9n la p\u00e9rdida de agua. Tiene tuber\u00edas de polietileno en la parte m\u00e1s nueva pero la mayor parte del barrio tiene tuber\u00edas de fibrocemento y acometidas de plomo\u201d. En cuanto al alumbrado, Ferr\u00e9 ha expuesto que \u201ces muy antiguo, presenta muchas aver\u00edas y, como que no es a\u00e9reo, no cuenta con red subterr\u00e1nea para telecomunicaciones\u201d.<br \/>\nLos 370.000\u20ac solicitados corresponden a dos l\u00edneas de subvenci\u00f3n. Por un lado, se han solicitado 250.000\u20ac, es decir, el importe m\u00e1ximo que se puede solicitar, para inversiones. Por otro lado, se han pedido 120.000\u20ac de la l\u00ednea de subvenciones para acci\u00f3n territorial en municipios de menos de 5.000 habitantes. En este caso tambi\u00e9n se trata del importe m\u00e1ximo que se puede solicitar para esta l\u00ednea de ayudas.<br \/>\nLas intervenciones consistir\u00e1n en:<\/p>\n<p style=\"padding-left: 30px;\">\n<strong>\u2022 Red de alumbrado p\u00fablico:<\/strong> sustituir y soterrar todo el cableado, cambiar las luces actuales de las farolas por leds.<br \/>\n<strong>\u2022 Red de agua:<\/strong> sustituir todas las tuber\u00edas, colocar llaves de paso por sector para que en caso de aver\u00edas solo se cierre el sector afectado, instalar bocas de riego e hidrantes de incendios, instalar ventosa en la parte alta del barrio para el vaciado del aire de la tuber\u00eda.<br \/>\n<strong>\u2022 Red para telecomunicaciones:<\/strong> se aprovechar\u00e1n las obras de levantamiento de las calles para instalar la red subterr\u00e1nea para futuras conexiones de fibra \u00f3ptica y otras telecomunicaciones.<\/p>\n<p>El Ayuntamiento de la Bisbal del Pened\u00e8s redactar\u00e1 el proyecto durante el a\u00f1o 2020 y est\u00e1 previsto que las obras se ejecuten durante el 2021.<\/p>\n","protected":false},"excerpt":{"rendered":"<p>La Junta de Govern del dilluns 11 de novembre de 2019 ha aprovat la sol\u00b7licitud de la subvenci\u00f3 del Pla \u00danic d\u2019Obres i Serveis de la Generalitat de Catalunya (PUOSC) &hellip; <a href=\"https:\/\/bisbalpenedes.com\/web\/2019\/11\/13\/lajuntament-substituira-la-xarxa-daigua-i-enllumenat-public-al-barri-de-la-riba-durant-lany-2021\/\" class=\"more-link\">Read More<\/a><\/p>\n","protected":false},"author":4,"featured_media":11164,"comment_status":"closed","ping_status":"closed","sticky":false,"template":"","format":"standard","meta":[],"categories":[3352,15],"tags":[161,1005,1106,2390,1869,1337,441,3354,3353],"_links":{"self":[{"href":"https:\/\/bisbalpenedes.com\/web\/wp-json\/wp\/v2\/posts\/11163"}],"collection":[{"href":"https:\/\/bisbalpenedes.com\/web\/wp-json\/wp\/v2\/posts"}],"about":[{"href":"https:\/\/bisbalpenedes.com\/web\/wp-json\/wp\/v2\/types\/post"}],"author":[{"embeddable":true,"href":"https:\/\/bisbalpenedes.com\/web\/wp-json\/wp\/v2\/users\/4"}],"replies":[{"embeddable":true,"href":"https:\/\/bisbalpenedes.com\/web\/wp-json\/wp\/v2\/comments?post=11163"}],"version-history":[{"count":1,"href":"https:\/\/bisbalpenedes.com\/web\/wp-json\/wp\/v2\/posts\/11163\/revisions"}],"predecessor-version":[{"id":11165,"href":"https:\/\/bisbalpenedes.com\/web\/wp-json\/wp\/v2\/posts\/11163\/revisions\/11165"}],"wp:featuredmedia":[{"embeddable":true,"href":"https:\/\/bisbalpenedes.com\/web\/wp-json\/wp\/v2\/media\/11164"}],"wp:attachment":[{"href":"https:\/\/bisbalpenedes.com\/web\/wp-json\/wp\/v2\/media?parent=11163"}],"wp:term":[{"taxonomy":"category","embeddable":true,"href":"https:\/\/bisbalpenedes.com\/web\/wp-json\/wp\/v2\/categories?post=11163"},{"taxonomy":"post_tag","embeddable":true,"href":"https:\/\/bisbalpenedes.com\/web\/wp-json\/wp\/v2\/tags?post=11163"}],"curies":[{"name":"wp","href":"https:\/\/api.w.org\/{rel}","templated":true}]}}