{"id":11154,"date":"2019-11-12T17:39:40","date_gmt":"2019-11-12T16:39:40","guid":{"rendered":"http:\/\/bisbalpenedes.com\/web\/?p=11154"},"modified":"2019-11-12T17:39:40","modified_gmt":"2019-11-12T16:39:40","slug":"la-bisbal-del-penedes-disposara-de-cameres-de-videovigilancia-als-accessos-de-tots-els-nuclis-del-municipi","status":"publish","type":"post","link":"https:\/\/bisbalpenedes.com\/web\/2019\/11\/12\/la-bisbal-del-penedes-disposara-de-cameres-de-videovigilancia-als-accessos-de-tots-els-nuclis-del-municipi\/","title":{"rendered":"La Bisbal del Pened\u00e8s disposar\u00e0 de c\u00e0meres de videovigil\u00e0ncia als accessos de tots els nuclis del municipi"},"content":{"rendered":"<p style=\"text-align: justify;\"><a href=\"http:\/\/bisbalpenedes.com\/web\/wp-content\/uploads\/2019\/11\/PRIORAT-DE-LA-BISBAL-DES-DEL-PONT-DE-LAUTOPISTA.jpg\"><img loading=\"lazy\" class=\"aligncenter size-large wp-image-11155\" src=\"http:\/\/bisbalpenedes.com\/web\/wp-content\/uploads\/2019\/11\/PRIORAT-DE-LA-BISBAL-DES-DEL-PONT-DE-LAUTOPISTA-1024x683.jpg\" alt=\"PRIORAT DE LA BISBAL DES DEL PONT DE L'AUTOPISTA\" width=\"630\" height=\"420\" srcset=\"https:\/\/bisbalpenedes.com\/web\/wp-content\/uploads\/2019\/11\/PRIORAT-DE-LA-BISBAL-DES-DEL-PONT-DE-LAUTOPISTA-1024x683.jpg 1024w, https:\/\/bisbalpenedes.com\/web\/wp-content\/uploads\/2019\/11\/PRIORAT-DE-LA-BISBAL-DES-DEL-PONT-DE-LAUTOPISTA-600x400.jpg 600w, https:\/\/bisbalpenedes.com\/web\/wp-content\/uploads\/2019\/11\/PRIORAT-DE-LA-BISBAL-DES-DEL-PONT-DE-LAUTOPISTA-300x200.jpg 300w, https:\/\/bisbalpenedes.com\/web\/wp-content\/uploads\/2019\/11\/PRIORAT-DE-LA-BISBAL-DES-DEL-PONT-DE-LAUTOPISTA-768x512.jpg 768w\" sizes=\"(max-width: 630px) 100vw, 630px\" \/><\/a><\/p>\n<p style=\"text-align: justify;\"><span style=\"color: #000000;\">La Junta de Govern ha aprovat, aquest dilluns 11 de novembre, un conveni de col\u00b7laboraci\u00f3 entre el Departament d\u2019Interior de la Generalitat de Catalunya i l\u2019Ajuntament de la Bisbal del Pened\u00e8s per a l\u2019execuci\u00f3 d\u2019un projecte pilot en mat\u00e8ria de videovigil\u00e0ncia per part de la policia de la Generalitat-Mossos d\u2019Esquadra. Aix\u00ed, durant l\u2019any 2020 s\u2019iniciar\u00e0 la instal\u00b7laci\u00f3 d\u2019un sistema de videovigil\u00e0ncia, amb c\u00e0meres lectores de matr\u00edcules, a les entrades i sortides de tots els nuclis del municipi, amb l\u2019objectiu de contribuir a millorar la seguretat ciutadana i assegurar la conviv\u00e8ncia ciutadana i la utilitzaci\u00f3 pac\u00edfica de les vies i espais p\u00fablics.<\/span><\/p>\n<p style=\"text-align: justify;\"><span style=\"color: #000000;\">L\u2019Ajuntament t\u00e9 previst incloure una partida, corresponent a l\u2019adquisici\u00f3 dels dispositius de videovigil\u00e0ncia fixos en el pressupost de l\u2019any 2020. Es tracta d\u2019una inversi\u00f3 elevada i, per aquest motiu, l\u2019alcaldessa de la vila, Agn\u00e8s Ferr\u00e9, ha volgut aclarir que \u201cper l\u2019import de la inversi\u00f3, la instal\u00b7laci\u00f3 es far\u00e0 per fases\u201d. El projecte pilot tindr\u00e0 un per\u00edode de prova d\u2019un any, abans de procedir a donar l\u2019experi\u00e8ncia com a definitiva. Durant aquest per\u00edode inicial es corregiran possibles disfuncions, es plantejaran opcions de millora i es definiran, amb m\u00e9s exactitud, les corresponsabilitats econ\u00f2miques de les administracions intervinents en el desenvolupament definitiu del projecte. Per tot plegat, es constituir\u00e0 la Comissi\u00f3 d\u2019Avaluaci\u00f3 i Seguiment que, per part de l\u2019Ajuntament, estar\u00e0 representada per l\u2019alcaldessa Agn\u00e8s Ferr\u00e9 i el regidor de Seguretat Ciutadana, F\u00e9lix Villaz\u00e1n.<\/span><\/p>\n<p style=\"text-align: justify;\"><span style=\"color: #000000;\">Segons el regidor de Seguretat Ciutadana, F\u00e9lix Villaz\u00e1n, \u201caquest \u00e9s un gran pas endavant per a la tranquil\u00b7litat dels bisbalencs i per prevenir i pal\u00b7liar tant infraccions en la seguretat p\u00fablica com conductes que produeixin danys a les persones o els b\u00e9ns\u201d. L\u2019alcaldessa de la Bisbal del Pened\u00e8s, Agn\u00e8s Ferr\u00e9, ha explicat que \u201caquest sistema de videovigil\u00e0ncia contribuir\u00e0 a millorar la seguretat ciutadana i la conviv\u00e8ncia per\u00f2 tamb\u00e9 servir\u00e0 perqu\u00e8 els Mossos d\u2019Esquadra puguin investigar possibles infraccions civils o penals i, en casos que es produeixin alteracions i desordres greus de la seguretat ciutadana, es podran fer servir les imatges obtingudes com a prova\u201d. Ferr\u00e9 ha explicat que \u201cja fa mesos que fem reunions i treballem en l\u2019elaboraci\u00f3 del conveni a fi i efecte de poder formar part d\u2019aquest projecte pilot per\u00f2, fins que no hem tingut la fibra \u00f2ptica operativa a tot el municipi, no l\u2019hem pogut tirar endavant, ja que aquest era un requeriment necessari per poder transmetre les dades al servidor de la Direcci\u00f3 General de la Policia\u201d. Quant a les dades obtingudes, la batllessa bisbalenca ha explicat que \u201csempre es respectar\u00e0 la intimitat dels ciutadans\u201d. L\u2019Ajuntament de la Bisbal del Pened\u00e8s no tindr\u00e0 acc\u00e9s directe a les imatges, sin\u00f3 que, aquestes, seran gestionades directament des de Mossos d\u2019Esquadra i el titular de les dades que s\u2019obtinguin mitjan\u00e7ant els dispositius ser\u00e0 la Direcci\u00f3 General de Policia.<\/span><\/p>\n<hr \/>\n<p style=\"text-align: justify;\"><span style=\"color: #000000;\"><strong>CASTELLANO |<\/strong> La Junta de Gobierno ha aprobado, este lunes 11 de noviembre, un convenio de colaboraci\u00f3n entre el Departamento de Interior de la Generalitat de Catalunya y el Ayuntamiento de la Bisbal del Pened\u00e8s para la ejecuci\u00f3n de un proyecto piloto en materia de videovigilancia por parte de la polic\u00eda de la Generalitat-Mossos d\u2019Esquadra. As\u00ed, durante el a\u00f1o 2020 se iniciar\u00e1 la instalaci\u00f3n de un sistema de videovigilancia, con c\u00e1maras lectoras de matr\u00edculas, en las entradas y salidas de todos los n\u00facleos del municipio, con el objetivo de contribuir a mejorar la seguridad ciudadana y asegurar la convivencia ciudadana y la utilizaci\u00f3n pac\u00edfica de las v\u00edas y espacios p\u00fablicos.<\/span><\/p>\n<p style=\"text-align: justify;\"><span style=\"color: #000000;\">El Ayuntamiento tiene previsto incluir una partida, correspondiente a la adquisici\u00f3n de los dispositivos de videovigilancia fijos en el presupuesto del a\u00f1o 2020. Se trata de una inversi\u00f3n elevada y, por este motivo, la alcaldesa del municipio, Agn\u00e8s Ferr\u00e9, ha querido aclarar que \u201cpor el importe de la inversi\u00f3n, la instalaci\u00f3n se har\u00e1 por fases\u201d. El proyecto piloto tendr\u00e1 un periodo de prueba de un a\u00f1o, antes de proceder a dar la experiencia como definitiva. Durante este periodo inicial se corregir\u00e1n posibles disfunciones, se plantear\u00e1n opciones de mejora y se definir\u00e1n, con m\u00e1s exactitud, las corresponsabilidades econ\u00f3micas de las administraciones intervinientes en el desarrollo definitivo del proyecto. Por todo esto, se constituir\u00e1 la Comisi\u00f3n de Evaluaci\u00f3n y Seguimiento que, por parte del Ayuntamiento, estar\u00e1 representada por la alcaldesa Agn\u00e8s Ferr\u00e9 y el concejal de Seguridad Ciudadana, F\u00e9lix Villaz\u00e1n.<\/span><\/p>\n<p style=\"text-align: justify;\"><span style=\"color: #000000;\">Seg\u00fan el concejal de Seguridad Ciudadana, F\u00e9lix Villaz\u00e1n, \u201ceste es un gran paso adelante para la tranquilidad de los bisbalencs y para prevenir y paliar tanto las infracciones en la seguridad p\u00fablica como las conductas que producen da\u00f1os a las personas o los bienes\u201d. La alcaldesa de la Bisbal del Pened\u00e8s, Agn\u00e8s Ferr\u00e9, ha explicado que \u201ceste sistema de videovigilancia contribuir\u00e1 a mejorar la seguridad ciudadana y la convivencia pero tambi\u00e9n servir\u00e1 para que el cuerpo de Mossos d\u2019Esquadra pueda investigar posibles infracciones civiles o penales y, en los casos en los que se produzcan alteraciones y des\u00f3rdenes graves de la seguridad ciudadana, se podr\u00e1n emplear las im\u00e1genes obtenidas como prueba\u201d. Ferr\u00e9 ha explicado que \u201cya hace meses que tenemos reuniones y trabajamos en la elaboraci\u00f3n del convenio a fin de poder formar parte de este proyecto piloto pero, hasta que no hemos tenido la fibra \u00f3ptica operativa en todo el municipio, no lo hemos podido llevar a cabo, ya que este era un requerimiento necesario para poder transmitir los datos al servidor de la Direcci\u00f3n General de la Polic\u00eda\u201d. En cuanto a los datos obtenidos, la alcaldesa bisbalenca ha explicado que \u201csiempre se respetar\u00e1 la intimidad de los ciudadanos\u201d. El Ayuntamiento de la Bisbal del Pened\u00e8s no tendr\u00e1 acceso directo a las im\u00e1genes, sino que, estas, se gestionar\u00e1n directamente desde Mossos d\u2019Esquadra y el titular de los datos que se obtengan mediante los dispositivos ser\u00e1 la Direcci\u00f3n General de Polic\u00eda.<\/span><\/p>\n<p><span style=\"color: #000000;\"><strong>\u00a0<\/strong><\/span><\/p>\n<p>&nbsp;<\/p>\n","protected":false},"excerpt":{"rendered":"<p>La Junta de Govern ha aprovat, aquest dilluns 11 de novembre, un conveni de col\u00b7laboraci\u00f3 entre el Departament d\u2019Interior de la Generalitat de Catalunya i l\u2019Ajuntament de la Bisbal del &hellip; <a href=\"https:\/\/bisbalpenedes.com\/web\/2019\/11\/12\/la-bisbal-del-penedes-disposara-de-cameres-de-videovigilancia-als-accessos-de-tots-els-nuclis-del-municipi\/\" class=\"more-link\">Read More<\/a><\/p>\n","protected":false},"author":4,"featured_media":11155,"comment_status":"closed","ping_status":"closed","sticky":false,"template":"","format":"standard","meta":[],"categories":[3304],"tags":[3349,3351,3350,473,2008,46,3305],"_links":{"self":[{"href":"https:\/\/bisbalpenedes.com\/web\/wp-json\/wp\/v2\/posts\/11154"}],"collection":[{"href":"https:\/\/bisbalpenedes.com\/web\/wp-json\/wp\/v2\/posts"}],"about":[{"href":"https:\/\/bisbalpenedes.com\/web\/wp-json\/wp\/v2\/types\/post"}],"author":[{"embeddable":true,"href":"https:\/\/bisbalpenedes.com\/web\/wp-json\/wp\/v2\/users\/4"}],"replies":[{"embeddable":true,"href":"https:\/\/bisbalpenedes.com\/web\/wp-json\/wp\/v2\/comments?post=11154"}],"version-history":[{"count":1,"href":"https:\/\/bisbalpenedes.com\/web\/wp-json\/wp\/v2\/posts\/11154\/revisions"}],"predecessor-version":[{"id":11156,"href":"https:\/\/bisbalpenedes.com\/web\/wp-json\/wp\/v2\/posts\/11154\/revisions\/11156"}],"wp:featuredmedia":[{"embeddable":true,"href":"https:\/\/bisbalpenedes.com\/web\/wp-json\/wp\/v2\/media\/11155"}],"wp:attachment":[{"href":"https:\/\/bisbalpenedes.com\/web\/wp-json\/wp\/v2\/media?parent=11154"}],"wp:term":[{"taxonomy":"category","embeddable":true,"href":"https:\/\/bisbalpenedes.com\/web\/wp-json\/wp\/v2\/categories?post=11154"},{"taxonomy":"post_tag","embeddable":true,"href":"https:\/\/bisbalpenedes.com\/web\/wp-json\/wp\/v2\/tags?post=11154"}],"curies":[{"name":"wp","href":"https:\/\/api.w.org\/{rel}","templated":true}]}}