{"id":11146,"date":"2019-11-12T13:01:53","date_gmt":"2019-11-12T12:01:53","guid":{"rendered":"http:\/\/bisbalpenedes.com\/web\/?p=11146"},"modified":"2019-11-12T13:01:53","modified_gmt":"2019-11-12T12:01:53","slug":"el-raco-de-la-gent-gran-oferira-la-pellicula-la-llum-delna-aquest-divendres-a-les-17-30h","status":"publish","type":"post","link":"https:\/\/bisbalpenedes.com\/web\/2019\/11\/12\/el-raco-de-la-gent-gran-oferira-la-pellicula-la-llum-delna-aquest-divendres-a-les-17-30h\/","title":{"rendered":"El Rac\u00f3 de la Gent Gran oferir\u00e0 la pel\u00b7l\u00edcula &#8220;La llum d&#8217;Elna&#8221; aquest divendres a les 17.30h"},"content":{"rendered":"<p><span style=\"color: #000000;\">El Rac\u00f3 de la Gent Gran oferir\u00e0 la pel\u00b7l\u00edcula &#8220;La llum d&#8217;Elna&#8221; aquest divendres 15 de novembre a les 17:30h.<\/span><\/p>\n<hr \/>\n<div class=\"text_exposed_show\">\n<p><span style=\"color: #000000;\">El Rac\u00f3 de la Gent Gran oferir\u00e0 la pel\u00b7l\u00edcula &#8220;La llum d&#8217;Elna&#8221; aquest divendres 15 de novembre a les 17:30h.<\/span><\/p>\n<\/div>\n<p><iframe loading=\"lazy\" src=\"https:\/\/www.youtube.com\/embed\/bPVmqagWowY\" width=\"560\" height=\"315\" frameborder=\"0\" allowfullscreen=\"allowfullscreen\"><\/iframe><\/p>\n","protected":false},"excerpt":{"rendered":"<p>El Rac\u00f3 de la Gent Gran oferir\u00e0 la pel\u00b7l\u00edcula &#8220;La llum d&#8217;Elna&#8221; aquest divendres 15 de novembre a les 17:30h. El Rac\u00f3 de la Gent Gran oferir\u00e0 la pel\u00b7l\u00edcula &#8220;La &hellip; <a href=\"https:\/\/bisbalpenedes.com\/web\/2019\/11\/12\/el-raco-de-la-gent-gran-oferira-la-pellicula-la-llum-delna-aquest-divendres-a-les-17-30h\/\" class=\"more-link\">Read More<\/a><\/p>\n","protected":false},"author":4,"featured_media":11147,"comment_status":"closed","ping_status":"closed","sticky":false,"template":"","format":"standard","meta":[],"categories":[3088],"tags":[307,2115],"_links":{"self":[{"href":"https:\/\/bisbalpenedes.com\/web\/wp-json\/wp\/v2\/posts\/11146"}],"collection":[{"href":"https:\/\/bisbalpenedes.com\/web\/wp-json\/wp\/v2\/posts"}],"about":[{"href":"https:\/\/bisbalpenedes.com\/web\/wp-json\/wp\/v2\/types\/post"}],"author":[{"embeddable":true,"href":"https:\/\/bisbalpenedes.com\/web\/wp-json\/wp\/v2\/users\/4"}],"replies":[{"embeddable":true,"href":"https:\/\/bisbalpenedes.com\/web\/wp-json\/wp\/v2\/comments?post=11146"}],"version-history":[{"count":1,"href":"https:\/\/bisbalpenedes.com\/web\/wp-json\/wp\/v2\/posts\/11146\/revisions"}],"predecessor-version":[{"id":11148,"href":"https:\/\/bisbalpenedes.com\/web\/wp-json\/wp\/v2\/posts\/11146\/revisions\/11148"}],"wp:featuredmedia":[{"embeddable":true,"href":"https:\/\/bisbalpenedes.com\/web\/wp-json\/wp\/v2\/media\/11147"}],"wp:attachment":[{"href":"https:\/\/bisbalpenedes.com\/web\/wp-json\/wp\/v2\/media?parent=11146"}],"wp:term":[{"taxonomy":"category","embeddable":true,"href":"https:\/\/bisbalpenedes.com\/web\/wp-json\/wp\/v2\/categories?post=11146"},{"taxonomy":"post_tag","embeddable":true,"href":"https:\/\/bisbalpenedes.com\/web\/wp-json\/wp\/v2\/tags?post=11146"}],"curies":[{"name":"wp","href":"https:\/\/api.w.org\/{rel}","templated":true}]}}