{"id":11140,"date":"2019-11-11T21:06:05","date_gmt":"2019-11-11T20:06:05","guid":{"rendered":"http:\/\/bisbalpenedes.com\/web\/?p=11140"},"modified":"2019-11-18T15:27:22","modified_gmt":"2019-11-18T14:27:22","slug":"jove-vols-triar-els-grups-que-actuaran-durant-les-nits-joves-de-la-festa-major-tesperem-al-cmc-el-divendres-15-de-novembre-a-les-19h","status":"publish","type":"post","link":"https:\/\/bisbalpenedes.com\/web\/2019\/11\/11\/jove-vols-triar-els-grups-que-actuaran-durant-les-nits-joves-de-la-festa-major-tesperem-al-cmc-el-divendres-15-de-novembre-a-les-19h\/","title":{"rendered":"Jove! Vols triar els grups que actuaran durant les nits joves de la Festa Major? T\u2019esperem al CMC el divendres 15 de novembre a les 19h"},"content":{"rendered":"<p style=\"text-align: justify;\"><a href=\"http:\/\/bisbalpenedes.com\/web\/wp-content\/uploads\/2019\/11\/CARTELL-JOVES-FM-QUADRAT.png\"><img loading=\"lazy\" class=\"aligncenter size-full wp-image-11141\" src=\"http:\/\/bisbalpenedes.com\/web\/wp-content\/uploads\/2019\/11\/CARTELL-JOVES-FM-QUADRAT.png\" alt=\"CARTELL REUNIO JOVES FM QUADRAT\" width=\"800\" height=\"800\" srcset=\"https:\/\/bisbalpenedes.com\/web\/wp-content\/uploads\/2019\/11\/CARTELL-JOVES-FM-QUADRAT.png 800w, https:\/\/bisbalpenedes.com\/web\/wp-content\/uploads\/2019\/11\/CARTELL-JOVES-FM-QUADRAT-300x300.png 300w, https:\/\/bisbalpenedes.com\/web\/wp-content\/uploads\/2019\/11\/CARTELL-JOVES-FM-QUADRAT-100x100.png 100w, https:\/\/bisbalpenedes.com\/web\/wp-content\/uploads\/2019\/11\/CARTELL-JOVES-FM-QUADRAT-600x600.png 600w, https:\/\/bisbalpenedes.com\/web\/wp-content\/uploads\/2019\/11\/CARTELL-JOVES-FM-QUADRAT-150x150.png 150w, https:\/\/bisbalpenedes.com\/web\/wp-content\/uploads\/2019\/11\/CARTELL-JOVES-FM-QUADRAT-768x768.png 768w\" sizes=\"(max-width: 800px) 100vw, 800px\" \/><\/a><\/p>\n<p style=\"text-align: justify;\"><span style=\"color: #000000;\">El proper\u00a0<strong>divendres 15 de novembre, a les 19h<\/strong>,\u00a0la Cova Jove acollir\u00e0 una reuni\u00f3 oberta, adre\u00e7ada als joves del municipi, per decidir quins grups actuaran durant les nits joves de la Festa Major 2019.<\/span><\/p>\n<p style=\"text-align: justify;\"><span style=\"color: #000000;\">Aquesta iniciativa es va engegar despr\u00e9s que, durant la Festa Major 2018, es premi\u00e9s una idea que consistia a permetre que siguin els joves els que tri\u00efn els grups que actuen durant la Festa Major. L&#8217;any\u00a02019 es va tirar endavant la iniciativa, sent el primer any que es feia realitat la proposta, i enguany se li dona continu\u00eftat.<\/span><\/p>\n<p style=\"text-align: justify;\"><span style=\"color: #000000;\">Tots els joves del municipi que estiguin interessats\u00a0a aportar noms de grups que volen que actu\u00efn a la Bisbal durant la Festa Major s&#8217;han d&#8217;adre\u00e7ar a la Cova Jove (al CMC) aquest divendres 15 de novembre a les 19h.<\/span><\/p>\n<hr \/>\n<p style=\"text-align: justify;\"><span style=\"color: #000000;\"><strong>CASTELLANO |<\/strong> El pr\u00f3ximo <strong>viernes 15 de noviembre, a las 19h,<\/strong> la Cova Jove acoger\u00e1 una reuni\u00f3n abierta, dirigida a los j\u00f3venes del municipio, para decidir qu\u00e9 grupos actuar\u00e1n durante las noches j\u00f3venes de la Fiesta Mayor 2019.<\/span><\/p>\n<p style=\"text-align: justify;\"><span style=\"color: #000000;\">Esta iniciativa se puso en marcha despu\u00e9s que, durante la Fiesta Mayor 2018, se premiase una idea que consist\u00eda en permitir que fuesen los j\u00f3venes los que escogiesen los grupos que act\u00faan durante la Fiesta Mayor. El a\u00f1o 2019 se llev\u00f3 a cabo la iniciativa, siendo el primer a\u00f1o que se hac\u00eda realidad la propuesta, y este a\u00f1o se le da continuidad.<\/span><\/p>\n<p style=\"text-align: justify;\"><span style=\"color: #000000;\">Todos los j\u00f3venes del municipio que est\u00e9n interesados en aportar nombres de grupos que quieren que act\u00faen en la Bisbal del Pened\u00e8s durante la Fiesta Mayor, deben dirigirse a la Cova Jove (CMC) este viernes 15 de noviembre a las 19h.<\/span><\/p>\n<p>&nbsp;<\/p>\n","protected":false},"excerpt":{"rendered":"<p>El proper\u00a0divendres 15 de novembre, a les 19h,\u00a0la Cova Jove acollir\u00e0 una reuni\u00f3 oberta, adre\u00e7ada als joves del municipi, per decidir quins grups actuaran durant les nits joves de la &hellip; <a href=\"https:\/\/bisbalpenedes.com\/web\/2019\/11\/11\/jove-vols-triar-els-grups-que-actuaran-durant-les-nits-joves-de-la-festa-major-tesperem-al-cmc-el-divendres-15-de-novembre-a-les-19h\/\" class=\"more-link\">Read More<\/a><\/p>\n","protected":false},"author":4,"featured_media":11141,"comment_status":"closed","ping_status":"closed","sticky":false,"template":"","format":"standard","meta":[],"categories":[1486],"tags":[3348,3347,2784,3346,397],"_links":{"self":[{"href":"https:\/\/bisbalpenedes.com\/web\/wp-json\/wp\/v2\/posts\/11140"}],"collection":[{"href":"https:\/\/bisbalpenedes.com\/web\/wp-json\/wp\/v2\/posts"}],"about":[{"href":"https:\/\/bisbalpenedes.com\/web\/wp-json\/wp\/v2\/types\/post"}],"author":[{"embeddable":true,"href":"https:\/\/bisbalpenedes.com\/web\/wp-json\/wp\/v2\/users\/4"}],"replies":[{"embeddable":true,"href":"https:\/\/bisbalpenedes.com\/web\/wp-json\/wp\/v2\/comments?post=11140"}],"version-history":[{"count":2,"href":"https:\/\/bisbalpenedes.com\/web\/wp-json\/wp\/v2\/posts\/11140\/revisions"}],"predecessor-version":[{"id":11206,"href":"https:\/\/bisbalpenedes.com\/web\/wp-json\/wp\/v2\/posts\/11140\/revisions\/11206"}],"wp:featuredmedia":[{"embeddable":true,"href":"https:\/\/bisbalpenedes.com\/web\/wp-json\/wp\/v2\/media\/11141"}],"wp:attachment":[{"href":"https:\/\/bisbalpenedes.com\/web\/wp-json\/wp\/v2\/media?parent=11140"}],"wp:term":[{"taxonomy":"category","embeddable":true,"href":"https:\/\/bisbalpenedes.com\/web\/wp-json\/wp\/v2\/categories?post=11140"},{"taxonomy":"post_tag","embeddable":true,"href":"https:\/\/bisbalpenedes.com\/web\/wp-json\/wp\/v2\/tags?post=11140"}],"curies":[{"name":"wp","href":"https:\/\/api.w.org\/{rel}","templated":true}]}}