{"id":11132,"date":"2019-11-10T23:09:48","date_gmt":"2019-11-10T22:09:48","guid":{"rendered":"http:\/\/bisbalpenedes.com\/web\/?p=11132"},"modified":"2019-11-10T23:46:00","modified_gmt":"2019-11-10T22:46:00","slug":"1-784-bisbalencs-han-votat-a-les-eleccions-al-congres-dels-diputats-aquest-diumenge-10-de-novembre","status":"publish","type":"post","link":"https:\/\/bisbalpenedes.com\/web\/2019\/11\/10\/1-784-bisbalencs-han-votat-a-les-eleccions-al-congres-dels-diputats-aquest-diumenge-10-de-novembre\/","title":{"rendered":"1.784 bisbalencs han votat a les eleccions al Congr\u00e9s dels Diputats aquest diumenge 10 de novembre"},"content":{"rendered":"<p style=\"text-align: justify;\"><span style=\"color: #000000;\">1.784 bisbalencs han votat, aquest diumenge\u00a010 de novembre de 2019 a les Eleccions a les Corts Generals per escollir els representants del Congr\u00e9s. Les eleccions han comptat amb un 64,40% de participaci\u00f3, el que suposa una disminuci\u00f3 d\u2019un 8,16% de la participaci\u00f3 vers les eleccions del 28 d\u2019abril de 2019. Si comparem la participaci\u00f3 d\u2019aquest diumenge amb la de l\u2019any 2016, aquesta es mant\u00e9 un 2,68% per sobre de la participaci\u00f3 de fa tres anys. Amb el 100% de l\u2019escrutini fet p\u00fablic, els resultats provisionals de la Bisbal del Pened\u00e8s al Congr\u00e9s han estat els seg\u00fcents:<\/span><\/p>\n<p style=\"text-align: justify;\"><span style=\"color: #999999;\">CASTELLANO |\u00a0<\/span><span style=\"color: #808080;\">1.784 bisbalencs han votado, este domingo\u00a010 de noviembre\u00a0de 2019 en las Elecciones a las Cortes Generales para escoger a los representantes del Congreso. Las elecciones han contado con un 64,40% de participaci\u00f3n, lo que supone una disminuci\u00f3n de un 8,16% de la participaci\u00f3n en comparaci\u00f3n con las elecciones del 28 de abril de 2019. Si comparamos la participaci\u00f3n de este domingo con la del a\u00f1o 2016, esta se mantiene un 2,68% por encima de la participaci\u00f3n de hace tres a\u00f1os. Con el 100% del escrutinio hecho p\u00fablico, los resultados provisionales de la Bisbal del Pened\u00e8s en el Congreso han sido los siguientes:<\/span><\/p>\n<table width=\"793\">\n<tbody>\n<tr>\n<td width=\"793\"><span style=\"color: #000000;\"><strong>Eleccions Generals 10N 2019 \u2013 <span style=\"color: #808080;\">Elecciones Generales 10N 2019<\/span> \u2013 Congr\u00e9s\/<span style=\"color: #808080;\">Congreso<\/span><\/strong><\/span><\/td>\n<\/tr>\n<tr>\n<td width=\"793\"><span style=\"color: #000000;\"><strong>Vots per partits a la Bisbal del Pened\u00e8s\/<span style=\"color: #808080;\">Votos por partidos en la Bisbal Del Pened\u00e8s<\/span><\/strong><\/span><\/p>\n<table width=\"724\">\n<tbody>\n<tr>\n<td width=\"240\"><span style=\"color: #000000;\"><strong>Partit\/Partido<\/strong><\/span><\/td>\n<td width=\"170\"><span style=\"color: #000000;\"><strong>Vots\/Votos<\/strong><\/span><\/td>\n<td width=\"313\"><span style=\"color: #000000;\"><strong>%<\/strong><\/span><\/td>\n<\/tr>\n<tr>\n<td width=\"240\"><span style=\"color: #000000;\">PSC<\/span><\/td>\n<td width=\"170\"><span style=\"color: #000000;\">368<\/span><\/td>\n<td width=\"313\"><span style=\"color: #000000;\">20,79%<\/span><\/td>\n<\/tr>\n<tr>\n<td width=\"240\"><span style=\"color: #000000;\">ERC-SOBIRANISTES<\/span><\/td>\n<td width=\"170\"><span style=\"color: #000000;\">322<\/span><\/td>\n<td width=\"313\"><span style=\"color: #000000;\">18,19%<\/span><\/td>\n<\/tr>\n<tr>\n<td width=\"240\"><span style=\"color: #000000;\">JxCAT-JUNTS<\/span><\/td>\n<td width=\"170\"><span style=\"color: #000000;\">295<\/span><\/td>\n<td width=\"313\"><span style=\"color: #000000;\">16,67%<\/span><\/td>\n<\/tr>\n<tr>\n<td width=\"240\"><span style=\"color: #000000;\">ECP-GUANYEM EL CANVI<\/span><\/td>\n<td width=\"170\"><span style=\"color: #000000;\">289<\/span><\/td>\n<td width=\"313\"><span style=\"color: #000000;\">16,33%<\/span><\/td>\n<\/tr>\n<tr>\n<td width=\"240\"><span style=\"color: #000000;\">VOX<\/span><\/td>\n<td width=\"170\"><span style=\"color: #000000;\">160<\/span><\/td>\n<td width=\"313\"><span style=\"color: #000000;\">\u00a0 9,04%<\/span><\/td>\n<\/tr>\n<tr>\n<td width=\"240\"><span style=\"color: #000000;\">CUP-PR<\/span><\/td>\n<td width=\"170\"><span style=\"color: #000000;\">114<\/span><\/td>\n<td width=\"313\"><span style=\"color: #000000;\">\u00a0 6,44%<\/span><\/td>\n<\/tr>\n<tr>\n<td width=\"240\"><span style=\"color: #000000;\">PP<\/span><\/td>\n<td width=\"170\"><span style=\"color: #000000;\">\u00a0\u00a092<\/span><\/td>\n<td width=\"313\"><span style=\"color: #000000;\">\u00a0 5,20%<\/span><\/td>\n<\/tr>\n<tr>\n<td width=\"240\"><span style=\"color: #000000;\">Cs<\/span><\/td>\n<td width=\"170\"><span style=\"color: #000000;\">\u00a0\u00a084<\/span><\/td>\n<td width=\"313\"><span style=\"color: #000000;\">\u00a0 4,75%<\/span><\/td>\n<\/tr>\n<tr>\n<td width=\"240\"><span style=\"color: #000000;\">PACMA<\/span><\/td>\n<td width=\"170\"><span style=\"color: #000000;\">\u00a0 33<\/span><\/td>\n<td width=\"313\"><span style=\"color: #000000;\">\u00a0 1,86%<\/span><\/td>\n<\/tr>\n<tr>\n<td width=\"240\"><span style=\"color: #000000;\">PUM+J<\/span><\/td>\n<td width=\"170\"><span style=\"color: #000000;\">\u00a0 \u00a0 3<\/span><\/td>\n<td width=\"313\"><span style=\"color: #000000;\">\u00a0 0,17%<\/span><\/td>\n<\/tr>\n<tr>\n<td width=\"240\"><span style=\"color: #000000;\">RECORTES CERO-GV<\/span><\/td>\n<td width=\"170\"><span style=\"color: #000000;\">\u00a0 \u00a0 2<\/span><\/td>\n<td width=\"313\"><span style=\"color: #000000;\">\u00a0 0,11%<\/span><\/td>\n<\/tr>\n<tr>\n<td width=\"240\"><span style=\"color: #000000;\">PCTC\u00a0\u00a0<\/span><\/td>\n<td width=\"170\"><span style=\"color: #000000;\">\u00a0 \u00a0 1<\/span><\/td>\n<td width=\"313\"><span style=\"color: #000000;\">\u00a0 0,06%<\/span><\/td>\n<\/tr>\n<tr>\n<td width=\"240\"><span style=\"color: #000000;\">IZQP<\/span><\/td>\n<td width=\"170\"><span style=\"color: #000000;\">\u00a0 \u00a0 0<\/span><\/td>\n<td width=\"313\"><span style=\"color: #000000;\">\u00a0 0,00%<\/span><\/td>\n<\/tr>\n<tr>\n<td width=\"240\"><span style=\"color: #000000;\">PCPC<\/span><\/td>\n<td width=\"170\"><span style=\"color: #000000;\">\u00a0 \u00a0 0<\/span><\/td>\n<td width=\"313\"><span style=\"color: #000000;\">\u00a0 0,00%<\/span><\/td>\n<\/tr>\n<\/tbody>\n<\/table>\n<\/td>\n<\/tr>\n<\/tbody>\n<\/table>\n<p style=\"text-align: justify;\"><span style=\"color: #000000;\">Vots nuls\/<span style=\"color: #808080;\">votos nulos:<\/span> 14<\/span><\/p>\n<p style=\"text-align: justify;\"><span style=\"color: #000000;\">Vots en blanc\/<span style=\"color: #808080;\">votos en blanco<\/span>: 7<\/span><\/p>\n<p style=\"text-align: justify;\"><span style=\"color: #000000;\">Abstenci\u00f3\/<span style=\"color: #808080;\">Abstenci\u00f3n<\/span>: 986 (35,60%)<\/span><\/p>\n<p style=\"text-align: justify;\">&#8212;<\/p>\n<p style=\"text-align: justify;\"><span style=\"color: #000000;\">Quant a les eleccions al Senat, podeu consultar els resultats aqu\u00ed (dades provisionals):\u00a0<a style=\"color: #000000;\" href=\"https:\/\/resultados.10noviembre2019.es\/Senado\/Total-nacional\/Cataluna\/Tarragona\/La-Bisbal-del-Penedes\/3701\/ca\">https:\/\/resultados.10noviembre2019.es\/Senado\/Total-nacional\/Cataluna\/Tarragona\/La-Bisbal-del-Penedes\/3701\/ca<\/a><\/span><\/p>\n<p style=\"text-align: justify;\"><span style=\"color: #000000;\">Podeu consultar totes les dades sobre les Eleccions Generals a l\u2019enlla\u00e7 i la comparativa amb les eleccions del 28A fent clic aqu\u00ed:\u00a0<a style=\"color: #000000;\" href=\"https:\/\/resultados.10noviembre2019.es\/Congreso\/Total-nacional\/Cataluna\/Tarragona\/La-Bisbal-del-Penedes\/3700\/ca\">Ministerio del Interior<\/a><\/span><\/p>\n<p style=\"text-align: justify;\">&#8212;<\/p>\n<p style=\"text-align: justify;\"><span style=\"color: #808080;\">En cuanto a las elecciones al Senado, pod\u00e9is consultar los resultados aqu\u00ed (datos provisionales):\u00a0<a style=\"color: #808080;\" href=\"https:\/\/resultados.10noviembre2019.es\/Senado\/Total-nacional\/Cataluna\/Tarragona\/La-Bisbal-del-Penedes\/3701\/es\">https:\/\/resultados.10noviembre2019.es\/Senado\/Total-nacional\/Cataluna\/Tarragona\/La-Bisbal-del-Penedes\/3701\/es<\/a><\/span><\/p>\n<p style=\"text-align: justify;\"><span style=\"color: #808080;\">Pod\u00e9is consultar todos los datos sobre las Elecciones Generales y la comparativa con las elecciones del 28A haciendo clic aqu\u00ed:\u00a0<a style=\"color: #808080;\" href=\"https:\/\/resultados.10noviembre2019.es\/Congreso\/Total-nacional\/Cataluna\/Tarragona\/La-Bisbal-del-Penedes\/3700\/es\">Ministerio del Interior<\/a><\/span><\/p>\n<p>&nbsp;<\/p>\n","protected":false},"excerpt":{"rendered":"<p>1.784 bisbalencs han votat, aquest diumenge\u00a010 de novembre de 2019 a les Eleccions a les Corts Generals per escollir els representants del Congr\u00e9s. Les eleccions han comptat amb un 64,40% &hellip; <a href=\"https:\/\/bisbalpenedes.com\/web\/2019\/11\/10\/1-784-bisbalencs-han-votat-a-les-eleccions-al-congres-dels-diputats-aquest-diumenge-10-de-novembre\/\" class=\"more-link\">Read More<\/a><\/p>\n","protected":false},"author":4,"featured_media":3049,"comment_status":"closed","ping_status":"closed","sticky":false,"template":"","format":"standard","meta":[],"categories":[3036],"tags":[3345,2965,2873,892,2964,3344],"_links":{"self":[{"href":"https:\/\/bisbalpenedes.com\/web\/wp-json\/wp\/v2\/posts\/11132"}],"collection":[{"href":"https:\/\/bisbalpenedes.com\/web\/wp-json\/wp\/v2\/posts"}],"about":[{"href":"https:\/\/bisbalpenedes.com\/web\/wp-json\/wp\/v2\/types\/post"}],"author":[{"embeddable":true,"href":"https:\/\/bisbalpenedes.com\/web\/wp-json\/wp\/v2\/users\/4"}],"replies":[{"embeddable":true,"href":"https:\/\/bisbalpenedes.com\/web\/wp-json\/wp\/v2\/comments?post=11132"}],"version-history":[{"count":7,"href":"https:\/\/bisbalpenedes.com\/web\/wp-json\/wp\/v2\/posts\/11132\/revisions"}],"predecessor-version":[{"id":11139,"href":"https:\/\/bisbalpenedes.com\/web\/wp-json\/wp\/v2\/posts\/11132\/revisions\/11139"}],"wp:featuredmedia":[{"embeddable":true,"href":"https:\/\/bisbalpenedes.com\/web\/wp-json\/wp\/v2\/media\/3049"}],"wp:attachment":[{"href":"https:\/\/bisbalpenedes.com\/web\/wp-json\/wp\/v2\/media?parent=11132"}],"wp:term":[{"taxonomy":"category","embeddable":true,"href":"https:\/\/bisbalpenedes.com\/web\/wp-json\/wp\/v2\/categories?post=11132"},{"taxonomy":"post_tag","embeddable":true,"href":"https:\/\/bisbalpenedes.com\/web\/wp-json\/wp\/v2\/tags?post=11132"}],"curies":[{"name":"wp","href":"https:\/\/api.w.org\/{rel}","templated":true}]}}