{"id":11127,"date":"2019-11-18T14:32:43","date_gmt":"2019-11-18T13:32:43","guid":{"rendered":"http:\/\/bisbalpenedes.com\/web\/?p=11127"},"modified":"2019-11-19T18:55:52","modified_gmt":"2019-11-19T17:55:52","slug":"el-diumenge-24-de-novembre-a-les-19h-podreu-veure-la-pellicula-me-llamo-violeta-al-cmc","status":"publish","type":"post","link":"https:\/\/bisbalpenedes.com\/web\/2019\/11\/18\/el-diumenge-24-de-novembre-a-les-19h-podreu-veure-la-pellicula-me-llamo-violeta-al-cmc\/","title":{"rendered":"El diumenge 24 de novembre a les 19h podreu veure la pel\u00b7l\u00edcula &#8216;Me llamo Violeta&#8217; al CMC"},"content":{"rendered":"<p style=\"text-align: justify;\"><span style=\"color: #000000;\">El diumenge 24 de novembre, a les 19h, podreu veure la pel\u00b7l\u00edcula &#8216;Me llamo Violeta&#8217;, del Cicle Gaud\u00ed, al CMC.<\/span><\/p>\n<p style=\"text-align: justify;\"><a href=\"http:\/\/bisbalpenedes.com\/web\/wp-content\/uploads\/2019\/11\/VISUAL_A3_ME_LLAMO_VIOLETA_LA_BISBAL_PENEDES.jpg\"><img loading=\"lazy\" class=\"aligncenter size-medium wp-image-11128\" src=\"http:\/\/bisbalpenedes.com\/web\/wp-content\/uploads\/2019\/11\/VISUAL_A3_ME_LLAMO_VIOLETA_LA_BISBAL_PENEDES-213x300.jpg\" alt=\"VISUAL_A3_ME_LLAMO_VIOLETA_LA_BISBAL_PENEDES\" width=\"213\" height=\"300\" srcset=\"https:\/\/bisbalpenedes.com\/web\/wp-content\/uploads\/2019\/11\/VISUAL_A3_ME_LLAMO_VIOLETA_LA_BISBAL_PENEDES-213x300.jpg 213w, https:\/\/bisbalpenedes.com\/web\/wp-content\/uploads\/2019\/11\/VISUAL_A3_ME_LLAMO_VIOLETA_LA_BISBAL_PENEDES-600x843.jpg 600w, https:\/\/bisbalpenedes.com\/web\/wp-content\/uploads\/2019\/11\/VISUAL_A3_ME_LLAMO_VIOLETA_LA_BISBAL_PENEDES-768x1080.jpg 768w, https:\/\/bisbalpenedes.com\/web\/wp-content\/uploads\/2019\/11\/VISUAL_A3_ME_LLAMO_VIOLETA_LA_BISBAL_PENEDES-728x1024.jpg 728w, https:\/\/bisbalpenedes.com\/web\/wp-content\/uploads\/2019\/11\/VISUAL_A3_ME_LLAMO_VIOLETA_LA_BISBAL_PENEDES.jpg 1146w\" sizes=\"(max-width: 213px) 100vw, 213px\" \/><\/a><\/p>\n<p style=\"text-align: justify;\"><span style=\"color: #000000;\"><strong>FITXA T\u00c8CNICA<\/strong><\/span><\/p>\n<p style=\"text-align: justify;\"><span style=\"color: #000000;\">Direcci\u00f3:\u00a0<strong>Marc Parramon i David Fern\u00e1ndez de Castro<\/strong><\/span><\/p>\n<p style=\"text-align: justify;\"><span style=\"color: #000000;\">Gui\u00f3:\u00a0<strong>David Fern\u00e1ndez de Castro<\/strong><\/span><\/p>\n<p style=\"text-align: justify;\"><span style=\"color: #000000;\">M\u00fasica:\u00a0<strong>Odil Bright<\/strong><\/span><\/p>\n<p style=\"text-align: justify;\"><span style=\"color: #000000;\">Estrena:\u00a0<strong>Juny de 2019<\/strong><\/span><\/p>\n<p style=\"text-align: justify;\"><span style=\"color: #000000;\">Durada:\u00a0<strong>76\u00a0min.<\/strong><\/span><\/p>\n<p style=\"text-align: justify;\"><span style=\"color: #000000;\">G\u00e8nere:\u00a0<strong>Documental<\/strong><\/span><\/p>\n<p style=\"text-align: justify;\"><span style=\"color: #000000;\">Versi\u00f3:\u00a0<strong>Original en catal\u00e0 i castell\u00e0<\/strong><\/span><\/p>\n<p style=\"text-align: justify;\"><span style=\"color: #000000;\">Int\u00e8rprets:\u00a0<strong>Nacho Vidal, Violeta Jord\u00e0<\/strong><\/span><\/p>\n<p style=\"text-align: justify;\"><span style=\"color: #000000;\"><strong>SINOPSI<\/strong><\/span><\/p>\n<p style=\"text-align: justify;\"><span style=\"color: #000000;\">Als sis anys, l\u2019Ignacio va dir als seus pares: \u201c<em>S\u00f3c una nena, em dic Violeta<\/em>\u201d. A trav\u00e9s de la hist\u00f2ria de la Violeta, dels seus pares, Nacho Vidal i Franceska Jaimes, i d\u2019altres fam\u00edlies \u2013 com la de l\u2019Alan Montoliu \u2013 i joves transg\u00e8nere, coneixem la complexitat del proc\u00e9s que afronten aquestes persones i els desafiaments que es troben pel cam\u00ed.<\/span><\/p>\n<p style=\"text-align: justify;\"><span style=\"color: #000000;\"><em>Me llamo Violeta<\/em>\u00a0\u00e9s una hist\u00f2ria real, que ens parla d\u2019identitat i de g\u00e8nere, de com es viu la transexualitat en primera persona.<\/span><\/p>\n<p style=\"text-align: justify;\"><span style=\"color: #000000;\"><strong>A trav\u00e9s de l\u2019acceptaci\u00f3, el patiment, l\u2019esperan\u00e7a i el respecte, s\u2019aborda el tema a trav\u00e9s de diferents situacions i persones.<\/strong><\/span><\/p>\n<p style=\"text-align: justify;\"><iframe loading=\"lazy\" src=\"https:\/\/www.youtube.com\/embed\/PhCGYj-Xmm0\" width=\"560\" height=\"315\" frameborder=\"0\" allowfullscreen=\"allowfullscreen\"><\/iframe><\/p>\n<p style=\"text-align: justify;\"><span style=\"color: #000000;\">El preu general de l\u2019entrada \u00e9s de 4,5\u20ac i s\u2019ofereix un preu redu\u00eft de 3\u20ac presentant el carnet de la Biblioteca Municipal de La Bisbal.<\/span><\/p>\n<p style=\"text-align: justify;\"><span style=\"color: #000000;\">Quant a la recaptaci\u00f3, aquesta es destinar\u00e0 a l\u2019entitat del poble que s\u2019encarregui de gestionar la taquilla en cadascuna de les projeccions, en aquest cas\u00a0l&#8217;Associaci\u00f3 de Dones la Roca Foradada.<\/span><\/p>\n<hr \/>\n<p style=\"text-align: justify;\"><span style=\"color: #000000;\"><strong>CASTELLANO |<\/strong>\u00a0El domingo 24 de noviembre, a las 19h, podr\u00e9is ver la pel\u00edcula &#8216;Me llamo Violeta&#8217;, del Cicle Gaud\u00ed, en el CMC.<\/span><\/p>\n<p style=\"text-align: justify;\"><a href=\"http:\/\/bisbalpenedes.com\/web\/wp-content\/uploads\/2019\/11\/VISUAL_A3_ME_LLAMO_VIOLETA_LA_BISBAL_PENEDES.jpg\"><img loading=\"lazy\" class=\"aligncenter size-medium wp-image-11128\" src=\"http:\/\/bisbalpenedes.com\/web\/wp-content\/uploads\/2019\/11\/VISUAL_A3_ME_LLAMO_VIOLETA_LA_BISBAL_PENEDES-213x300.jpg\" alt=\"VISUAL_A3_ME_LLAMO_VIOLETA_LA_BISBAL_PENEDES\" width=\"213\" height=\"300\" srcset=\"https:\/\/bisbalpenedes.com\/web\/wp-content\/uploads\/2019\/11\/VISUAL_A3_ME_LLAMO_VIOLETA_LA_BISBAL_PENEDES-213x300.jpg 213w, https:\/\/bisbalpenedes.com\/web\/wp-content\/uploads\/2019\/11\/VISUAL_A3_ME_LLAMO_VIOLETA_LA_BISBAL_PENEDES-600x843.jpg 600w, https:\/\/bisbalpenedes.com\/web\/wp-content\/uploads\/2019\/11\/VISUAL_A3_ME_LLAMO_VIOLETA_LA_BISBAL_PENEDES-768x1080.jpg 768w, https:\/\/bisbalpenedes.com\/web\/wp-content\/uploads\/2019\/11\/VISUAL_A3_ME_LLAMO_VIOLETA_LA_BISBAL_PENEDES-728x1024.jpg 728w, https:\/\/bisbalpenedes.com\/web\/wp-content\/uploads\/2019\/11\/VISUAL_A3_ME_LLAMO_VIOLETA_LA_BISBAL_PENEDES.jpg 1146w\" sizes=\"(max-width: 213px) 100vw, 213px\" \/><\/a><\/p>\n<p style=\"text-align: justify;\"><span style=\"color: #000000;\"> <strong>FICHA T\u00c9CNICA<\/strong><\/span><\/p>\n<p style=\"text-align: justify;\"><span style=\"color: #000000;\">Direcci\u00f3n:\u00a0<strong>Marc Parramon y David Fern\u00e1ndez de Castro<\/strong><\/span><\/p>\n<p style=\"text-align: justify;\"><span style=\"color: #000000;\">Gui\u00f3n:\u00a0<strong>David Fern\u00e1ndez de Castro<\/strong><\/span><\/p>\n<p style=\"text-align: justify;\"><span style=\"color: #000000;\">M\u00fasica:\u00a0<strong>Odil Bright<\/strong><\/span><\/p>\n<p style=\"text-align: justify;\"><span style=\"color: #000000;\">Estreno:\u00a0<strong>Junio de 2019<\/strong><\/span><\/p>\n<p style=\"text-align: justify;\"><span style=\"color: #000000;\">Duraci\u00f3n:\u00a0<strong>76\u00a0min.<\/strong><\/span><\/p>\n<p style=\"text-align: justify;\"><span style=\"color: #000000;\">G\u00e9nero:\u00a0<strong>Documental<\/strong><\/span><\/p>\n<p style=\"text-align: justify;\"><span style=\"color: #000000;\">Versi\u00f3n:\u00a0<strong>Original en catal\u00e1n y castellano<\/strong><\/span><\/p>\n<p style=\"text-align: justify;\"><span style=\"color: #000000;\">Int\u00e9rpretes:\u00a0<strong>Nacho Vidal, Violeta Jord\u00e0<\/strong><\/span><\/p>\n<p style=\"text-align: justify;\"><span style=\"color: #000000;\"><strong>SINOPSIS<\/strong><\/span><\/p>\n<p style=\"text-align: justify;\"><span style=\"color: #000000;\">A los seis a\u00f1os, Ignacio les dijo a sus padres: &#8220;Soy una ni\u00f1a, me llamo Violeta&#8221;. A trav\u00e9s de la historia de Violeta, de sus padres, Nacho Vidal y Franceska Jaimes, y de otras familias &#8211; como la de Alan Montoliu &#8211; y j\u00f3venes transg\u00e9nero, conocemos la complejidad del proceso que afrontan estas personas y los desaf\u00edos que se encuentran por el camino.<\/span><\/p>\n<p style=\"text-align: justify;\"><span style=\"color: #000000;\">Me llamo Violeta es una historia real, que nos habla de identidad y de g\u00e9nero, de como se vive la transexualidad en primera persona.<\/span><\/p>\n<p style=\"text-align: justify;\"><span style=\"color: #000000;\"><strong>A trav\u00e9s de la aceptaci\u00f3n, el sufrimiento, la esperanza y el respeto, se aborda el tema a trav\u00e9s de distintas situaciones y personas.<\/strong><\/span><br \/>\n<iframe loading=\"lazy\" src=\"https:\/\/www.youtube.com\/embed\/PhCGYj-Xmm0\" width=\"560\" height=\"315\" frameborder=\"0\" allowfullscreen=\"allowfullscreen\"><\/iframe><\/p>\n<p style=\"text-align: justify;\"><span style=\"color: #000000;\">El precio general de la entrada es de 4,5\u20ac y se ofrece un precio reducido de 3\u20ac presentando el carn\u00e9 de la Biblioteca Municipal de la Bisbal.<\/span><\/p>\n<p style=\"text-align: justify;\"><span style=\"color: #000000;\">En cuanto a la recaudaci\u00f3n, esta se destinar\u00e1 a la entidad del municipio que se encargue de gestionar la taquilla en cada una de las proyecciones, en este caso\u00a0la Associaci\u00f3 de Dones la Roca Foradada.<\/span><\/p>\n","protected":false},"excerpt":{"rendered":"<p>El diumenge 24 de novembre, a les 19h, podreu veure la pel\u00b7l\u00edcula &#8216;Me llamo Violeta&#8217;, del Cicle Gaud\u00ed, al CMC. FITXA T\u00c8CNICA Direcci\u00f3:\u00a0Marc Parramon i David Fern\u00e1ndez de Castro Gui\u00f3:\u00a0David &hellip; <a href=\"https:\/\/bisbalpenedes.com\/web\/2019\/11\/18\/el-diumenge-24-de-novembre-a-les-19h-podreu-veure-la-pellicula-me-llamo-violeta-al-cmc\/\" class=\"more-link\">Read More<\/a><\/p>\n","protected":false},"author":4,"featured_media":11128,"comment_status":"closed","ping_status":"closed","sticky":false,"template":"","format":"standard","meta":[],"categories":[13],"tags":[1624,308,3332,3333],"_links":{"self":[{"href":"https:\/\/bisbalpenedes.com\/web\/wp-json\/wp\/v2\/posts\/11127"}],"collection":[{"href":"https:\/\/bisbalpenedes.com\/web\/wp-json\/wp\/v2\/posts"}],"about":[{"href":"https:\/\/bisbalpenedes.com\/web\/wp-json\/wp\/v2\/types\/post"}],"author":[{"embeddable":true,"href":"https:\/\/bisbalpenedes.com\/web\/wp-json\/wp\/v2\/users\/4"}],"replies":[{"embeddable":true,"href":"https:\/\/bisbalpenedes.com\/web\/wp-json\/wp\/v2\/comments?post=11127"}],"version-history":[{"count":5,"href":"https:\/\/bisbalpenedes.com\/web\/wp-json\/wp\/v2\/posts\/11127\/revisions"}],"predecessor-version":[{"id":11220,"href":"https:\/\/bisbalpenedes.com\/web\/wp-json\/wp\/v2\/posts\/11127\/revisions\/11220"}],"wp:featuredmedia":[{"embeddable":true,"href":"https:\/\/bisbalpenedes.com\/web\/wp-json\/wp\/v2\/media\/11128"}],"wp:attachment":[{"href":"https:\/\/bisbalpenedes.com\/web\/wp-json\/wp\/v2\/media?parent=11127"}],"wp:term":[{"taxonomy":"category","embeddable":true,"href":"https:\/\/bisbalpenedes.com\/web\/wp-json\/wp\/v2\/categories?post=11127"},{"taxonomy":"post_tag","embeddable":true,"href":"https:\/\/bisbalpenedes.com\/web\/wp-json\/wp\/v2\/tags?post=11127"}],"curies":[{"name":"wp","href":"https:\/\/api.w.org\/{rel}","templated":true}]}}