{"id":11123,"date":"2019-11-05T10:09:02","date_gmt":"2019-11-05T09:09:02","guid":{"rendered":"http:\/\/bisbalpenedes.com\/web\/?p=11123"},"modified":"2019-11-05T10:09:02","modified_gmt":"2019-11-05T09:09:02","slug":"la-biblioteca-de-la-bisbal-oferira-7-activitats-relacionades-amb-el-mon-del-vi-aquest-novembre","status":"publish","type":"post","link":"https:\/\/bisbalpenedes.com\/web\/2019\/11\/05\/la-biblioteca-de-la-bisbal-oferira-7-activitats-relacionades-amb-el-mon-del-vi-aquest-novembre\/","title":{"rendered":"La Biblioteca de la Bisbal oferir\u00e0 7 activitats relacionades amb el m\u00f3n del vi aquest novembre"},"content":{"rendered":"<p style=\"text-align: justify;\"><span style=\"color: #000000;\"><a style=\"color: #000000;\" href=\"http:\/\/bisbalpenedes.com\/web\/wp-content\/uploads\/2019\/11\/Biblioteques-amb-D.O.png\"><img loading=\"lazy\" class=\"size-large wp-image-11124 aligncenter\" src=\"http:\/\/bisbalpenedes.com\/web\/wp-content\/uploads\/2019\/11\/Biblioteques-amb-D.O-724x1024.png\" alt=\"Biblioteques amb D.O\" width=\"630\" height=\"891\" srcset=\"https:\/\/bisbalpenedes.com\/web\/wp-content\/uploads\/2019\/11\/Biblioteques-amb-D.O-724x1024.png 724w, https:\/\/bisbalpenedes.com\/web\/wp-content\/uploads\/2019\/11\/Biblioteques-amb-D.O-600x849.png 600w, https:\/\/bisbalpenedes.com\/web\/wp-content\/uploads\/2019\/11\/Biblioteques-amb-D.O-212x300.png 212w, https:\/\/bisbalpenedes.com\/web\/wp-content\/uploads\/2019\/11\/Biblioteques-amb-D.O-768x1086.png 768w, https:\/\/bisbalpenedes.com\/web\/wp-content\/uploads\/2019\/11\/Biblioteques-amb-D.O.png 1587w\" sizes=\"(max-width: 630px) 100vw, 630px\" \/><\/a><\/span><\/p>\n<p style=\"text-align: justify;\"><span style=\"color: #000000;\">La Biblioteca p\u00fablica de la Bisbal del Pened\u00e8s \u2013 a trav\u00e9s de la Regidoria de Cultura &#8211; ha programat un gran nombre d\u2019activitats relacionades amb el m\u00f3n del vi per aquest novembre. \u00a0D\u2019aquesta manera, la Biblioteca bisbalenca s\u2019adhereix al projecte Biblioteques amb DO del Servei de Biblioteques del Departament de Cultura de la Generalitat de Catalunya oferint activitats, adre\u00e7ades a tots els p\u00fablics, amb l\u2019objectiu de fer valdre els recursos sobre la cultura i fer pedagogia sobre el vi i tot el que l\u2019envolta.<\/span><\/p>\n<p style=\"text-align: justify;\"><span style=\"color: #000000;\"><strong><u>PROGRAMA D\u2019ACTIVITATS<\/u><\/strong><\/span><\/p>\n<p style=\"text-align: justify;\"><span style=\"color: #000000;\"><strong><u>Dissabte 9 de novembre<\/u><\/strong><\/span><\/p>\n<p style=\"text-align: justify; padding-left: 30px;\"><span style=\"color: #000000;\"><strong>18:30h<\/strong> <strong>Projecci\u00f3 del documental<\/strong> \u201cLa vinya i la banya\u201d, un film sobre el proc\u00e9s vitivin\u00edcola a partir de l\u2019experi\u00e8ncia personal del viticultor Raimon Coll. El documental ha estat rodat al Pened\u00e8s.<\/span><\/p>\n<p style=\"text-align: justify;\"><span style=\"color: #000000;\"><strong><u>Divendres 15 de novembre<\/u><\/strong><\/span><\/p>\n<p style=\"text-align: justify; padding-left: 30px;\"><span style=\"color: #000000;\"><strong>19:00h Inauguraci\u00f3 de l\u2019exposici\u00f3<\/strong> \u201cRacons del Baix Pened\u00e8s\u201d del col\u00b7lectiu fotogr\u00e0fic ENFOCA. El muntatge inclou una trentena d\u2019imatges de racons de la comarca.<\/span><\/p>\n<p style=\"text-align: justify;\"><span style=\"color: #000000;\"><strong><u>Dissabte 16 de novembre <\/u><\/strong><\/span><\/p>\n<p style=\"text-align: justify; padding-left: 30px;\"><span style=\"color: #000000;\"><strong>19:00h Concert participatiu<\/strong> \u201cLes paraules del Vi\u201d a c\u00e0rrec del grup \u201cCorrandes s\u00f3n Corrandes\u201d per jugar amb els mots del m\u00f3n del vi i aprendre a construir corrandes improvisades i can\u00e7ons tradicionals. En finalitzar, tindr\u00e0 lloc un tast de vins del territori, gentilesa de Cellers Domenys.<\/span><\/p>\n<p style=\"text-align: justify;\"><span style=\"color: #000000;\"><strong><u>Divendres 22 de novembre<\/u><\/strong><\/span><\/p>\n<p style=\"text-align: justify; padding-left: 30px;\"><span style=\"color: #000000;\"><strong>18:00h Taller de pintura<\/strong> \u201cTintavi\u201d, adre\u00e7at a nens i nenes de 6 a 13 anys. Es descobriran els secrets del vi i\u00a0es pintar\u00e0 amb aquesta beguda. El taller anir\u00e0 a c\u00e0rrec de Marta Ara\u00f1\u00f3. Cal inscripci\u00f3 pr\u00e8via a la Biblioteca.<\/span><\/p>\n<p style=\"text-align: justify;\"><span style=\"color: #000000;\"><strong><u>Dissabte 23 de novembre<\/u><\/strong><\/span><\/p>\n<p style=\"text-align: justify; padding-left: 30px;\"><span style=\"color: #000000;\"><strong>19:30h Xerrada<\/strong> \u201cL\u2019arribada del vi al Pened\u00e8s i la seva expansi\u00f3 per la cultura ib\u00e8rica\u201d, un viatge fins a l\u2019arribada dels primers ceps al Pened\u00e8s per descobrir les pr\u00e0ctiques vin\u00edcoles de fenicis, grecs i ibers. L\u2019activitat es complementar\u00e0 amb un tast comentat de vi d\u2019\u00e0mfora. L\u2019activitat anir\u00e0 a c\u00e0rrec de Roser Hern\u00e0ndez. Cal inscripci\u00f3 pr\u00e8via a la Biblioteca.<\/span><\/p>\n<p style=\"text-align: justify;\"><span style=\"color: #000000;\"><strong><u>Dijous 28 de novembre<\/u><\/strong><\/span><\/p>\n<p style=\"text-align: justify; padding-left: 30px;\"><span style=\"color: #000000;\"><strong>18:30h Club de lectura<\/strong> amb el llibre \u201cLes dones de la principal\u201d de Llu\u00eds Llach. Cal inscripci\u00f3 pr\u00e8via a la Biblioteca.<\/span><\/p>\n<p style=\"text-align: justify;\"><span style=\"color: #000000;\"><strong><u>Divendres 29 de novembre<\/u><\/strong><\/span><\/p>\n<p style=\"text-align: justify; padding-left: 30px;\"><span style=\"color: #000000;\"><strong>18:30h Conte+LAB<\/strong> \u201cEl ra\u00efm trepitjat\u201d, una activitat infantil que inclou una faula original sobre la vinya i un taller per recuperar els valors lligats al m\u00f3n del camp. L\u2019activitat anir\u00e0 a c\u00e0rrec de Kekeshuga.<\/span><\/p>\n<p style=\"text-align: justify;\"><span style=\"color: #000000;\">M\u00e9s enll\u00e0 de les activitats puntuals, durant tot el mes de novembre els usuaris podran trobar l\u2019expositor bibliogr\u00e0fic \u201cLletres de vinya\u201d amb una selecci\u00f3 de llibres sobre el m\u00f3n del vi, la vinya i el cooperativisme agrari del territori.<\/span><\/p>\n<hr \/>\n<p style=\"text-align: justify;\"><span style=\"color: #000000;\"><strong>CASTELLANO |<\/strong> La Biblioteca p\u00fablica de la Bisbal del Pened\u00e8s &#8211; a trav\u00e9s de la Regidoria de Cultura &#8211; ha programado un gran n\u00famero de actividades relacionadas con el mundo del vino para este noviembre. De esta manera, la Biblioteca bisbalenca se adhiere al proyecto Biblioteques amb DO del Servei de Biblioteques del Departament de Cultura de la Generalitat de Catalunya ofreciendo actividades, dirigidas a todos los p\u00fablicos, con el objetivo de poner en valor los recursos sobre la cultura y hacer pedagog\u00eda sobre el vino y todo lo que lo rodea.<\/span><\/p>\n<p style=\"text-align: justify;\"><span style=\"color: #000000;\"><strong>PROGRAMA DE ACTIVIDADES<\/strong><\/span><\/p>\n<p style=\"text-align: justify;\"><span style=\"text-decoration: underline; color: #000000;\"><strong>S\u00e1bado 9 de noviembre<\/strong><\/span><\/p>\n<p style=\"padding-left: 30px; text-align: justify;\"><span style=\"color: #000000;\"><strong>18:30h Proyecci\u00f3n del documental<\/strong> &#8220;La vinya i la banya&#8221;, un film sobre el proceso vitivin\u00edcola a partir de la experiencia personal del viticultor Raimon Coll. El documental se ha rodado en el Pened\u00e8s.<\/span><\/p>\n<p style=\"text-align: justify;\"><span style=\"color: #000000;\"><strong><span style=\"text-decoration: underline;\">Viernes 15 de noviembre<\/span><\/strong><\/span><\/p>\n<p style=\"padding-left: 30px; text-align: justify;\"><span style=\"color: #000000;\"><strong>19:00h Inauguraci\u00f3n de la exposici\u00f3n<\/strong> &#8220;Racons del Baix Pened\u00e8s&#8221; del colectivo fotogr\u00e1fico ENFOCA. El montaje incluye una treintena de im\u00e1genes de rincones de la comarca.<\/span><\/p>\n<p style=\"text-align: justify;\"><span style=\"text-decoration: underline; color: #000000;\"><strong>S\u00e1bado 16 de noviembre<\/strong><\/span><\/p>\n<p style=\"padding-left: 30px; text-align: justify;\"><span style=\"color: #000000;\"><strong>19:00h Concierto participativo<\/strong> &#8220;Les paraules del Vi&#8221; a cargo del grupo &#8220;Corrandes s\u00f3n Corrandes&#8221; para jugar con las palabras del mundo del vino y aprender a construir corrandas improvisadas y canciones tradicionales. Al finalizar, tendr\u00e1 lugar una cata de vinos del territorio, gentileza de Cellers Domenys.\u00a0<\/span><\/p>\n<p style=\"text-align: justify;\"><span style=\"text-decoration: underline; color: #000000;\"><strong>Viernes 22 de noviembre<\/strong><\/span><\/p>\n<p style=\"padding-left: 30px; text-align: justify;\"><span style=\"color: #000000;\"><strong>18:00h Taller de pintura<\/strong> &#8220;Tintavi&#8221;, dirigido a ni\u00f1os y ni\u00f1as de 6 a 13 a\u00f1os. Se descubrir\u00e1n los secretos del vino y se pintar\u00e1 con esta bebida.El taller ir\u00e1 a cargo de Marta Ara\u00f1\u00f3. Es necesario inscribirse previamente en la Biblioteca.<\/span><\/p>\n<p style=\"text-align: justify;\"><span style=\"text-decoration: underline; color: #000000;\"><strong>S\u00e1bado 23 de noviembre<\/strong><\/span><\/p>\n<p style=\"padding-left: 30px; text-align: justify;\"><span style=\"color: #000000;\"><strong>19:00h<\/strong> <strong>Charla<\/strong> &#8220;La llegada del vino al Pened\u00e8s y su expansi\u00f3n por la cultura ib\u00e9rica&#8221;, un viaje hasta la llegada de los primeros ejemplares de vid al Pened\u00e8s para descubrir las pr\u00e1cticas vin\u00edcolas de los fenicios, griegos e \u00edberos. La actividad se complementar\u00e1 con una cata comentada de vino de \u00e1nfora. La actividad ir\u00e1 a cargo de Roser Hern\u00e1ndez. Hay que inscribirse previamente en la Biblioteca.<\/span><\/p>\n<p style=\"text-align: justify;\"><span style=\"text-decoration: underline; color: #000000;\"><strong>Jueves 28 de noviembre<\/strong><\/span><\/p>\n<p style=\"padding-left: 30px; text-align: justify;\"><span style=\"color: #000000;\"><strong>18:30h<\/strong> <strong>Club de lectura<\/strong> con el libro &#8220;Les dones de la principal&#8221; de Llu\u00eds Llach. Hay que inscribirse previamente en la Biblioteca.<\/span><\/p>\n<p style=\"text-align: justify;\"><span style=\"text-decoration: underline; color: #000000;\"><strong>Viernes 29 de noviembre<\/strong><\/span><\/p>\n<p style=\"padding-left: 30px; text-align: justify;\"><span style=\"color: #000000;\"><strong>18:00h<\/strong> <strong>Cuento+LAB<\/strong> &#8220;El ra\u00efm trepitjat&#8221;, una actividad infantil que incluye una f\u00e1bula original sobre la vi\u00f1a y un taller para recuperar los valores ligados al mundo del campo. La actividad ir\u00e1 a cargo de Kekeshuga.<\/span><\/p>\n<p style=\"text-align: justify;\"><span style=\"color: #000000;\">M\u00e1s all\u00e1 de las actividades puntuales, durante todo el mes de noviembre los usuarios podr\u00e1n encontrar el expositor bibliogr\u00e1fico &#8220;Lletres de vinya&#8221; con una selecci\u00f3n de libros sobre el mundo del vino, la vi\u00f1a y el cooperativismo agrario del territorio.<\/span><\/p>\n<p>&nbsp;<\/p>\n","protected":false},"excerpt":{"rendered":"<p>La Biblioteca p\u00fablica de la Bisbal del Pened\u00e8s \u2013 a trav\u00e9s de la Regidoria de Cultura &#8211; ha programat un gran nombre d\u2019activitats relacionades amb el m\u00f3n del vi per &hellip; <a href=\"https:\/\/bisbalpenedes.com\/web\/2019\/11\/05\/la-biblioteca-de-la-bisbal-oferira-7-activitats-relacionades-amb-el-mon-del-vi-aquest-novembre\/\" class=\"more-link\">Read More<\/a><\/p>\n","protected":false},"author":4,"featured_media":11125,"comment_status":"closed","ping_status":"closed","sticky":false,"template":"","format":"standard","meta":[],"categories":[2478,13],"tags":[2581,3334,3335,412,3336,3338,2118,1202,3341,3342,3337,3340,3343,3339],"_links":{"self":[{"href":"https:\/\/bisbalpenedes.com\/web\/wp-json\/wp\/v2\/posts\/11123"}],"collection":[{"href":"https:\/\/bisbalpenedes.com\/web\/wp-json\/wp\/v2\/posts"}],"about":[{"href":"https:\/\/bisbalpenedes.com\/web\/wp-json\/wp\/v2\/types\/post"}],"author":[{"embeddable":true,"href":"https:\/\/bisbalpenedes.com\/web\/wp-json\/wp\/v2\/users\/4"}],"replies":[{"embeddable":true,"href":"https:\/\/bisbalpenedes.com\/web\/wp-json\/wp\/v2\/comments?post=11123"}],"version-history":[{"count":2,"href":"https:\/\/bisbalpenedes.com\/web\/wp-json\/wp\/v2\/posts\/11123\/revisions"}],"predecessor-version":[{"id":11131,"href":"https:\/\/bisbalpenedes.com\/web\/wp-json\/wp\/v2\/posts\/11123\/revisions\/11131"}],"wp:featuredmedia":[{"embeddable":true,"href":"https:\/\/bisbalpenedes.com\/web\/wp-json\/wp\/v2\/media\/11125"}],"wp:attachment":[{"href":"https:\/\/bisbalpenedes.com\/web\/wp-json\/wp\/v2\/media?parent=11123"}],"wp:term":[{"taxonomy":"category","embeddable":true,"href":"https:\/\/bisbalpenedes.com\/web\/wp-json\/wp\/v2\/categories?post=11123"},{"taxonomy":"post_tag","embeddable":true,"href":"https:\/\/bisbalpenedes.com\/web\/wp-json\/wp\/v2\/tags?post=11123"}],"curies":[{"name":"wp","href":"https:\/\/api.w.org\/{rel}","templated":true}]}}