{"id":11107,"date":"2019-10-31T13:19:19","date_gmt":"2019-10-31T12:19:19","guid":{"rendered":"http:\/\/bisbalpenedes.com\/web\/?p=11107"},"modified":"2019-10-31T13:21:28","modified_gmt":"2019-10-31T12:21:28","slug":"la-biblioteca-acollira-una-xerrada-sobre-malalties-minoritaries-el-dimarts-5-de-novembre-a-les-1830h","status":"publish","type":"post","link":"https:\/\/bisbalpenedes.com\/web\/2019\/10\/31\/la-biblioteca-acollira-una-xerrada-sobre-malalties-minoritaries-el-dimarts-5-de-novembre-a-les-1830h\/","title":{"rendered":"La Biblioteca acollir\u00e0 una xerrada sobre malalties minorit\u00e0ries el dimarts 5 de novembre a les 18:30h"},"content":{"rendered":"<p style=\"text-align: justify;\"><span style=\"color: #000000;\">El proper dimarts 5 de novembre, a les 18:30h, la Biblioteca p\u00fablica de la Bisbal del Pened\u00e8s acollir\u00e0 una xerrada sobre les malalties minorit\u00e0ries, que enguany protagonistes de la Marat\u00f3 de TV3. La pon\u00e8ncia anir\u00e0 a c\u00e0rrec de la professora Maria \u00c0frica Fortes del Valle. Organitzen: Regidories de Sanitat i Cultura.<\/span><\/p>\n<hr \/>\n<p style=\"text-align: justify;\"><span style=\"color: #000000;\">CASTELLANO | El pr\u00f3ximo martes 5 de noviembre, a las 18:30h, la Biblioteca p\u00fablica de la Bisbal del Pened\u00e8s acoger\u00e1 una charla sobre las enfermedades minoritarias, que este a\u00f1o son las protagonistas de la Marat\u00f3 de TV3. La pon\u00e8ncia anir\u00e0 a c\u00e0rrec de la professora Maria \u00c0frica Fortes del Valle. Organitzen: Regidories de Sanitat i Cultura.<\/span><\/p>\n<p><a href=\"http:\/\/bisbalpenedes.com\/web\/wp-content\/uploads\/2019\/10\/Cartell-xerrada-MaratO-2019.png\"><img loading=\"lazy\" class=\"alignnone wp-image-11109 size-large\" src=\"http:\/\/bisbalpenedes.com\/web\/wp-content\/uploads\/2019\/10\/Cartell-xerrada-MaratO-2019-724x1024.png\" alt=\"Cartell xerrada MaratO 2019\" width=\"630\" height=\"891\" srcset=\"https:\/\/bisbalpenedes.com\/web\/wp-content\/uploads\/2019\/10\/Cartell-xerrada-MaratO-2019-724x1024.png 724w, https:\/\/bisbalpenedes.com\/web\/wp-content\/uploads\/2019\/10\/Cartell-xerrada-MaratO-2019-600x849.png 600w, https:\/\/bisbalpenedes.com\/web\/wp-content\/uploads\/2019\/10\/Cartell-xerrada-MaratO-2019-212x300.png 212w, https:\/\/bisbalpenedes.com\/web\/wp-content\/uploads\/2019\/10\/Cartell-xerrada-MaratO-2019-768x1086.png 768w, https:\/\/bisbalpenedes.com\/web\/wp-content\/uploads\/2019\/10\/Cartell-xerrada-MaratO-2019.png 1587w\" sizes=\"(max-width: 630px) 100vw, 630px\" \/><\/a><\/p>\n","protected":false},"excerpt":{"rendered":"<p>El proper dimarts 5 de novembre, a les 18:30h, la Biblioteca p\u00fablica de la Bisbal del Pened\u00e8s acollir\u00e0 una xerrada sobre les malalties minorit\u00e0ries, que enguany protagonistes de la Marat\u00f3 &hellip; <a href=\"https:\/\/bisbalpenedes.com\/web\/2019\/10\/31\/la-biblioteca-acollira-una-xerrada-sobre-malalties-minoritaries-el-dimarts-5-de-novembre-a-les-1830h\/\" class=\"more-link\">Read More<\/a><\/p>\n","protected":false},"author":4,"featured_media":11109,"comment_status":"closed","ping_status":"closed","sticky":false,"template":"","format":"standard","meta":[],"categories":[13,14],"tags":[3331,93],"_links":{"self":[{"href":"https:\/\/bisbalpenedes.com\/web\/wp-json\/wp\/v2\/posts\/11107"}],"collection":[{"href":"https:\/\/bisbalpenedes.com\/web\/wp-json\/wp\/v2\/posts"}],"about":[{"href":"https:\/\/bisbalpenedes.com\/web\/wp-json\/wp\/v2\/types\/post"}],"author":[{"embeddable":true,"href":"https:\/\/bisbalpenedes.com\/web\/wp-json\/wp\/v2\/users\/4"}],"replies":[{"embeddable":true,"href":"https:\/\/bisbalpenedes.com\/web\/wp-json\/wp\/v2\/comments?post=11107"}],"version-history":[{"count":3,"href":"https:\/\/bisbalpenedes.com\/web\/wp-json\/wp\/v2\/posts\/11107\/revisions"}],"predecessor-version":[{"id":11112,"href":"https:\/\/bisbalpenedes.com\/web\/wp-json\/wp\/v2\/posts\/11107\/revisions\/11112"}],"wp:featuredmedia":[{"embeddable":true,"href":"https:\/\/bisbalpenedes.com\/web\/wp-json\/wp\/v2\/media\/11109"}],"wp:attachment":[{"href":"https:\/\/bisbalpenedes.com\/web\/wp-json\/wp\/v2\/media?parent=11107"}],"wp:term":[{"taxonomy":"category","embeddable":true,"href":"https:\/\/bisbalpenedes.com\/web\/wp-json\/wp\/v2\/categories?post=11107"},{"taxonomy":"post_tag","embeddable":true,"href":"https:\/\/bisbalpenedes.com\/web\/wp-json\/wp\/v2\/tags?post=11107"}],"curies":[{"name":"wp","href":"https:\/\/api.w.org\/{rel}","templated":true}]}}