{"id":11101,"date":"2019-10-31T12:56:15","date_gmt":"2019-10-31T11:56:15","guid":{"rendered":"http:\/\/bisbalpenedes.com\/web\/?p=11101"},"modified":"2019-10-31T12:56:15","modified_gmt":"2019-10-31T11:56:15","slug":"lescriptor-bisbalenc-julio-l-calderon-viatjara-a-miami-aquest-novembre-per-donar-a-coneixer-la-seva-obra-literaria","status":"publish","type":"post","link":"https:\/\/bisbalpenedes.com\/web\/2019\/10\/31\/lescriptor-bisbalenc-julio-l-calderon-viatjara-a-miami-aquest-novembre-per-donar-a-coneixer-la-seva-obra-literaria\/","title":{"rendered":"L&#8217;escriptor bisbalenc Julio L. Calder\u00f3n viatjar\u00e0 a Miami aquest novembre per donar a con\u00e8ixer la seva obra liter\u00e0ria"},"content":{"rendered":"<p style=\"text-align: center;\"><a href=\"http:\/\/bisbalpenedes.com\/web\/wp-content\/uploads\/2019\/10\/65662573_330219087926033_8903677868458901504_n.jpg\"><img loading=\"lazy\" class=\"alignnone size-medium wp-image-11102\" src=\"http:\/\/bisbalpenedes.com\/web\/wp-content\/uploads\/2019\/10\/65662573_330219087926033_8903677868458901504_n-196x300.jpg\" alt=\"65662573_330219087926033_8903677868458901504_n\" width=\"196\" height=\"300\" srcset=\"https:\/\/bisbalpenedes.com\/web\/wp-content\/uploads\/2019\/10\/65662573_330219087926033_8903677868458901504_n-196x300.jpg 196w, https:\/\/bisbalpenedes.com\/web\/wp-content\/uploads\/2019\/10\/65662573_330219087926033_8903677868458901504_n-600x917.jpg 600w, https:\/\/bisbalpenedes.com\/web\/wp-content\/uploads\/2019\/10\/65662573_330219087926033_8903677868458901504_n-768x1173.jpg 768w, https:\/\/bisbalpenedes.com\/web\/wp-content\/uploads\/2019\/10\/65662573_330219087926033_8903677868458901504_n-670x1024.jpg 670w, https:\/\/bisbalpenedes.com\/web\/wp-content\/uploads\/2019\/10\/65662573_330219087926033_8903677868458901504_n.jpg 1080w\" sizes=\"(max-width: 196px) 100vw, 196px\" \/><\/a><\/p>\n<p style=\"text-align: justify;\"><span style=\"color: #000000;\">L\u2019escriptor bisbalenc Julio L. Calder\u00f3n viatjar\u00e0 a Miami, aquest novembre, per donar-se a con\u00e8ixer com a escriptor. All\u00e0, segons ha explicat, establir\u00e0 contactes amb persones del m\u00f3n de la literatura i d\u2019altres arts amb l\u2019objectiu de fer un segon viatge per negociar amb editorials i definir un pla d\u2019actuaci\u00f3 per publicar les seves obres als Estats Units.<\/span><\/p>\n<p style=\"text-align: justify;\"><span style=\"color: #000000;\">Calder\u00f3n afirma que no s\u2019esperava que tot plegat an\u00e9s tan de pressa: \u201crecentment les meves obres han estat editades per una editorial amb seu a Col\u00f2mbia i Venezuela i distribu\u00efdes per l\u2019Am\u00e8rica del Sud i ara el seg\u00fcent pas ser\u00e0 aquest viatge, com a escriptor, a Miami\u201d. El bisbalenc confessa que \u201cno m\u2019esperava aix\u00f2 en absolut. Aquest ser\u00e0 un pas molt important per a mi i penso que tamb\u00e9 pot beneficiar el municipi, ja que portar\u00e9 el nom de la Bisbal del Pened\u00e8s i de Catalunya all\u00e0 on vagi\u201d.<\/span><\/p>\n<p style=\"text-align: justify;\"><span style=\"color: #000000;\">Julio L. Calder\u00f3n ha presentat a la Bisbal del Pened\u00e8s els seus llibres \u201cCazador de almas\u201d i \u201cNavegando entre universos de colores\u201d. En l\u2019actualitat est\u00e0 acabant la seva novel\u00b7la \u201cSo\u00f1ando despierto\u201d i, segons explica, t\u00e9 l\u2019objectiu de publicar-la a la primavera o a principis d\u2019estiu de 2020. Calder\u00f3n ha avan\u00e7at que, \u201ces tracta d\u2019una novel\u00b7la de ficci\u00f3, com les anteriors, o hi abunda la teologia. \u00c9s un llibre que parla de la hist\u00f2ria del m\u00f3n incloent els darrers descobriments en camps com la teologia, la hist\u00f2ria, l\u2019arqueologia, textos en lleng\u00fces antigues\u2026 \u00e9s a dir, dades que parlen del lloc d\u2019on venim. Per\u00f2 no \u00e9s un llibre d\u2019hist\u00f2ria, \u00e9s un llibre on la meva fantasia i imaginaci\u00f3 juguen un paper important en una narraci\u00f3 que cont\u00e9 molts elements que tots coneixem. Crec que una de les coses que m\u00e9s sorprendr\u00e0 \u00e9s la multitud de formes en qu\u00e8 es podr\u00e0 llegir el llibre, ja que es podr\u00e0 variar l\u2019ordre cronol\u00f2gic de lectura dels cap\u00edtols sense que el contingut se\u2019n vegi afectat\u201d.<\/span><\/p>\n<hr \/>\n<p style=\"text-align: justify;\"><span style=\"color: #000000;\"><strong>CASTELLANO |<\/strong> El escritor bisbalenc Julio L. Calder\u00f3n viajar\u00e1 a Miami, este noviembre, para darse a conocer como escritor. All\u00ed, seg\u00fan ha explicado, establecer\u00e1 contactos con personas del mundo de la literatura y de otras artes con el objetivo de hacer un segundo viaje para negociar con editoriales y definir un plan de actuaci\u00f3n para publicar sus obras en los Estados Unidos.<\/span><\/p>\n<p style=\"text-align: justify;\"><span style=\"color: #000000;\">Calder\u00f3n afirma que no se esperaba que todo fuese tan de prisa: \u201crecientemente mis obras han sido editadas por una editorial con sede en Colombia y Venezuela y distribuidas por Am\u00e9rica del Sur y ahora el siguiente paso ser\u00e1 este viaje, como escritor, a Miami\u201d. Calder\u00f3n confiesa que \u201cno me esperaba esto en absoluto. Este ser\u00e1 un paso muy importante para m\u00ed y pienso que tambi\u00e9n puede beneficiar al municipio, ya que llevar\u00e9 el nombre de la Bisbal del Pened\u00e8s y de Catalunya all\u00ed donde vaya\u201d.<\/span><\/p>\n<p style=\"text-align: justify;\"><span style=\"color: #000000;\">Julio L. Calder\u00f3n ha presentado en la Bisbal del Pened\u00e8s sus libros \u201cCazador de almas\u201d y \u201cNavegando entre universos de colores\u201d. En la actualidad est\u00e1 terminando su novela \u201cSo\u00f1ando despierto\u201d y, seg\u00fan explica, tiene el objetivo de publicarla en primavera o a principios de verano del 2020. Calder\u00f3n ha avanzado que, \u201cse trata de una novela de ficci\u00f3n, como las anteriores, donde abunda la teolog\u00eda. Es un libro que habla de la historia del mundo incluyendo los \u00faltimos descubrimientos en campos como la teolog\u00eda, la historia, la arqueolog\u00eda, textos en lenguas antiguas\u2026 Es decir, datos que hablan del lugar del que venimos. Perno no es un libro de historia, es un libro donde mi fantas\u00eda e imaginaci\u00f3n juegan un papel muy importante en una narraci\u00f3n que contiene muchos elementos que todos conocemos. Creo que una de las cosas que m\u00e1s sorprender\u00e1 es la multitud de formas en las que se podr\u00e1 leer el libro, ya que se podr\u00e1 variar el orden cronol\u00f3gico de lectura de los cap\u00edtulos sin que el contenido se vea afectado\u201d.<\/span><\/p>\n<p>&nbsp;<\/p>\n","protected":false},"excerpt":{"rendered":"<p>L\u2019escriptor bisbalenc Julio L. Calder\u00f3n viatjar\u00e0 a Miami, aquest novembre, per donar-se a con\u00e8ixer com a escriptor. All\u00e0, segons ha explicat, establir\u00e0 contactes amb persones del m\u00f3n de la literatura &hellip; <a href=\"https:\/\/bisbalpenedes.com\/web\/2019\/10\/31\/lescriptor-bisbalenc-julio-l-calderon-viatjara-a-miami-aquest-novembre-per-donar-a-coneixer-la-seva-obra-literaria\/\" class=\"more-link\">Read More<\/a><\/p>\n","protected":false},"author":4,"featured_media":11102,"comment_status":"closed","ping_status":"closed","sticky":false,"template":"","format":"standard","meta":[],"categories":[2370,13],"tags":[2589,3329,594,3328,1492,3327,1494],"_links":{"self":[{"href":"https:\/\/bisbalpenedes.com\/web\/wp-json\/wp\/v2\/posts\/11101"}],"collection":[{"href":"https:\/\/bisbalpenedes.com\/web\/wp-json\/wp\/v2\/posts"}],"about":[{"href":"https:\/\/bisbalpenedes.com\/web\/wp-json\/wp\/v2\/types\/post"}],"author":[{"embeddable":true,"href":"https:\/\/bisbalpenedes.com\/web\/wp-json\/wp\/v2\/users\/4"}],"replies":[{"embeddable":true,"href":"https:\/\/bisbalpenedes.com\/web\/wp-json\/wp\/v2\/comments?post=11101"}],"version-history":[{"count":1,"href":"https:\/\/bisbalpenedes.com\/web\/wp-json\/wp\/v2\/posts\/11101\/revisions"}],"predecessor-version":[{"id":11103,"href":"https:\/\/bisbalpenedes.com\/web\/wp-json\/wp\/v2\/posts\/11101\/revisions\/11103"}],"wp:featuredmedia":[{"embeddable":true,"href":"https:\/\/bisbalpenedes.com\/web\/wp-json\/wp\/v2\/media\/11102"}],"wp:attachment":[{"href":"https:\/\/bisbalpenedes.com\/web\/wp-json\/wp\/v2\/media?parent=11101"}],"wp:term":[{"taxonomy":"category","embeddable":true,"href":"https:\/\/bisbalpenedes.com\/web\/wp-json\/wp\/v2\/categories?post=11101"},{"taxonomy":"post_tag","embeddable":true,"href":"https:\/\/bisbalpenedes.com\/web\/wp-json\/wp\/v2\/tags?post=11101"}],"curies":[{"name":"wp","href":"https:\/\/api.w.org\/{rel}","templated":true}]}}