{"id":11099,"date":"2019-10-31T12:38:14","date_gmt":"2019-10-31T11:38:14","guid":{"rendered":"http:\/\/bisbalpenedes.com\/web\/?p=11099"},"modified":"2019-10-31T12:38:14","modified_gmt":"2019-10-31T11:38:14","slug":"saprova-inicialment-el-planol-de-delimitacio-de-mesures-de-prevencio-dincendis-a-la-bisbal-del-penedes","status":"publish","type":"post","link":"https:\/\/bisbalpenedes.com\/web\/2019\/10\/31\/saprova-inicialment-el-planol-de-delimitacio-de-mesures-de-prevencio-dincendis-a-la-bisbal-del-penedes\/","title":{"rendered":"S\u2019aprova inicialment el pl\u00e0nol de delimitaci\u00f3 de mesures de prevenci\u00f3 d\u2019incendis a la Bisbal del Pened\u00e8s"},"content":{"rendered":"<p style=\"text-align: justify;\"><span style=\"color: #000000;\">La Junta de Govern local ha aprovat, inicialment, el pl\u00e0nol de delimitaci\u00f3 de mesures de prevenci\u00f3 d\u2019incendis a la Bisbal del Pened\u00e8s. Es tracta d\u2019un document que defineix els subjectes obligats i les finques afectades pels treballs de neteja de les franges perimetrals al voltant de les edificacions per a la prevenci\u00f3 d\u2019incendis forestals.<\/span><\/p>\n<p style=\"text-align: justify;\"><span style=\"color: #000000;\">Els Ajuntaments tenen l\u2019obligaci\u00f3 de redactar aquests documents de delimitaci\u00f3 i, per aquest motiu, l\u2019octubre de 2015 es va sol\u00b7licitar a la Diputaci\u00f3 de Tarragona l\u2019assist\u00e8ncia t\u00e8cnica per a la seva redacci\u00f3. La Diputaci\u00f3 va aprovar, el desembre de 2015, l\u2019expedient de contractaci\u00f3 de l\u2019assist\u00e8ncia t\u00e8cnica per a la redacci\u00f3 del pl\u00e0nol de delimitaci\u00f3 de mesures de prevenci\u00f3 d\u2019incendis forestals en 80 municipis, entre els quals hi havia la Bisbal del Pened\u00e8s. El passat mes de maig de 2019 va arribar el pl\u00e0nol a l\u2019Ajuntament i, despr\u00e9s de fer les consideracions oportunes, s\u2019ha aprovat inicialment en la Junta de Govern del 28 d\u2019octubre de 2019.<\/span><\/p>\n<hr \/>\n<p style=\"text-align: justify;\"><span style=\"color: #000000;\"><strong>CASTELLANO |<\/strong> La Junta de Gobierno ha aprobado, inicialmente, el plano de delimitaci\u00f3n de medidas de prevenci\u00f3n de incendios en la Bisbal del Pened\u00e8s. Se trata de un documento que define los sujetos obligados y las fincas afectadas por los trabajos de limpieza de las franjas perimetrales alrededor de las edificaciones para la prevenci\u00f3n de incendios forestales.<\/span><\/p>\n<p style=\"text-align: justify;\"><span style=\"color: #000000;\">Los Ayuntamientos tienen la obligaci\u00f3n de redactar estos documentos de delimitaci\u00f3n y, por este motivo, en octubre del 2015 se solicit\u00f3 a la Diputaci\u00f3n de Tarragona la asistencia t\u00e9cnica para su redacci\u00f3n. La Diputaci\u00f3n aprob\u00f3, en diciembre del 2015, el expediente de contrataci\u00f3n de la asistencia t\u00e9cnica para la redacci\u00f3n del plano de delimitaci\u00f3n de medidas de prevenci\u00f3n de incendios forestales en 80 municipios, entre los cuales hab\u00eda la Bisbal del Pened\u00e8s. El pasado mes de mayo del 2019 lleg\u00f3 el plano al Ayuntamiento y, despu\u00e9s de hacer las consideraciones oportunas, se ha aprobado inicialmente en la Junta de Gobierno del 28 de octubre del 2019.<\/span><\/p>\n<p style=\"text-align: justify;\"><span style=\"color: #000000;\"><strong>\u00a0<\/strong><\/span><\/p>\n<p>&nbsp;<\/p>\n<p>&nbsp;<\/p>\n","protected":false},"excerpt":{"rendered":"<p>La Junta de Govern local ha aprovat, inicialment, el pl\u00e0nol de delimitaci\u00f3 de mesures de prevenci\u00f3 d\u2019incendis a la Bisbal del Pened\u00e8s. Es tracta d\u2019un document que defineix els subjectes &hellip; <a href=\"https:\/\/bisbalpenedes.com\/web\/2019\/10\/31\/saprova-inicialment-el-planol-de-delimitacio-de-mesures-de-prevencio-dincendis-a-la-bisbal-del-penedes\/\" class=\"more-link\">Read More<\/a><\/p>\n","protected":false},"author":4,"featured_media":5683,"comment_status":"closed","ping_status":"closed","sticky":false,"template":"","format":"standard","meta":[],"categories":[32],"tags":[220,3326],"_links":{"self":[{"href":"https:\/\/bisbalpenedes.com\/web\/wp-json\/wp\/v2\/posts\/11099"}],"collection":[{"href":"https:\/\/bisbalpenedes.com\/web\/wp-json\/wp\/v2\/posts"}],"about":[{"href":"https:\/\/bisbalpenedes.com\/web\/wp-json\/wp\/v2\/types\/post"}],"author":[{"embeddable":true,"href":"https:\/\/bisbalpenedes.com\/web\/wp-json\/wp\/v2\/users\/4"}],"replies":[{"embeddable":true,"href":"https:\/\/bisbalpenedes.com\/web\/wp-json\/wp\/v2\/comments?post=11099"}],"version-history":[{"count":1,"href":"https:\/\/bisbalpenedes.com\/web\/wp-json\/wp\/v2\/posts\/11099\/revisions"}],"predecessor-version":[{"id":11100,"href":"https:\/\/bisbalpenedes.com\/web\/wp-json\/wp\/v2\/posts\/11099\/revisions\/11100"}],"wp:featuredmedia":[{"embeddable":true,"href":"https:\/\/bisbalpenedes.com\/web\/wp-json\/wp\/v2\/media\/5683"}],"wp:attachment":[{"href":"https:\/\/bisbalpenedes.com\/web\/wp-json\/wp\/v2\/media?parent=11099"}],"wp:term":[{"taxonomy":"category","embeddable":true,"href":"https:\/\/bisbalpenedes.com\/web\/wp-json\/wp\/v2\/categories?post=11099"},{"taxonomy":"post_tag","embeddable":true,"href":"https:\/\/bisbalpenedes.com\/web\/wp-json\/wp\/v2\/tags?post=11099"}],"curies":[{"name":"wp","href":"https:\/\/api.w.org\/{rel}","templated":true}]}}