{"id":11092,"date":"2019-10-30T21:45:07","date_gmt":"2019-10-30T20:45:07","guid":{"rendered":"http:\/\/bisbalpenedes.com\/web\/?p=11092"},"modified":"2019-10-30T21:45:07","modified_gmt":"2019-10-30T20:45:07","slug":"lalcaldessa-agnes-ferre-i-la-regidora-dagricultura-judith-vidal-han-assistit-a-la-7a-jornada-tecnica-de-la-vinya-i-el-vi-de-la-jarc-que-sha-celebrat-a-mas-llagostera","status":"publish","type":"post","link":"https:\/\/bisbalpenedes.com\/web\/2019\/10\/30\/lalcaldessa-agnes-ferre-i-la-regidora-dagricultura-judith-vidal-han-assistit-a-la-7a-jornada-tecnica-de-la-vinya-i-el-vi-de-la-jarc-que-sha-celebrat-a-mas-llagostera\/","title":{"rendered":"L&#8217;alcaldessa Agn\u00e8s Ferr\u00e9 i la regidora d&#8217;Agricultura, Judith Vidal, han assistit a la 7a Jornada t\u00e8cnica de la vinya i el vi de la JARC que s&#8217;ha celebrat a Mas Llagostera"},"content":{"rendered":"<div class=\"\" data-block=\"true\" data-editor=\"c5va4\" data-offset-key=\"1rt5g-0-0\">\n<div class=\"_1mf _1mj\" style=\"text-align: center;\" data-offset-key=\"1rt5g-0-0\"><a href=\"http:\/\/bisbalpenedes.com\/web\/wp-content\/uploads\/2019\/10\/PHOTO-2019-10-30-13-16-35.jpg\"><img loading=\"lazy\" class=\"alignnone size-medium wp-image-11094\" src=\"http:\/\/bisbalpenedes.com\/web\/wp-content\/uploads\/2019\/10\/PHOTO-2019-10-30-13-16-35-300x225.jpg\" alt=\"mas llagostera vinya i vi \" width=\"300\" height=\"225\" srcset=\"https:\/\/bisbalpenedes.com\/web\/wp-content\/uploads\/2019\/10\/PHOTO-2019-10-30-13-16-35-300x225.jpg 300w, https:\/\/bisbalpenedes.com\/web\/wp-content\/uploads\/2019\/10\/PHOTO-2019-10-30-13-16-35-600x450.jpg 600w, https:\/\/bisbalpenedes.com\/web\/wp-content\/uploads\/2019\/10\/PHOTO-2019-10-30-13-16-35-768x576.jpg 768w, https:\/\/bisbalpenedes.com\/web\/wp-content\/uploads\/2019\/10\/PHOTO-2019-10-30-13-16-35-1024x768.jpg 1024w, https:\/\/bisbalpenedes.com\/web\/wp-content\/uploads\/2019\/10\/PHOTO-2019-10-30-13-16-35.jpg 1599w\" sizes=\"(max-width: 300px) 100vw, 300px\" \/><\/a><\/div>\n<div class=\"_1mf _1mj\" style=\"text-align: justify;\" data-offset-key=\"1rt5g-0-0\"><span style=\"color: #000000;\">Aquest dimecres ha tingut lloc la 7a edici\u00f3 de la Jornada t\u00e8cnica de la vinya i el vi de JARC (Joves Agricultors i Ramaders de Catalunya), que enguany ha versat sobre l&#8217;actualitat del sector vitivin\u00edcola catal\u00e0, a Mas Llagostera. Durant la jornada s&#8217;ha ofert als assistents, principalment viticultors, una visi\u00f3 sobre diversos temes d&#8217;actualitat i normatives. Alhora, s&#8217;ha creat un ambient d&#8217;intercanvi i de creaci\u00f3 de sinergies entre els assistents. L&#8217;alcaldessa Agn\u00e8s Ferr\u00e9 i la regidora d&#8217;Agricultura, Judith Vidal hi han assistit.<\/span><\/div>\n<\/div>\n<div class=\"\" style=\"text-align: justify;\" data-block=\"true\" data-editor=\"c5va4\" data-offset-key=\"6h255-0-0\">\n<div class=\"_1mf _1mj\" data-offset-key=\"6h255-0-0\"><\/div>\n<\/div>\n<div class=\"\" style=\"text-align: justify;\" data-block=\"true\" data-editor=\"c5va4\" data-offset-key=\"c2366-0-0\">\n<div class=\"_1mf _1mj\" data-offset-key=\"c2366-0-0\">\n<hr \/>\n<p><span style=\"color: #000000;\"><br \/>\n<\/span><\/div>\n<\/div>\n<div class=\"\" style=\"text-align: justify;\" data-block=\"true\" data-editor=\"c5va4\" data-offset-key=\"f0kv8-0-0\">\n<div class=\"_1mf _1mj\" data-offset-key=\"f0kv8-0-0\"><span style=\"color: #000000;\"><b>CASTELLANO |<\/b>\u00a0Este mi\u00e9rcoles ha tenido lugar la 7a edici\u00f3n de la Jornada t\u00e9cnica de la vi\u00f1a y el vino de la JARC (Joves Agricultors i Ramaders de Catalunya), que este a\u00f1o ha tratado sobre la actualidad del sector vitivin\u00edcola catal\u00e1n, en Mas Llagostera. Durante la jornada se ha ofrecido a los asistentes, principalmente viticultores, una visi\u00f3n sobre varios temas de actualidad y normativas. Al mismo tiempo, se ha creado un ambiente de intercambio y de creaci\u00f3n de sinergias entre los asistentes. La alcaldesa Agn\u00e8s Ferr\u00e9 y la regidora de Agricultura, Judith Vidal, han asistido a la jornada.<\/span><\/div>\n<\/div>\n<div class=\"_1mf _1mj\" style=\"text-align: center;\" data-offset-key=\"5clcj-0-0\"><a href=\"http:\/\/bisbalpenedes.com\/web\/wp-content\/uploads\/2019\/10\/PHOTO-2019-10-30-13-16-35-1.jpg\"><img loading=\"lazy\" class=\"alignnone size-medium wp-image-11093\" src=\"http:\/\/bisbalpenedes.com\/web\/wp-content\/uploads\/2019\/10\/PHOTO-2019-10-30-13-16-35-1-300x225.jpg\" alt=\"alcaldessa i regidora agricultura mas llagostera\" width=\"300\" height=\"225\" srcset=\"https:\/\/bisbalpenedes.com\/web\/wp-content\/uploads\/2019\/10\/PHOTO-2019-10-30-13-16-35-1-300x225.jpg 300w, https:\/\/bisbalpenedes.com\/web\/wp-content\/uploads\/2019\/10\/PHOTO-2019-10-30-13-16-35-1-600x450.jpg 600w, https:\/\/bisbalpenedes.com\/web\/wp-content\/uploads\/2019\/10\/PHOTO-2019-10-30-13-16-35-1-768x576.jpg 768w, https:\/\/bisbalpenedes.com\/web\/wp-content\/uploads\/2019\/10\/PHOTO-2019-10-30-13-16-35-1-1024x768.jpg 1024w, https:\/\/bisbalpenedes.com\/web\/wp-content\/uploads\/2019\/10\/PHOTO-2019-10-30-13-16-35-1.jpg 1296w\" sizes=\"(max-width: 300px) 100vw, 300px\" \/><\/a><\/div>\n","protected":false},"excerpt":{"rendered":"<p>Aquest dimecres ha tingut lloc la 7a edici\u00f3 de la Jornada t\u00e8cnica de la vinya i el vi de JARC (Joves Agricultors i Ramaders de Catalunya), que enguany ha versat &hellip; <a href=\"https:\/\/bisbalpenedes.com\/web\/2019\/10\/30\/lalcaldessa-agnes-ferre-i-la-regidora-dagricultura-judith-vidal-han-assistit-a-la-7a-jornada-tecnica-de-la-vinya-i-el-vi-de-la-jarc-que-sha-celebrat-a-mas-llagostera\/\" class=\"more-link\">Read More<\/a><\/p>\n","protected":false},"author":4,"featured_media":11094,"comment_status":"closed","ping_status":"closed","sticky":false,"template":"","format":"standard","meta":[],"categories":[3124],"tags":[2209,3319,491,1345,57],"_links":{"self":[{"href":"https:\/\/bisbalpenedes.com\/web\/wp-json\/wp\/v2\/posts\/11092"}],"collection":[{"href":"https:\/\/bisbalpenedes.com\/web\/wp-json\/wp\/v2\/posts"}],"about":[{"href":"https:\/\/bisbalpenedes.com\/web\/wp-json\/wp\/v2\/types\/post"}],"author":[{"embeddable":true,"href":"https:\/\/bisbalpenedes.com\/web\/wp-json\/wp\/v2\/users\/4"}],"replies":[{"embeddable":true,"href":"https:\/\/bisbalpenedes.com\/web\/wp-json\/wp\/v2\/comments?post=11092"}],"version-history":[{"count":1,"href":"https:\/\/bisbalpenedes.com\/web\/wp-json\/wp\/v2\/posts\/11092\/revisions"}],"predecessor-version":[{"id":11095,"href":"https:\/\/bisbalpenedes.com\/web\/wp-json\/wp\/v2\/posts\/11092\/revisions\/11095"}],"wp:featuredmedia":[{"embeddable":true,"href":"https:\/\/bisbalpenedes.com\/web\/wp-json\/wp\/v2\/media\/11094"}],"wp:attachment":[{"href":"https:\/\/bisbalpenedes.com\/web\/wp-json\/wp\/v2\/media?parent=11092"}],"wp:term":[{"taxonomy":"category","embeddable":true,"href":"https:\/\/bisbalpenedes.com\/web\/wp-json\/wp\/v2\/categories?post=11092"},{"taxonomy":"post_tag","embeddable":true,"href":"https:\/\/bisbalpenedes.com\/web\/wp-json\/wp\/v2\/tags?post=11092"}],"curies":[{"name":"wp","href":"https:\/\/api.w.org\/{rel}","templated":true}]}}