{"id":11082,"date":"2019-10-30T11:05:37","date_gmt":"2019-10-30T10:05:37","guid":{"rendered":"http:\/\/bisbalpenedes.com\/web\/?p=11082"},"modified":"2019-10-30T20:10:58","modified_gmt":"2019-10-30T19:10:58","slug":"saprova-un-contracte-menor-per-a-la-redaccio-del-projecte-denderroc-de-les-edificacions-que-industrials-que-envolten-la-fassina","status":"publish","type":"post","link":"https:\/\/bisbalpenedes.com\/web\/2019\/10\/30\/saprova-un-contracte-menor-per-a-la-redaccio-del-projecte-denderroc-de-les-edificacions-que-industrials-que-envolten-la-fassina\/","title":{"rendered":"S\u2019aprova un contracte menor per a la redacci\u00f3 del projecte d\u2019enderroc de les edificacions industrials que envolten \u2018la fassina\u2019"},"content":{"rendered":"<p style=\"text-align: center;\"><a href=\"http:\/\/bisbalpenedes.com\/web\/wp-content\/uploads\/2018\/09\/LA-FASSINA.jpg\"><img loading=\"lazy\" class=\"alignnone size-medium wp-image-7002\" src=\"http:\/\/bisbalpenedes.com\/web\/wp-content\/uploads\/2018\/09\/LA-FASSINA-300x200.jpg\" alt=\"LA FASSINA\" width=\"300\" height=\"200\" srcset=\"https:\/\/bisbalpenedes.com\/web\/wp-content\/uploads\/2018\/09\/LA-FASSINA-300x200.jpg 300w, https:\/\/bisbalpenedes.com\/web\/wp-content\/uploads\/2018\/09\/LA-FASSINA-600x400.jpg 600w, https:\/\/bisbalpenedes.com\/web\/wp-content\/uploads\/2018\/09\/LA-FASSINA-768x512.jpg 768w, https:\/\/bisbalpenedes.com\/web\/wp-content\/uploads\/2018\/09\/LA-FASSINA-1024x683.jpg 1024w\" sizes=\"(max-width: 300px) 100vw, 300px\" \/><\/a><\/p>\n<p style=\"text-align: justify;\"><span style=\"color: #000000;\">La Junta de Govern del 28 d\u2019octubre ha aprovat el contracte menor per a la redacci\u00f3 del projecte t\u00e8cnic d\u2019enderroc, la direcci\u00f3 de l\u2019execuci\u00f3 de l\u2019obra i la coordinaci\u00f3 de seguretat i salut en la fase d\u2019execuci\u00f3, corresponent a l\u2019enderroc de les edificacions industrials empla\u00e7ades al carrer Barcelona, n\u00fameros 7 a 11, de la Bisbal del Pened\u00e8s, amb excepci\u00f3 de la torre popularment coneguda com \u201cla fassina\u201d. El contracte s\u2019ha aprovat amb l\u2019empresa Disseny i arquitectura project management SLPU per un import de 7.550,40\u20ac (IVA incl\u00f2s).<\/span><\/p>\n<p style=\"text-align: justify;\"><span style=\"color: #000000;\">L\u2019antiga fassina \u00e9s un edifici de 486 m2 que l\u2019Ajuntament va adquirir l\u2019abril de 2019 i que, antigament, s\u2019havia destinat a la fabricaci\u00f3 de licors destil\u00b7lats i aiguardent. La part de m\u00e9s al\u00e7ada, amb un total de 15 metres, \u00e9s una torre que sobresurt del perfil d\u2019edificacions del nucli urb\u00e0 de la Bisbal i que ja forma part de l\u2019<em>skyline <\/em>del municipi. Per aquest motiu, l\u2019Ajuntament t\u00e9 la intenci\u00f3 de preservar la torre i d\u2019enderrocar la resta per poder-hi construir l\u2019edificaci\u00f3 que es consideri, despr\u00e9s de realitzar els estudis oportuns.\u00a0<\/span><\/p>\n<p><span style=\"color: #000000;\">Segons ha explicat l\u2019alcaldessa Agn\u00e8s Ferr\u00e9 \u201cdes de l\u2019equip de govern tenim la voluntat que la Colla Castellera de La Bisbal del Pened\u00e8s &#8211; Bous pugui assajar a la fassina, mitjan\u00e7ant conveni de col\u00b7laboraci\u00f3 amb l\u2019Ajuntament\u201d. Quant a l\u2019edificaci\u00f3 que es construir\u00e0 despr\u00e9s de l\u2019enderroc, Ferr\u00e9 ha avan\u00e7at que \u201cla intenci\u00f3 \u00e9s construir un local per a la brigada i un magatzem municipal\u201d.<\/span><\/p>\n<hr \/>\n<p style=\"text-align: justify;\"><span style=\"color: #000000;\"><strong>CASTELLANO |<\/strong> La Junta de Gobierno del 28 de octubre ha aprobado el contrato menor para la redacci\u00f3n del proyecto t\u00e9cnico de derribo, la direcci\u00f3n de la ejecuci\u00f3n de la obra y la coordinaci\u00f3n de seguridad y salud en la fase de ejecuci\u00f3n, correspondiente al derribo de las edificaciones industriales situadas en la calle Barcelona, n\u00fameros 7 a 11, de la Bisbal del Pened\u00e8s, con excepci\u00f3n de la torre popularmente conocida como \u201cla fassina\u201d. El contrato se ha aprobado con la empresa Disseny i arquitectura project management SLPU por un importe de 7.550,40\u20ac.<\/span><\/p>\n<p style=\"text-align: justify;\"><span style=\"color: #000000;\">La antigua fassina es un edificio de 486 m2 que el Ayuntamiento adquiri\u00f3 en abril de 2019 y que, antiguamente, se hab\u00eda destinado a la fabricaci\u00f3n de licores destilados y aguardiente. La parte de m\u00e1s altura, con un total de 15 metros, es una torre que sobresale del perfil de edificaciones del n\u00facleo urbano de la Bisbal y que ya forma parte del skyline del municipio. Por este motivo, el Ayuntamiento tiene la intenci\u00f3n de preservar la torre y de derribar el resto para construir all\u00ed la edificaci\u00f3n que se considere, despu\u00e9s de realizar los estudios oportunos. Seg\u00fan ha explicado la alcaldesa Agn\u00e8s Ferr\u00e9 &#8220;desde el equipo de gobierno tenemos la voluntad de que la Colla Castellera de la Bisbal del Pened\u00e8s &#8211; bous pueda ensayar en la &#8216;fassina&#8217;, mediante convenio de colaboraci\u00f3n con el Ayuntamiento&#8221;. En cuanto a la edificaci\u00f3n que se construir\u00e1 despu\u00e9s del derribo, Ferr\u00e9 ha adelantado que &#8220;la intenci\u00f3n es construir un local para la brigada y un almac\u00e9n municipal&#8221;.<\/span><\/p>\n","protected":false},"excerpt":{"rendered":"<p>La Junta de Govern del 28 d\u2019octubre ha aprovat el contracte menor per a la redacci\u00f3 del projecte t\u00e8cnic d\u2019enderroc, la direcci\u00f3 de l\u2019execuci\u00f3 de l\u2019obra i la coordinaci\u00f3 de &hellip; <a href=\"https:\/\/bisbalpenedes.com\/web\/2019\/10\/30\/saprova-un-contracte-menor-per-a-la-redaccio-del-projecte-denderroc-de-les-edificacions-que-industrials-que-envolten-la-fassina\/\" class=\"more-link\">Read More<\/a><\/p>\n","protected":false},"author":4,"featured_media":7002,"comment_status":"closed","ping_status":"closed","sticky":false,"template":"","format":"standard","meta":[],"categories":[15],"tags":[3318,2317],"_links":{"self":[{"href":"https:\/\/bisbalpenedes.com\/web\/wp-json\/wp\/v2\/posts\/11082"}],"collection":[{"href":"https:\/\/bisbalpenedes.com\/web\/wp-json\/wp\/v2\/posts"}],"about":[{"href":"https:\/\/bisbalpenedes.com\/web\/wp-json\/wp\/v2\/types\/post"}],"author":[{"embeddable":true,"href":"https:\/\/bisbalpenedes.com\/web\/wp-json\/wp\/v2\/users\/4"}],"replies":[{"embeddable":true,"href":"https:\/\/bisbalpenedes.com\/web\/wp-json\/wp\/v2\/comments?post=11082"}],"version-history":[{"count":4,"href":"https:\/\/bisbalpenedes.com\/web\/wp-json\/wp\/v2\/posts\/11082\/revisions"}],"predecessor-version":[{"id":11091,"href":"https:\/\/bisbalpenedes.com\/web\/wp-json\/wp\/v2\/posts\/11082\/revisions\/11091"}],"wp:featuredmedia":[{"embeddable":true,"href":"https:\/\/bisbalpenedes.com\/web\/wp-json\/wp\/v2\/media\/7002"}],"wp:attachment":[{"href":"https:\/\/bisbalpenedes.com\/web\/wp-json\/wp\/v2\/media?parent=11082"}],"wp:term":[{"taxonomy":"category","embeddable":true,"href":"https:\/\/bisbalpenedes.com\/web\/wp-json\/wp\/v2\/categories?post=11082"},{"taxonomy":"post_tag","embeddable":true,"href":"https:\/\/bisbalpenedes.com\/web\/wp-json\/wp\/v2\/tags?post=11082"}],"curies":[{"name":"wp","href":"https:\/\/api.w.org\/{rel}","templated":true}]}}