{"id":11066,"date":"2019-10-25T14:19:20","date_gmt":"2019-10-25T13:19:20","guid":{"rendered":"http:\/\/bisbalpenedes.com\/web\/?p=11066"},"modified":"2019-10-25T14:20:46","modified_gmt":"2019-10-25T13:20:46","slug":"el-cmc-disposara-dun-espai-perque-en-puguin-fer-us-els-grups-politics-municipals-a-partir-de-l11-de-novembre","status":"publish","type":"post","link":"https:\/\/bisbalpenedes.com\/web\/2019\/10\/25\/el-cmc-disposara-dun-espai-perque-en-puguin-fer-us-els-grups-politics-municipals-a-partir-de-l11-de-novembre\/","title":{"rendered":"El CMC disposar\u00e0 d\u2019un espai perqu\u00e8 en puguin fer \u00fas els grups pol\u00edtics municipals a partir de l\u201911 de novembre"},"content":{"rendered":"<p style=\"text-align: center;\"><a href=\"http:\/\/bisbalpenedes.com\/web\/wp-content\/uploads\/2019\/10\/CENTRE-MUNICIPAL-DE-CULTURA.jpg\"><img loading=\"lazy\" class=\"alignnone size-large wp-image-11069\" src=\"http:\/\/bisbalpenedes.com\/web\/wp-content\/uploads\/2019\/10\/CENTRE-MUNICIPAL-DE-CULTURA-1024x768.jpg\" alt=\"CENTRE MUNICIPAL DE CULTURA\" width=\"630\" height=\"473\" srcset=\"https:\/\/bisbalpenedes.com\/web\/wp-content\/uploads\/2019\/10\/CENTRE-MUNICIPAL-DE-CULTURA-1024x768.jpg 1024w, https:\/\/bisbalpenedes.com\/web\/wp-content\/uploads\/2019\/10\/CENTRE-MUNICIPAL-DE-CULTURA-600x450.jpg 600w, https:\/\/bisbalpenedes.com\/web\/wp-content\/uploads\/2019\/10\/CENTRE-MUNICIPAL-DE-CULTURA-300x225.jpg 300w, https:\/\/bisbalpenedes.com\/web\/wp-content\/uploads\/2019\/10\/CENTRE-MUNICIPAL-DE-CULTURA-768x576.jpg 768w\" sizes=\"(max-width: 630px) 100vw, 630px\" \/><\/a><\/p>\n<p style=\"text-align: justify;\"><span style=\"color: #000000;\">En compliment del Reglament d\u2019Organitzaci\u00f3 Municipal, a partir del dia 11 de novembre cada grup municipal podr\u00e0 disposar, una tarda a la setmana, del despatx situat a la planta baixa del CMC (Centre Municipal de Cultura) per reunir-se i rebre visites. L\u2019horari ser\u00e0 de 16:30h a 21:00h amb la seg\u00fcent distribuci\u00f3 (a excepci\u00f3 dels dies festius, que queden exclosos):<\/span><\/p>\n<ul style=\"text-align: justify;\">\n<li><span style=\"color: #000000;\">Dilluns: Grup municipal del PSC.<\/span><\/li>\n<li><span style=\"color: #000000;\">Dimarts: Grup municipal de Comprom\u00eds amb la Bisbal.<\/span><\/li>\n<li><span style=\"color: #000000;\">Dimecres: Grup municipal d\u2019ARA la Bisbal.<\/span><\/li>\n<li><span style=\"color: #000000;\">Dijous: Grup municipal d\u2019ERC-AM.<\/span><\/li>\n<li><span style=\"color: #000000;\">Divendres: Grup municipal d\u2019Units per la Bisbal-FIC.<\/span><\/li>\n<\/ul>\n<p style=\"text-align: justify;\"><span style=\"color: #000000;\">L\u2019article 89 del Reglament d\u2019Organitzaci\u00f3 Municipal, dedicat als drets dels grups municipals, diu:<\/span><\/p>\n<p style=\"padding-left: 30px; text-align: justify;\"><span style=\"color: #000000;\">\u201cc) Disposar d\u2019un despatx en les depend\u00e8ncies municipals per reunir-se de manera independent i rebre visites, sempre i quan hi hagi disponibilitat. Al comen\u00e7ament de cada mandat es fixar\u00e0 l\u2019espai i horari per cada grup municipal<\/span><\/p>\n<p style=\"padding-left: 30px; text-align: justify;\"><span style=\"color: #000000;\">f) Disposar de tel\u00e8fon i ordinador en el despatx assignat a les depend\u00e8ncies municipals\u201d<\/span><\/p>\n<p style=\"text-align: justify;\"><span style=\"color: #000000;\">El primer dia d\u2019\u00fas del despatx, els grups municipals rebran un codi d\u2019acc\u00e9s i una clau per poder utilitzar l\u2019ordinador del despatx, que tamb\u00e9 est\u00e0 equipat amb tel\u00e8fon.<\/span><\/p>\n<hr \/>\n<p style=\"text-align: justify;\"><span style=\"color: #000000;\"><strong>CASTELLANO |<\/strong> En cumplimiento del Reglamento de Organizaci\u00f3n Municipal, a partir del d\u00eda 11 de noviembre cada grupo municipal podr\u00e1 disponer, una tarde a la semana, del despacho situado en la planta baja del CMC (Centre Municipal de Cultura) para reunirse y recibir visitas. El horario ser\u00e1 de 16:30h a 21:00h con la siguiente distribuci\u00f3n (a excepci\u00f3n de los d\u00edas festivos, que quedan excluidos):<\/span><\/p>\n<ul style=\"text-align: justify;\">\n<li><span style=\"color: #000000;\">Lunes: Grupo municipal del PSC<\/span><\/li>\n<li><span style=\"color: #000000;\">Martes: Grupo municipal de Comprom\u00eds amb la Bisbal<\/span><\/li>\n<li><span style=\"color: #000000;\">Mi\u00e9rcoles: Grupo municipal de ARA la Bisbal<\/span><\/li>\n<li><span style=\"color: #000000;\">Jueves: Grupo municipal de ERC-AM<\/span><\/li>\n<li><span style=\"color: #000000;\">Viernes: Grupo municipal de Units per la Bisbal-FIC<\/span><\/li>\n<\/ul>\n<p style=\"text-align: justify;\"><span style=\"color: #000000;\">El art\u00edculo 89 del Reglamento de Organizaci\u00f3n Municipal, dedicado a los derechos de los grupos municipales dice:<\/span><\/p>\n<p style=\"padding-left: 30px; text-align: justify;\"><span style=\"color: #000000;\">\u201cc) Disponer de un despacho en las dependencias municipales para reunirse de forma independiente y recibir visitas, siempre y cuando haya disponibilidad. Al inicio de cada mandato se fijar\u00e1 el espacio y horario para cada grupo municipal.<\/span><\/p>\n<p style=\"padding-left: 30px; text-align: justify;\"><span style=\"color: #000000;\">f) Disponer de tel\u00e9fono y ordenador en el despacho asignado en las dependencias municipales\u201d.<\/span><\/p>\n<p style=\"text-align: justify;\"><span style=\"color: #000000;\">El primer d\u00eda de uso del despacho, los grupos municipales recibir\u00e1n un c\u00f3digo de acceso y una clave para poder utilizar el ordenador del despacho, que tambi\u00e9n est\u00e1 equipado con tel\u00e9fono.\u00a0<\/span><\/p>\n<p>&nbsp;<\/p>\n","protected":false},"excerpt":{"rendered":"<p>En compliment del Reglament d\u2019Organitzaci\u00f3 Municipal, a partir del dia 11 de novembre cada grup municipal podr\u00e0 disposar, una tarda a la setmana, del despatx situat a la planta baixa &hellip; <a href=\"https:\/\/bisbalpenedes.com\/web\/2019\/10\/25\/el-cmc-disposara-dun-espai-perque-en-puguin-fer-us-els-grups-politics-municipals-a-partir-de-l11-de-novembre\/\" class=\"more-link\">Read More<\/a><\/p>\n","protected":false},"author":4,"featured_media":11069,"comment_status":"closed","ping_status":"closed","sticky":false,"template":"","format":"standard","meta":[],"categories":[2057],"tags":[2073,2930,226,3309,1519,2128,3308,2254,2586,479,3310],"_links":{"self":[{"href":"https:\/\/bisbalpenedes.com\/web\/wp-json\/wp\/v2\/posts\/11066"}],"collection":[{"href":"https:\/\/bisbalpenedes.com\/web\/wp-json\/wp\/v2\/posts"}],"about":[{"href":"https:\/\/bisbalpenedes.com\/web\/wp-json\/wp\/v2\/types\/post"}],"author":[{"embeddable":true,"href":"https:\/\/bisbalpenedes.com\/web\/wp-json\/wp\/v2\/users\/4"}],"replies":[{"embeddable":true,"href":"https:\/\/bisbalpenedes.com\/web\/wp-json\/wp\/v2\/comments?post=11066"}],"version-history":[{"count":3,"href":"https:\/\/bisbalpenedes.com\/web\/wp-json\/wp\/v2\/posts\/11066\/revisions"}],"predecessor-version":[{"id":11071,"href":"https:\/\/bisbalpenedes.com\/web\/wp-json\/wp\/v2\/posts\/11066\/revisions\/11071"}],"wp:featuredmedia":[{"embeddable":true,"href":"https:\/\/bisbalpenedes.com\/web\/wp-json\/wp\/v2\/media\/11069"}],"wp:attachment":[{"href":"https:\/\/bisbalpenedes.com\/web\/wp-json\/wp\/v2\/media?parent=11066"}],"wp:term":[{"taxonomy":"category","embeddable":true,"href":"https:\/\/bisbalpenedes.com\/web\/wp-json\/wp\/v2\/categories?post=11066"},{"taxonomy":"post_tag","embeddable":true,"href":"https:\/\/bisbalpenedes.com\/web\/wp-json\/wp\/v2\/tags?post=11066"}],"curies":[{"name":"wp","href":"https:\/\/api.w.org\/{rel}","templated":true}]}}