{"id":11063,"date":"2019-10-24T13:48:08","date_gmt":"2019-10-24T12:48:08","guid":{"rendered":"http:\/\/bisbalpenedes.com\/web\/?p=11063"},"modified":"2019-10-25T13:58:11","modified_gmt":"2019-10-25T12:58:11","slug":"aquest-diumenge-27-doctubre-podreu-gaudir-de-la-pellicula-la-vida-sense-sara-amat-al-cmc","status":"publish","type":"post","link":"https:\/\/bisbalpenedes.com\/web\/2019\/10\/24\/aquest-diumenge-27-doctubre-podreu-gaudir-de-la-pellicula-la-vida-sense-sara-amat-al-cmc\/","title":{"rendered":"Aquest diumenge 27 d&#8217;octubre podreu gaudir de la pel\u00b7l\u00edcula &#8216;La vida sense Sara Amat&#8217; al CMC"},"content":{"rendered":"<p style=\"text-align: justify;\"><span style=\"color: #000000;\">El diumenge 27 d&#8217;octubre, a les 19h, es projectar\u00e0 la pel\u00b7l\u00edcula \u201cLa vida sense Sara Amat\u201d a l\u2019Auditori Salb\u00e0 del CMC en el marc del Cicle Gaud\u00ed<\/span><\/p>\n<p><span style=\"color: #000000;\"><a style=\"color: #000000;\" href=\"http:\/\/bisbalpenedes.com\/web\/wp-content\/uploads\/2019\/10\/VISUAL_A3_DIES_SARA_AMAT_LA_BISBAL_PENEDES-octubre-2019.jpg\"><img loading=\"lazy\" class=\"alignnone wp-image-10992 size-medium aligncenter\" src=\"http:\/\/bisbalpenedes.com\/web\/wp-content\/uploads\/2019\/10\/VISUAL_A3_DIES_SARA_AMAT_LA_BISBAL_PENEDES-octubre-2019-213x300.jpg\" alt=\"VISUAL_A3_DIES_SARA_AMAT_LA_BISBAL_PENEDES-octubre 2019\" width=\"213\" height=\"300\" srcset=\"https:\/\/bisbalpenedes.com\/web\/wp-content\/uploads\/2019\/10\/VISUAL_A3_DIES_SARA_AMAT_LA_BISBAL_PENEDES-octubre-2019-213x300.jpg 213w, https:\/\/bisbalpenedes.com\/web\/wp-content\/uploads\/2019\/10\/VISUAL_A3_DIES_SARA_AMAT_LA_BISBAL_PENEDES-octubre-2019-600x843.jpg 600w, https:\/\/bisbalpenedes.com\/web\/wp-content\/uploads\/2019\/10\/VISUAL_A3_DIES_SARA_AMAT_LA_BISBAL_PENEDES-octubre-2019-768x1080.jpg 768w, https:\/\/bisbalpenedes.com\/web\/wp-content\/uploads\/2019\/10\/VISUAL_A3_DIES_SARA_AMAT_LA_BISBAL_PENEDES-octubre-2019-728x1024.jpg 728w, https:\/\/bisbalpenedes.com\/web\/wp-content\/uploads\/2019\/10\/VISUAL_A3_DIES_SARA_AMAT_LA_BISBAL_PENEDES-octubre-2019.jpg 1146w\" sizes=\"(max-width: 213px) 100vw, 213px\" \/><\/a><\/span><\/p>\n<div class=\"wpb_text_column wpb_content_element \" style=\"text-align: justify;\">\n<div class=\"wpb_wrapper\">\n<h4><span style=\"color: #000000;\">FITXA\u00a0T\u00c8CNICA<\/span><\/h4>\n<\/div>\n<\/div>\n<div class=\"wpb_text_column wpb_content_element \" style=\"text-align: justify;\">\n<div class=\"wpb_wrapper\">\n<p><span style=\"color: #000000;\"><i class=\"qode_icon_font_awesome fa fa-chevron-right qode_icon_element\"><\/i>Direcci\u00f3:\u00a0<strong>Laura Jou<\/strong><\/span><\/p>\n<p><span style=\"color: #000000;\"><i class=\"qode_icon_font_awesome fa fa-chevron-right qode_icon_element\"><\/i>Gui\u00f3:\u00a0<strong>Coral Cruz<\/strong><\/span><\/p>\n<p><span style=\"color: #000000;\"><i class=\"qode_icon_font_awesome fa fa-chevron-right qode_icon_element\"><\/i>M\u00fasica:\u00a0<strong>Pau Vallv\u00e9<\/strong><\/span><\/p>\n<p><span style=\"color: #000000;\"><i class=\"qode_icon_font_awesome fa fa-chevron-right qode_icon_element\"><\/i>Estrena:\u00a0<strong>Juliol del 2019<\/strong><\/span><\/p>\n<p><span style=\"color: #000000;\"><i class=\"qode_icon_font_awesome fa fa-chevron-right qode_icon_element\"><\/i>Durada:\u00a0<strong>90\u00a0min.<\/strong><\/span><\/p>\n<p><span style=\"color: #000000;\"><i class=\"qode_icon_font_awesome fa fa-chevron-right qode_icon_element\"><\/i>G\u00e8nere:\u00a0<strong>Drama<\/strong><\/span><\/p>\n<p><span style=\"color: #000000;\"><i class=\"qode_icon_font_awesome fa fa-chevron-right qode_icon_element\"><\/i>Versi\u00f3:\u00a0<strong>Original en catal\u00e0<\/strong><\/span><\/p>\n<p><span style=\"color: #000000;\"><i class=\"qode_icon_font_awesome fa fa-chevron-right qode_icon_element\"><\/i>Int\u00e8rprets:\u00a0<strong>Biel Rossell, Maria Morera, Francesca Pi\u00f1\u00f3n, Anna Sabat\u00e9<\/strong><\/span><\/p>\n<\/div>\n<\/div>\n<p style=\"text-align: justify;\">\n<p style=\"text-align: justify;\"><span style=\"color: #000000;\"><strong>SINOPSI<\/strong><\/span><\/p>\n<p style=\"text-align: justify;\"><span style=\"color: #000000;\">Qui se\u2019n recorda, avui, de la Sara Amat? Tenia tretze anys quan una nit d\u2019estiu, jugant a amagar amb la colla, desapareix sense deixar cap rastre.<\/span><\/p>\n<p style=\"text-align: justify;\"><span style=\"color: #000000;\">El Pep, qui est\u00e0 completament enamorat d\u2019ella, se la troba amagada a la seva habitaci\u00f3. La noia ha fugit de casa i li demana de quedar-se amb ell. Tot i saber que el poble sencer l\u2019est\u00e0 buscant, el Pep accedeix i es converteix en el seu protector i c\u00f2mplice durant els \u00faltims dies abans que tots dos marxin del poble.<\/span><\/p>\n<p style=\"text-align: justify;\"><span style=\"color: #000000;\"><strong><em>La vida sense la Sara Amat<\/em><\/strong>\u00a0\u00e9s la confessi\u00f3 d\u2019uns fets inoblidables, uns dies de la vida d\u2019un poble a l\u2019estiu, d\u2019un nen obedient i enamorad\u00eds que es veu obligat a viure una doble vida i d\u2019una nena que ja no \u00e9s una nena i que vol acomplir el desig ferotge i urgent de fugir.<\/span><\/p>\n<hr \/>\n<p style=\"text-align: center;\"><iframe loading=\"lazy\" src=\"https:\/\/www.youtube.com\/embed\/bDXzWgEePhg\" width=\"560\" height=\"315\" frameborder=\"0\" allowfullscreen=\"allowfullscreen\"><\/iframe><\/p>\n<p style=\"text-align: justify;\"><span style=\"color: #000000;\">El preu general de l\u2019entrada \u00e9s de 4,5\u20ac i s\u2019ofereix un preu redu\u00eft de 3\u20ac presentant el carnet de la Biblioteca Municipal de La Bisbal.<\/span><\/p>\n<p style=\"text-align: justify;\"><span style=\"color: #000000;\">Quant a la recaptaci\u00f3, aquesta es destinar\u00e0 a l\u2019entitat del poble que s\u2019encarregui de gestionar la taquilla en cadascuna de les projeccions, en aquest cas el Ball de Gitanes de la Bisbal.<\/span><\/p>\n<hr \/>\n<p style=\"text-align: justify;\"><span style=\"color: #000000;\"><strong>CASTELLANO |<\/strong> El domingo 27 de octubre, a las 19h, se proyectar\u00e1 la pel\u00edcula &#8220;La vida sense Sara Amat&#8221; en el Auditori Salb\u00e0 del CMC en el marco del Cicle Gaud\u00ed.<\/span><\/p>\n<p style=\"text-align: justify;\"><span style=\"color: #000000;\"><a style=\"color: #000000;\" href=\"http:\/\/bisbalpenedes.com\/web\/wp-content\/uploads\/2019\/10\/VISUAL_A3_DIES_SARA_AMAT_LA_BISBAL_PENEDES-octubre-2019.jpg\"><img loading=\"lazy\" class=\"alignnone size-medium wp-image-10992 aligncenter\" src=\"http:\/\/bisbalpenedes.com\/web\/wp-content\/uploads\/2019\/10\/VISUAL_A3_DIES_SARA_AMAT_LA_BISBAL_PENEDES-octubre-2019-213x300.jpg\" alt=\"VISUAL_A3_DIES_SARA_AMAT_LA_BISBAL_PENEDES-octubre 2019\" width=\"213\" height=\"300\" srcset=\"https:\/\/bisbalpenedes.com\/web\/wp-content\/uploads\/2019\/10\/VISUAL_A3_DIES_SARA_AMAT_LA_BISBAL_PENEDES-octubre-2019-213x300.jpg 213w, https:\/\/bisbalpenedes.com\/web\/wp-content\/uploads\/2019\/10\/VISUAL_A3_DIES_SARA_AMAT_LA_BISBAL_PENEDES-octubre-2019-600x843.jpg 600w, https:\/\/bisbalpenedes.com\/web\/wp-content\/uploads\/2019\/10\/VISUAL_A3_DIES_SARA_AMAT_LA_BISBAL_PENEDES-octubre-2019-768x1080.jpg 768w, https:\/\/bisbalpenedes.com\/web\/wp-content\/uploads\/2019\/10\/VISUAL_A3_DIES_SARA_AMAT_LA_BISBAL_PENEDES-octubre-2019-728x1024.jpg 728w, https:\/\/bisbalpenedes.com\/web\/wp-content\/uploads\/2019\/10\/VISUAL_A3_DIES_SARA_AMAT_LA_BISBAL_PENEDES-octubre-2019.jpg 1146w\" sizes=\"(max-width: 213px) 100vw, 213px\" \/><\/a><\/span><\/p>\n<p style=\"text-align: justify;\"><span style=\"color: #000000;\">FICHA T\u00c9CNICA:<\/span><\/p>\n<p style=\"text-align: justify;\"><span style=\"color: #000000;\">Direcci\u00f3n:\u00a0<strong>Laura Jou<\/strong><\/span><\/p>\n<p style=\"text-align: justify;\"><span style=\"color: #000000;\"><i class=\"qode_icon_font_awesome fa fa-chevron-right qode_icon_element\"><\/i>Gui\u00f3n:\u00a0<strong>Coral Cruz<\/strong><\/span><\/p>\n<p style=\"text-align: justify;\"><span style=\"color: #000000;\"><i class=\"qode_icon_font_awesome fa fa-chevron-right qode_icon_element\"><\/i>M\u00fasica:\u00a0<strong>Pau Vallv\u00e9<\/strong><\/span><\/p>\n<p style=\"text-align: justify;\"><span style=\"color: #000000;\"><i class=\"qode_icon_font_awesome fa fa-chevron-right qode_icon_element\"><\/i>Estreno:\u00a0<strong>Julio de 2019<\/strong><\/span><\/p>\n<p style=\"text-align: justify;\"><span style=\"color: #000000;\"><i class=\"qode_icon_font_awesome fa fa-chevron-right qode_icon_element\"><\/i>Duraci\u00f3n:\u00a0<strong>90\u00a0min.<\/strong><\/span><\/p>\n<p style=\"text-align: justify;\"><span style=\"color: #000000;\"><i class=\"qode_icon_font_awesome fa fa-chevron-right qode_icon_element\"><\/i>G\u00e9nero:\u00a0<strong>Drama<\/strong><\/span><\/p>\n<p style=\"text-align: justify;\"><span style=\"color: #000000;\"><i class=\"qode_icon_font_awesome fa fa-chevron-right qode_icon_element\"><\/i>Versi\u00f3n:\u00a0<strong>Original en catal\u00e0<\/strong><\/span><\/p>\n<p style=\"text-align: justify;\"><span style=\"color: #000000;\"><i class=\"qode_icon_font_awesome fa fa-chevron-right qode_icon_element\"><\/i>Int\u00e9rpretes:\u00a0<strong>Biel Rossell, Maria Morera, Francesca Pi\u00f1\u00f3n, Anna Sabat\u00e9<\/strong><\/span><\/p>\n<p style=\"text-align: justify;\">\n<p style=\"text-align: justify;\"><span style=\"color: #000000;\"><strong>SINOPSIS<\/strong><\/span><\/p>\n<p style=\"text-align: justify;\"><span style=\"color: #000000;\">\u00bfQui\u00e9n se acuerda, hoy, de Sara Amat? Ten\u00eda trece a\u00f1os cuando una noche de verano, jugando al escondite con sus amigos, desapareci\u00f3 sin dejar ning\u00fan rastro.<\/span><\/p>\n<p style=\"text-align: justify;\"><span style=\"color: #000000;\">Pep, qui\u00e9n est\u00e1 completamente enamorado de ella, se la encuentra escondida en su habitaci\u00f3n. La chica ha huido de casa y le ha pedido quedarse con \u00e9l. Aunque sabe que el pueblo entero la est\u00e1 buscando, Pep accede y se convierte en su protector y c\u00f3mplice durante los \u00faltimos d\u00edas antes de que los dos se vayan del pueblo.<\/span><\/p>\n<p style=\"text-align: justify;\"><span style=\"color: #000000;\"><strong><em>La vida sense la Sara Amat<\/em><\/strong> es la confesi\u00f3n de unos hechos inolvidables, unos d\u00edas de la vida de un pueblo en verano, de un ni\u00f1o obediente y enamoradizo que se ve obligado a vivir una doble vida y de una ni\u00f1a que ya no es una ni\u00f1a y que quiere cumplir su deseo feroz y urgente de huir.<\/span><\/p>\n<p style=\"text-align: center;\"><span style=\"color: #000000;\">\u00a0<\/span><br \/>\n<iframe loading=\"lazy\" src=\"https:\/\/www.youtube.com\/embed\/bDXzWgEePhg\" width=\"560\" height=\"315\" frameborder=\"0\" allowfullscreen=\"allowfullscreen\"><\/iframe><\/p>\n<p style=\"text-align: justify;\"><span style=\"color: #000000;\">El precio general de la entrada es de 4,5\u20ac y se ofrece un precio reducido de 3\u20ac presentando el carn\u00e9 de la Biblioteca Municipal de la Bisbal.<\/span><\/p>\n<p style=\"text-align: justify;\"><span style=\"color: #000000;\">En cuanto a la recaudaci\u00f3n, esta se destinar\u00e1 a la entidad del municipio que se encargue de gestionar la taquilla en cada una de las proyecciones, en este caso el Ball de Gitanes de la Bisbal.<\/span><\/p>\n","protected":false},"excerpt":{"rendered":"<p>El diumenge 27 d&#8217;octubre, a les 19h, es projectar\u00e0 la pel\u00b7l\u00edcula \u201cLa vida sense Sara Amat\u201d a l\u2019Auditori Salb\u00e0 del CMC en el marc del Cicle Gaud\u00ed FITXA\u00a0T\u00c8CNICA Direcci\u00f3:\u00a0Laura Jou &hellip; <a href=\"https:\/\/bisbalpenedes.com\/web\/2019\/10\/24\/aquest-diumenge-27-doctubre-podreu-gaudir-de-la-pellicula-la-vida-sense-sara-amat-al-cmc\/\" class=\"more-link\">Read More<\/a><\/p>\n","protected":false},"author":4,"featured_media":11064,"comment_status":"closed","ping_status":"closed","sticky":false,"template":"","format":"standard","meta":[],"categories":[13],"tags":[308,307,3307,771],"_links":{"self":[{"href":"https:\/\/bisbalpenedes.com\/web\/wp-json\/wp\/v2\/posts\/11063"}],"collection":[{"href":"https:\/\/bisbalpenedes.com\/web\/wp-json\/wp\/v2\/posts"}],"about":[{"href":"https:\/\/bisbalpenedes.com\/web\/wp-json\/wp\/v2\/types\/post"}],"author":[{"embeddable":true,"href":"https:\/\/bisbalpenedes.com\/web\/wp-json\/wp\/v2\/users\/4"}],"replies":[{"embeddable":true,"href":"https:\/\/bisbalpenedes.com\/web\/wp-json\/wp\/v2\/comments?post=11063"}],"version-history":[{"count":1,"href":"https:\/\/bisbalpenedes.com\/web\/wp-json\/wp\/v2\/posts\/11063\/revisions"}],"predecessor-version":[{"id":11065,"href":"https:\/\/bisbalpenedes.com\/web\/wp-json\/wp\/v2\/posts\/11063\/revisions\/11065"}],"wp:featuredmedia":[{"embeddable":true,"href":"https:\/\/bisbalpenedes.com\/web\/wp-json\/wp\/v2\/media\/11064"}],"wp:attachment":[{"href":"https:\/\/bisbalpenedes.com\/web\/wp-json\/wp\/v2\/media?parent=11063"}],"wp:term":[{"taxonomy":"category","embeddable":true,"href":"https:\/\/bisbalpenedes.com\/web\/wp-json\/wp\/v2\/categories?post=11063"},{"taxonomy":"post_tag","embeddable":true,"href":"https:\/\/bisbalpenedes.com\/web\/wp-json\/wp\/v2\/tags?post=11063"}],"curies":[{"name":"wp","href":"https:\/\/api.w.org\/{rel}","templated":true}]}}