{"id":11054,"date":"2019-10-25T13:37:38","date_gmt":"2019-10-25T12:37:38","guid":{"rendered":"http:\/\/bisbalpenedes.com\/web\/?p=11054"},"modified":"2019-10-25T14:32:03","modified_gmt":"2019-10-25T13:32:03","slug":"el-pilot-bisbalenc-gerard-romano-ha-quedat-6e-en-el-trofeu-de-catalunya-de-rallisprints","status":"publish","type":"post","link":"https:\/\/bisbalpenedes.com\/web\/2019\/10\/25\/el-pilot-bisbalenc-gerard-romano-ha-quedat-6e-en-el-trofeu-de-catalunya-de-rallisprints\/","title":{"rendered":"El pilot bisbalenc Gerard Romano ha quedat 6\u00e8 en el Trofeu de Catalunya de Ral\u00b7lisprints"},"content":{"rendered":"<p style=\"text-align: justify;\"><span style=\"color: #000000;\">El bisbalenc Gerard Romano ha quedat 6\u00e8 al Trofeu de Catalunya de Ral\u00b7lisprints celebrat a la Pineda Platja. El pilot bisbalenc va participar en l\u2019XI Ral\u00b7li La Pineda Platja -RLS el passat 5 d\u2019octubre. Romano, va quedar 6\u00e8 de la seva categoria amb el seu Peugeot 106, juntament amb el seu copilot Ricard Romano. Podeu consultar la classificaci\u00f3 en aquest enlla\u00e7: <a style=\"color: #000000;\" href=\"http:\/\/www.pde-racing.com\/home.php?t=8&amp;codi=-1&amp;busca=pineda&amp;x=0&amp;y=0\">http:\/\/www.pde-racing.com\/home.php?t=8&amp;codi=-1&amp;busca=pineda&amp;x=0&amp;y=0#<\/a>\u00a0<\/span><\/p>\n<p style=\"text-align: justify;\"><span style=\"color: #000000;\">Gerard Romano s\u2019ha mostrat molt satisfet pel resultat i ens ha fet arribar unes fotografies realitzades pel Joan R. Gomis (premeu al damunt de les fotos per ampliar-les):<\/span><\/p>\n<div id='gallery-1' class='gallery galleryid-11054 gallery-columns-5 gallery-size-medium'><figure class='gallery-item'>\n\t\t\t<div class='gallery-icon landscape'>\n\t\t\t\t<a href='https:\/\/bisbalpenedes.com\/web\/2019\/10\/25\/el-pilot-bisbalenc-gerard-romano-ha-quedat-6e-en-el-trofeu-de-catalunya-de-rallisprints\/ralli-1\/'><img width=\"300\" height=\"200\" src=\"https:\/\/bisbalpenedes.com\/web\/wp-content\/uploads\/2019\/10\/ralli-1-300x200.jpg\" class=\"attachment-medium size-medium\" alt=\"\" loading=\"lazy\" srcset=\"https:\/\/bisbalpenedes.com\/web\/wp-content\/uploads\/2019\/10\/ralli-1-300x200.jpg 300w, https:\/\/bisbalpenedes.com\/web\/wp-content\/uploads\/2019\/10\/ralli-1-600x400.jpg 600w, https:\/\/bisbalpenedes.com\/web\/wp-content\/uploads\/2019\/10\/ralli-1-768x512.jpg 768w, https:\/\/bisbalpenedes.com\/web\/wp-content\/uploads\/2019\/10\/ralli-1-1024x682.jpg 1024w, https:\/\/bisbalpenedes.com\/web\/wp-content\/uploads\/2019\/10\/ralli-1.jpg 2000w\" sizes=\"(max-width: 300px) 100vw, 300px\" \/><\/a>\n\t\t\t<\/div><\/figure><figure class='gallery-item'>\n\t\t\t<div class='gallery-icon landscape'>\n\t\t\t\t<a href='https:\/\/bisbalpenedes.com\/web\/2019\/10\/25\/el-pilot-bisbalenc-gerard-romano-ha-quedat-6e-en-el-trofeu-de-catalunya-de-rallisprints\/ralli-3\/'><img width=\"300\" height=\"200\" src=\"https:\/\/bisbalpenedes.com\/web\/wp-content\/uploads\/2019\/10\/ralli-3-300x200.jpg\" class=\"attachment-medium size-medium\" alt=\"\" loading=\"lazy\" srcset=\"https:\/\/bisbalpenedes.com\/web\/wp-content\/uploads\/2019\/10\/ralli-3-300x200.jpg 300w, https:\/\/bisbalpenedes.com\/web\/wp-content\/uploads\/2019\/10\/ralli-3-600x400.jpg 600w, https:\/\/bisbalpenedes.com\/web\/wp-content\/uploads\/2019\/10\/ralli-3-768x512.jpg 768w, https:\/\/bisbalpenedes.com\/web\/wp-content\/uploads\/2019\/10\/ralli-3-1024x682.jpg 1024w, https:\/\/bisbalpenedes.com\/web\/wp-content\/uploads\/2019\/10\/ralli-3.jpg 2000w\" sizes=\"(max-width: 300px) 100vw, 300px\" \/><\/a>\n\t\t\t<\/div><\/figure><figure class='gallery-item'>\n\t\t\t<div class='gallery-icon landscape'>\n\t\t\t\t<a href='https:\/\/bisbalpenedes.com\/web\/2019\/10\/25\/el-pilot-bisbalenc-gerard-romano-ha-quedat-6e-en-el-trofeu-de-catalunya-de-rallisprints\/ralli-5\/'><img width=\"300\" height=\"200\" src=\"https:\/\/bisbalpenedes.com\/web\/wp-content\/uploads\/2019\/10\/ralli-5-300x200.jpg\" class=\"attachment-medium size-medium\" alt=\"\" loading=\"lazy\" srcset=\"https:\/\/bisbalpenedes.com\/web\/wp-content\/uploads\/2019\/10\/ralli-5-300x200.jpg 300w, https:\/\/bisbalpenedes.com\/web\/wp-content\/uploads\/2019\/10\/ralli-5-600x400.jpg 600w, https:\/\/bisbalpenedes.com\/web\/wp-content\/uploads\/2019\/10\/ralli-5-768x512.jpg 768w, https:\/\/bisbalpenedes.com\/web\/wp-content\/uploads\/2019\/10\/ralli-5-1024x683.jpg 1024w\" sizes=\"(max-width: 300px) 100vw, 300px\" \/><\/a>\n\t\t\t<\/div><\/figure><figure class='gallery-item'>\n\t\t\t<div class='gallery-icon landscape'>\n\t\t\t\t<a href='https:\/\/bisbalpenedes.com\/web\/2019\/10\/25\/el-pilot-bisbalenc-gerard-romano-ha-quedat-6e-en-el-trofeu-de-catalunya-de-rallisprints\/ralli2\/'><img width=\"300\" height=\"200\" src=\"https:\/\/bisbalpenedes.com\/web\/wp-content\/uploads\/2019\/10\/ralli2-300x200.jpg\" class=\"attachment-medium size-medium\" alt=\"\" loading=\"lazy\" srcset=\"https:\/\/bisbalpenedes.com\/web\/wp-content\/uploads\/2019\/10\/ralli2-300x200.jpg 300w, https:\/\/bisbalpenedes.com\/web\/wp-content\/uploads\/2019\/10\/ralli2-600x400.jpg 600w, https:\/\/bisbalpenedes.com\/web\/wp-content\/uploads\/2019\/10\/ralli2-768x512.jpg 768w, https:\/\/bisbalpenedes.com\/web\/wp-content\/uploads\/2019\/10\/ralli2-1024x682.jpg 1024w, https:\/\/bisbalpenedes.com\/web\/wp-content\/uploads\/2019\/10\/ralli2.jpg 2000w\" sizes=\"(max-width: 300px) 100vw, 300px\" \/><\/a>\n\t\t\t<\/div><\/figure><figure class='gallery-item'>\n\t\t\t<div class='gallery-icon landscape'>\n\t\t\t\t<a href='https:\/\/bisbalpenedes.com\/web\/2019\/10\/25\/el-pilot-bisbalenc-gerard-romano-ha-quedat-6e-en-el-trofeu-de-catalunya-de-rallisprints\/ralli4\/'><img width=\"300\" height=\"200\" src=\"https:\/\/bisbalpenedes.com\/web\/wp-content\/uploads\/2019\/10\/ralli4-300x200.jpg\" class=\"attachment-medium size-medium\" alt=\"\" loading=\"lazy\" srcset=\"https:\/\/bisbalpenedes.com\/web\/wp-content\/uploads\/2019\/10\/ralli4-300x200.jpg 300w, https:\/\/bisbalpenedes.com\/web\/wp-content\/uploads\/2019\/10\/ralli4-600x400.jpg 600w, https:\/\/bisbalpenedes.com\/web\/wp-content\/uploads\/2019\/10\/ralli4-768x512.jpg 768w, https:\/\/bisbalpenedes.com\/web\/wp-content\/uploads\/2019\/10\/ralli4-1024x683.jpg 1024w, https:\/\/bisbalpenedes.com\/web\/wp-content\/uploads\/2019\/10\/ralli4.jpg 2000w\" sizes=\"(max-width: 300px) 100vw, 300px\" \/><\/a>\n\t\t\t<\/div><\/figure>\n\t\t<\/div>\n\n<hr \/>\n<p style=\"text-align: justify;\"><span style=\"color: #000000;\"><strong>CASTELLANO |<\/strong> El bisbalenc Gerard Romano ha quedado 6\u00ba en el Trofeo de Catalunya de Rallyesprints celebrado en la Pineda Platja. El piloto de la Bisbal particip\u00f3 en el XI Rallye La Pineda Platja \u2013 RLS el pasado 5 de octubre. Romano, qued\u00f3 6\u00ba de su categor\u00eda con su Peugeot 106, junto con su copiloto Ricard Romano. Pod\u00e9is consultar la clasificaci\u00f3n en este enlace: <a style=\"color: #000000;\" href=\"http:\/\/www.pde-racing.com\/home.php?t=8&amp;codi=-1&amp;busca=pineda&amp;x=0&amp;y=0\">http:\/\/www.pde-racing.com\/home.php?t=8&amp;codi=-1&amp;busca=pineda&amp;x=0&amp;y=0#<\/a>\u00a0<\/span><\/p>\n<p style=\"text-align: justify;\"><span style=\"color: #000000;\">Gerard Romano se ha mostrado muy satisfecho por el resultado y nos ha hecho llegar unas fotograf\u00edas realizadas por Joan R. Gomis (haced clic\u00a0encima de las fotos para ampliarlas):<\/span><\/p>\n<div id='gallery-2' class='gallery galleryid-11054 gallery-columns-5 gallery-size-medium'><figure class='gallery-item'>\n\t\t\t<div class='gallery-icon landscape'>\n\t\t\t\t<a href='https:\/\/bisbalpenedes.com\/web\/2019\/10\/25\/el-pilot-bisbalenc-gerard-romano-ha-quedat-6e-en-el-trofeu-de-catalunya-de-rallisprints\/ralli4\/'><img width=\"300\" height=\"200\" src=\"https:\/\/bisbalpenedes.com\/web\/wp-content\/uploads\/2019\/10\/ralli4-300x200.jpg\" class=\"attachment-medium size-medium\" alt=\"\" loading=\"lazy\" srcset=\"https:\/\/bisbalpenedes.com\/web\/wp-content\/uploads\/2019\/10\/ralli4-300x200.jpg 300w, https:\/\/bisbalpenedes.com\/web\/wp-content\/uploads\/2019\/10\/ralli4-600x400.jpg 600w, https:\/\/bisbalpenedes.com\/web\/wp-content\/uploads\/2019\/10\/ralli4-768x512.jpg 768w, https:\/\/bisbalpenedes.com\/web\/wp-content\/uploads\/2019\/10\/ralli4-1024x683.jpg 1024w, https:\/\/bisbalpenedes.com\/web\/wp-content\/uploads\/2019\/10\/ralli4.jpg 2000w\" sizes=\"(max-width: 300px) 100vw, 300px\" \/><\/a>\n\t\t\t<\/div><\/figure><figure class='gallery-item'>\n\t\t\t<div class='gallery-icon landscape'>\n\t\t\t\t<a href='https:\/\/bisbalpenedes.com\/web\/2019\/10\/25\/el-pilot-bisbalenc-gerard-romano-ha-quedat-6e-en-el-trofeu-de-catalunya-de-rallisprints\/ralli2\/'><img width=\"300\" height=\"200\" src=\"https:\/\/bisbalpenedes.com\/web\/wp-content\/uploads\/2019\/10\/ralli2-300x200.jpg\" class=\"attachment-medium size-medium\" alt=\"\" loading=\"lazy\" srcset=\"https:\/\/bisbalpenedes.com\/web\/wp-content\/uploads\/2019\/10\/ralli2-300x200.jpg 300w, https:\/\/bisbalpenedes.com\/web\/wp-content\/uploads\/2019\/10\/ralli2-600x400.jpg 600w, https:\/\/bisbalpenedes.com\/web\/wp-content\/uploads\/2019\/10\/ralli2-768x512.jpg 768w, https:\/\/bisbalpenedes.com\/web\/wp-content\/uploads\/2019\/10\/ralli2-1024x682.jpg 1024w, https:\/\/bisbalpenedes.com\/web\/wp-content\/uploads\/2019\/10\/ralli2.jpg 2000w\" sizes=\"(max-width: 300px) 100vw, 300px\" \/><\/a>\n\t\t\t<\/div><\/figure><figure class='gallery-item'>\n\t\t\t<div class='gallery-icon landscape'>\n\t\t\t\t<a href='https:\/\/bisbalpenedes.com\/web\/2019\/10\/25\/el-pilot-bisbalenc-gerard-romano-ha-quedat-6e-en-el-trofeu-de-catalunya-de-rallisprints\/ralli-5\/'><img width=\"300\" height=\"200\" src=\"https:\/\/bisbalpenedes.com\/web\/wp-content\/uploads\/2019\/10\/ralli-5-300x200.jpg\" class=\"attachment-medium size-medium\" alt=\"\" loading=\"lazy\" srcset=\"https:\/\/bisbalpenedes.com\/web\/wp-content\/uploads\/2019\/10\/ralli-5-300x200.jpg 300w, https:\/\/bisbalpenedes.com\/web\/wp-content\/uploads\/2019\/10\/ralli-5-600x400.jpg 600w, https:\/\/bisbalpenedes.com\/web\/wp-content\/uploads\/2019\/10\/ralli-5-768x512.jpg 768w, https:\/\/bisbalpenedes.com\/web\/wp-content\/uploads\/2019\/10\/ralli-5-1024x683.jpg 1024w\" sizes=\"(max-width: 300px) 100vw, 300px\" \/><\/a>\n\t\t\t<\/div><\/figure><figure class='gallery-item'>\n\t\t\t<div class='gallery-icon landscape'>\n\t\t\t\t<a href='https:\/\/bisbalpenedes.com\/web\/2019\/10\/25\/el-pilot-bisbalenc-gerard-romano-ha-quedat-6e-en-el-trofeu-de-catalunya-de-rallisprints\/ralli-3\/'><img width=\"300\" height=\"200\" src=\"https:\/\/bisbalpenedes.com\/web\/wp-content\/uploads\/2019\/10\/ralli-3-300x200.jpg\" class=\"attachment-medium size-medium\" alt=\"\" loading=\"lazy\" srcset=\"https:\/\/bisbalpenedes.com\/web\/wp-content\/uploads\/2019\/10\/ralli-3-300x200.jpg 300w, https:\/\/bisbalpenedes.com\/web\/wp-content\/uploads\/2019\/10\/ralli-3-600x400.jpg 600w, https:\/\/bisbalpenedes.com\/web\/wp-content\/uploads\/2019\/10\/ralli-3-768x512.jpg 768w, https:\/\/bisbalpenedes.com\/web\/wp-content\/uploads\/2019\/10\/ralli-3-1024x682.jpg 1024w, https:\/\/bisbalpenedes.com\/web\/wp-content\/uploads\/2019\/10\/ralli-3.jpg 2000w\" sizes=\"(max-width: 300px) 100vw, 300px\" \/><\/a>\n\t\t\t<\/div><\/figure><figure class='gallery-item'>\n\t\t\t<div class='gallery-icon landscape'>\n\t\t\t\t<a href='https:\/\/bisbalpenedes.com\/web\/2019\/10\/25\/el-pilot-bisbalenc-gerard-romano-ha-quedat-6e-en-el-trofeu-de-catalunya-de-rallisprints\/ralli-1\/'><img width=\"300\" height=\"200\" src=\"https:\/\/bisbalpenedes.com\/web\/wp-content\/uploads\/2019\/10\/ralli-1-300x200.jpg\" class=\"attachment-medium size-medium\" alt=\"\" loading=\"lazy\" srcset=\"https:\/\/bisbalpenedes.com\/web\/wp-content\/uploads\/2019\/10\/ralli-1-300x200.jpg 300w, https:\/\/bisbalpenedes.com\/web\/wp-content\/uploads\/2019\/10\/ralli-1-600x400.jpg 600w, https:\/\/bisbalpenedes.com\/web\/wp-content\/uploads\/2019\/10\/ralli-1-768x512.jpg 768w, https:\/\/bisbalpenedes.com\/web\/wp-content\/uploads\/2019\/10\/ralli-1-1024x682.jpg 1024w, https:\/\/bisbalpenedes.com\/web\/wp-content\/uploads\/2019\/10\/ralli-1.jpg 2000w\" sizes=\"(max-width: 300px) 100vw, 300px\" \/><\/a>\n\t\t\t<\/div><\/figure>\n\t\t<\/div>\n\n","protected":false},"excerpt":{"rendered":"<p>El bisbalenc Gerard Romano ha quedat 6\u00e8 al Trofeu de Catalunya de Ral\u00b7lisprints celebrat a la Pineda Platja. El pilot bisbalenc va participar en l\u2019XI Ral\u00b7li La Pineda Platja -RLS &hellip; <a href=\"https:\/\/bisbalpenedes.com\/web\/2019\/10\/25\/el-pilot-bisbalenc-gerard-romano-ha-quedat-6e-en-el-trofeu-de-catalunya-de-rallisprints\/\" class=\"more-link\">Read More<\/a><\/p>\n","protected":false},"author":4,"featured_media":11056,"comment_status":"closed","ping_status":"closed","sticky":false,"template":"","format":"standard","meta":[],"categories":[19],"tags":[2589,3106,3303,1311,3302],"_links":{"self":[{"href":"https:\/\/bisbalpenedes.com\/web\/wp-json\/wp\/v2\/posts\/11054"}],"collection":[{"href":"https:\/\/bisbalpenedes.com\/web\/wp-json\/wp\/v2\/posts"}],"about":[{"href":"https:\/\/bisbalpenedes.com\/web\/wp-json\/wp\/v2\/types\/post"}],"author":[{"embeddable":true,"href":"https:\/\/bisbalpenedes.com\/web\/wp-json\/wp\/v2\/users\/4"}],"replies":[{"embeddable":true,"href":"https:\/\/bisbalpenedes.com\/web\/wp-json\/wp\/v2\/comments?post=11054"}],"version-history":[{"count":5,"href":"https:\/\/bisbalpenedes.com\/web\/wp-json\/wp\/v2\/posts\/11054\/revisions"}],"predecessor-version":[{"id":11075,"href":"https:\/\/bisbalpenedes.com\/web\/wp-json\/wp\/v2\/posts\/11054\/revisions\/11075"}],"wp:featuredmedia":[{"embeddable":true,"href":"https:\/\/bisbalpenedes.com\/web\/wp-json\/wp\/v2\/media\/11056"}],"wp:attachment":[{"href":"https:\/\/bisbalpenedes.com\/web\/wp-json\/wp\/v2\/media?parent=11054"}],"wp:term":[{"taxonomy":"category","embeddable":true,"href":"https:\/\/bisbalpenedes.com\/web\/wp-json\/wp\/v2\/categories?post=11054"},{"taxonomy":"post_tag","embeddable":true,"href":"https:\/\/bisbalpenedes.com\/web\/wp-json\/wp\/v2\/tags?post=11054"}],"curies":[{"name":"wp","href":"https:\/\/api.w.org\/{rel}","templated":true}]}}