{"id":11046,"date":"2019-10-25T10:42:19","date_gmt":"2019-10-25T09:42:19","guid":{"rendered":"http:\/\/bisbalpenedes.com\/web\/?p=11046"},"modified":"2019-10-25T13:13:23","modified_gmt":"2019-10-25T12:13:23","slug":"lalcaldessa-i-la-regidora-de-benestar-social-shan-reunit-amb-la-fundacio-humana-aquest-octubre","status":"publish","type":"post","link":"https:\/\/bisbalpenedes.com\/web\/2019\/10\/25\/lalcaldessa-i-la-regidora-de-benestar-social-shan-reunit-amb-la-fundacio-humana-aquest-octubre\/","title":{"rendered":"L&#8217;alcaldessa i la regidora de Benestar Social s&#8217;han reunit amb la Fundaci\u00f3 Humana aquest octubre"},"content":{"rendered":"<p style=\"text-align: center;\"><a href=\"http:\/\/bisbalpenedes.com\/web\/wp-content\/uploads\/2019\/10\/REUNIO-HUMANA-BENESTAR-SOCIAL.jpg\"><img loading=\"lazy\" class=\"alignnone size-large wp-image-11047\" src=\"http:\/\/bisbalpenedes.com\/web\/wp-content\/uploads\/2019\/10\/REUNIO-HUMANA-BENESTAR-SOCIAL-1024x768.jpg\" alt=\"REUNIO HUMANA BENESTAR SOCIAL\" width=\"630\" height=\"473\" srcset=\"https:\/\/bisbalpenedes.com\/web\/wp-content\/uploads\/2019\/10\/REUNIO-HUMANA-BENESTAR-SOCIAL-1024x768.jpg 1024w, https:\/\/bisbalpenedes.com\/web\/wp-content\/uploads\/2019\/10\/REUNIO-HUMANA-BENESTAR-SOCIAL-600x450.jpg 600w, https:\/\/bisbalpenedes.com\/web\/wp-content\/uploads\/2019\/10\/REUNIO-HUMANA-BENESTAR-SOCIAL-300x225.jpg 300w, https:\/\/bisbalpenedes.com\/web\/wp-content\/uploads\/2019\/10\/REUNIO-HUMANA-BENESTAR-SOCIAL-768x576.jpg 768w\" sizes=\"(max-width: 630px) 100vw, 630px\" \/><\/a><\/p>\n<p style=\"text-align: justify;\"><span style=\"color: #000000;\">L\u2019alcaldessa Agn\u00e8s Ferr\u00e9 i la regidora de Benestar Social, Paqui Cepas, es van reunir el passat 8 d\u2019octubre amb l\u2019\u00c0lvaro Rodr\u00edguez, responsable de zona de la Fundaci\u00f3 Humana. Durant la trobada es van abordar diversos temes, com ara la ubicaci\u00f3 actual dels contenidors de recollida de roba usada i la possibilitat de col\u00b7locar-ne algun de nou; les xifres actuals de recollida de roba usada al municipi; o la signatura del nou conveni amb la Fundaci\u00f3 Humana, ja que l\u2019actual finalitza enguany.<\/span><\/p>\n<p style=\"text-align: justify;\"><span style=\"color: #000000;\">Es tracta de la primera reuni\u00f3 que la nova Regidora de Benestar Social ha mantingut amb la Fundaci\u00f3. La regidora, Paqui Cepas, ha explicat que \u201cestem valorant modificar la ubicaci\u00f3 d\u2019alguns contenidors i col\u00b7locar dos contenidors m\u00e9s de recollida al municipi. A banda d\u2019aix\u00f2, tenim previst fer xerrades i tallers relacionats amb la recollida de roba i la tasca de la Fundaci\u00f3 Humana, durant l\u2019any 2020\u201d.<\/span><\/p>\n<p style=\"text-align: center;\"><a href=\"http:\/\/bisbalpenedes.com\/web\/wp-content\/uploads\/2019\/10\/ESQUEMA-humana-roba-usada-fundacio_2.jpg\"><img loading=\"lazy\" class=\"alignnone size-large wp-image-11051\" src=\"http:\/\/bisbalpenedes.com\/web\/wp-content\/uploads\/2019\/10\/ESQUEMA-humana-roba-usada-fundacio_2-918x1024.jpg\" alt=\"ESQUEMA humana-roba-usada-fundacio_2\" width=\"630\" height=\"703\" srcset=\"https:\/\/bisbalpenedes.com\/web\/wp-content\/uploads\/2019\/10\/ESQUEMA-humana-roba-usada-fundacio_2-918x1024.jpg 918w, https:\/\/bisbalpenedes.com\/web\/wp-content\/uploads\/2019\/10\/ESQUEMA-humana-roba-usada-fundacio_2-600x669.jpg 600w, https:\/\/bisbalpenedes.com\/web\/wp-content\/uploads\/2019\/10\/ESQUEMA-humana-roba-usada-fundacio_2-269x300.jpg 269w, https:\/\/bisbalpenedes.com\/web\/wp-content\/uploads\/2019\/10\/ESQUEMA-humana-roba-usada-fundacio_2-768x856.jpg 768w, https:\/\/bisbalpenedes.com\/web\/wp-content\/uploads\/2019\/10\/ESQUEMA-humana-roba-usada-fundacio_2.jpg 1000w\" sizes=\"(max-width: 630px) 100vw, 630px\" \/><\/a><\/p>\n<hr \/>\n<p style=\"text-align: justify;\"><span style=\"color: #000000;\"><strong>CASTELLANO |<\/strong> La alcaldesa Agn\u00e8s Ferr\u00e9 y la regidora de Bienestar Social, Paqui Cepas, se reunieron el pasado 8 de octubre con \u00c1lvaro Rodr\u00edguez, responsable de zona de la Fundaci\u00f3n Humana. Durante el encuentro se abordaron varios temas, como por ejemplo la ubicaci\u00f3n actual de los contenedores de recogida de ropa usada y la posibilidad de colocar alguno m\u00e1s; las cifras actuales de recogida de ropa usada en el municipio. O la firma del nuevo convenio con la Fundaci\u00f3n Humana, ya que el actual finaliza este a\u00f1o.<\/span><\/p>\n<p style=\"text-align: justify;\"><span style=\"color: #000000;\">Se trata de la primera reuni\u00f3n que la nueva regidora de Bienestar Social ha mantenido con la Fundaci\u00f3n. La regidora, Paqui Cepas, ha explicado que \u201cestamos valorando modificar la ubicaci\u00f3n de algunos contenedores y colocar dos contenedores m\u00e1s de recogida en el municipio. A parte de esto, tenemos previsto hacer charlas y talleres relacionados con la recogida de ropa y el trabajo de la Fundaci\u00f3n Humana, durante el a\u00f1o 2020\u201d.<\/span><\/p>\n<p style=\"text-align: justify;\"><a href=\"http:\/\/bisbalpenedes.com\/web\/wp-content\/uploads\/2019\/10\/ESQUEMA-humana-roba-usada-fundacio_2.jpg\"><img loading=\"lazy\" class=\"aligncenter wp-image-11051 size-large\" src=\"http:\/\/bisbalpenedes.com\/web\/wp-content\/uploads\/2019\/10\/ESQUEMA-humana-roba-usada-fundacio_2-918x1024.jpg\" alt=\"ESQUEMA humana-roba-usada-fundacio_2\" width=\"630\" height=\"703\" srcset=\"https:\/\/bisbalpenedes.com\/web\/wp-content\/uploads\/2019\/10\/ESQUEMA-humana-roba-usada-fundacio_2-918x1024.jpg 918w, https:\/\/bisbalpenedes.com\/web\/wp-content\/uploads\/2019\/10\/ESQUEMA-humana-roba-usada-fundacio_2-600x669.jpg 600w, https:\/\/bisbalpenedes.com\/web\/wp-content\/uploads\/2019\/10\/ESQUEMA-humana-roba-usada-fundacio_2-269x300.jpg 269w, https:\/\/bisbalpenedes.com\/web\/wp-content\/uploads\/2019\/10\/ESQUEMA-humana-roba-usada-fundacio_2-768x856.jpg 768w, https:\/\/bisbalpenedes.com\/web\/wp-content\/uploads\/2019\/10\/ESQUEMA-humana-roba-usada-fundacio_2.jpg 1000w\" sizes=\"(max-width: 630px) 100vw, 630px\" \/><\/a><\/p>\n","protected":false},"excerpt":{"rendered":"<p>L\u2019alcaldessa Agn\u00e8s Ferr\u00e9 i la regidora de Benestar Social, Paqui Cepas, es van reunir el passat 8 d\u2019octubre amb l\u2019\u00c0lvaro Rodr\u00edguez, responsable de zona de la Fundaci\u00f3 Humana. Durant la &hellip; <a href=\"https:\/\/bisbalpenedes.com\/web\/2019\/10\/25\/lalcaldessa-i-la-regidora-de-benestar-social-shan-reunit-amb-la-fundacio-humana-aquest-octubre\/\" class=\"more-link\">Read More<\/a><\/p>\n","protected":false},"author":4,"featured_media":11047,"comment_status":"closed","ping_status":"closed","sticky":false,"template":"","format":"standard","meta":[],"categories":[975],"tags":[2581,315,255,397,519,257],"_links":{"self":[{"href":"https:\/\/bisbalpenedes.com\/web\/wp-json\/wp\/v2\/posts\/11046"}],"collection":[{"href":"https:\/\/bisbalpenedes.com\/web\/wp-json\/wp\/v2\/posts"}],"about":[{"href":"https:\/\/bisbalpenedes.com\/web\/wp-json\/wp\/v2\/types\/post"}],"author":[{"embeddable":true,"href":"https:\/\/bisbalpenedes.com\/web\/wp-json\/wp\/v2\/users\/4"}],"replies":[{"embeddable":true,"href":"https:\/\/bisbalpenedes.com\/web\/wp-json\/wp\/v2\/comments?post=11046"}],"version-history":[{"count":5,"href":"https:\/\/bisbalpenedes.com\/web\/wp-json\/wp\/v2\/posts\/11046\/revisions"}],"predecessor-version":[{"id":11053,"href":"https:\/\/bisbalpenedes.com\/web\/wp-json\/wp\/v2\/posts\/11046\/revisions\/11053"}],"wp:featuredmedia":[{"embeddable":true,"href":"https:\/\/bisbalpenedes.com\/web\/wp-json\/wp\/v2\/media\/11047"}],"wp:attachment":[{"href":"https:\/\/bisbalpenedes.com\/web\/wp-json\/wp\/v2\/media?parent=11046"}],"wp:term":[{"taxonomy":"category","embeddable":true,"href":"https:\/\/bisbalpenedes.com\/web\/wp-json\/wp\/v2\/categories?post=11046"},{"taxonomy":"post_tag","embeddable":true,"href":"https:\/\/bisbalpenedes.com\/web\/wp-json\/wp\/v2\/tags?post=11046"}],"curies":[{"name":"wp","href":"https:\/\/api.w.org\/{rel}","templated":true}]}}