{"id":11039,"date":"2019-10-24T19:56:32","date_gmt":"2019-10-24T18:56:32","guid":{"rendered":"http:\/\/bisbalpenedes.com\/web\/?p=11039"},"modified":"2019-10-24T20:03:21","modified_gmt":"2019-10-24T19:03:21","slug":"la-regidoria-docupacio-ha-estat-present-en-la-jornada-feinafutur-celebrada-aquest-dijous-24-doctubre","status":"publish","type":"post","link":"https:\/\/bisbalpenedes.com\/web\/2019\/10\/24\/la-regidoria-docupacio-ha-estat-present-en-la-jornada-feinafutur-celebrada-aquest-dijous-24-doctubre\/","title":{"rendered":"La Regidoria d&#8217;Ocupaci\u00f3 ha estat present en la Jornada #FeinaFutur celebrada aquest dijous 24 d&#8217;octubre"},"content":{"rendered":"<p style=\"text-align: center;\"><a href=\"http:\/\/bisbalpenedes.com\/web\/wp-content\/uploads\/2019\/10\/jornada-feina-futur.jpg\"><img loading=\"lazy\" class=\"alignnone size-medium wp-image-11040\" src=\"http:\/\/bisbalpenedes.com\/web\/wp-content\/uploads\/2019\/10\/jornada-feina-futur-300x300.jpg\" alt=\"jornada feina futur\" width=\"300\" height=\"300\" srcset=\"https:\/\/bisbalpenedes.com\/web\/wp-content\/uploads\/2019\/10\/jornada-feina-futur-300x300.jpg 300w, https:\/\/bisbalpenedes.com\/web\/wp-content\/uploads\/2019\/10\/jornada-feina-futur-100x100.jpg 100w, https:\/\/bisbalpenedes.com\/web\/wp-content\/uploads\/2019\/10\/jornada-feina-futur-600x600.jpg 600w, https:\/\/bisbalpenedes.com\/web\/wp-content\/uploads\/2019\/10\/jornada-feina-futur-150x150.jpg 150w, https:\/\/bisbalpenedes.com\/web\/wp-content\/uploads\/2019\/10\/jornada-feina-futur-768x768.jpg 768w, https:\/\/bisbalpenedes.com\/web\/wp-content\/uploads\/2019\/10\/jornada-feina-futur-1024x1024.jpg 1024w, https:\/\/bisbalpenedes.com\/web\/wp-content\/uploads\/2019\/10\/jornada-feina-futur.jpg 1080w\" sizes=\"(max-width: 300px) 100vw, 300px\" \/><\/a><\/p>\n<p style=\"text-align: justify;\"><span style=\"color: #000000;\">L\u2019alcaldessa i regidora d\u2019Ocupaci\u00f3, Agn\u00e8s Ferr\u00e9; i la t\u00e8cnica d\u2019Ocupaci\u00f3 de l\u2019Ajuntament de la Bisbal del Pened\u00e8s, Arantzazu Longares, han assistit aquest dijous 24 d\u2019octubre a la Jornada #FeinaFutur que ha tingut lloc a l\u2019Antiga F\u00e0brica Estrella Damm de Barcelona.<\/span><\/p>\n<p style=\"text-align: justify;\"><span style=\"color: #000000;\">La Jornada #FeinaFutur \u201c\u00e9s un espai de trobada entre empreses, institucions, entitats i experts que promou Fundaci\u00f3 Intermedia amb l\u2019objectiu de debatre sobre el futur i les oportunitats de l\u2019ocupaci\u00f3 en un context de canvi constant per a l\u2019evoluci\u00f3 tecnol\u00f2gica i la digitalitzaci\u00f3 dels entorns laborals\u201d. La jornada, que ha tingut lloc durant el mat\u00ed, ha comptat amb intervencions sobre el futur del mercat de treball en el context de la digitalitzaci\u00f3, l\u2019ocupaci\u00f3 de les persones i la seva adaptaci\u00f3 a nous escenaris i els serveis p\u00fablics d\u2019ocupaci\u00f3, entre altres.<\/span><\/p>\n<p style=\"text-align: justify;\"><span style=\"color: #000000;\">Per a m\u00e9s informaci\u00f3 podeu entrar a l\u2019enlla\u00e7:<\/span>\u00a0<a href=\"https:\/\/www.fundaciointermedia.org\/feinafutur\" target=\"_blank\">https:\/\/www.fundaciointermedia.org\/feinafutur<\/a><\/p>\n<hr \/>\n<p style=\"text-align: justify;\"><span style=\"color: #000000;\"><strong>CASTELLANO |<\/strong> La alcaldesa y regidora de Ocupaci\u00f3n, Agn\u00e8s Ferr\u00e9; y la t\u00e9cnica de Ocupaci\u00f3n del Ayuntamiento de la Bisbal del Pened\u00e8s, Arantzazu Longares, han asistido este jueves 24 de octubre a la Jornada #FeinaFutur que ha tenido lugar en la Antiga F\u00e0brica Estrella Damm de Barcelona.<\/span><\/p>\n<p style=\"text-align: justify;\"><span style=\"color: #000000;\">La Jornada #FeinaFutur \u201ces un espacio de encuentro entre empresas, instituciones, entidades y expertos que promueve la Fundaci\u00f3 Intermedia con el objetivo de debatir sobre el futuro y las oportunidades de ocupaci\u00f3n en un contexto de cambio constante para la evoluci\u00f3n tecnol\u00f3gica y la digitalizaci\u00f3n de los entornos laborales\u201d. La jornada, que ha tenido lugar durante la ma\u00f1ana, ha contado con intervenciones sobre el futuro del mercado de trabajo en el contexto de la digitalizaci\u00f3n, la ocupaci\u00f3n de las personas y su adaptaci\u00f3n a nuevos escenarios y los servicios p\u00fablicos de ocupaci\u00f3n, entre otros.<\/span><\/p>\n<p style=\"text-align: justify;\"><span style=\"color: #000000;\">Para m\u00e1s informaci\u00f3n pod\u00e9is entrar al enlace:<\/span>\u00a0<a href=\"https:\/\/www.fundaciointermedia.org\/feinafutur\" target=\"_blank\">https:\/\/www.fundaciointermedia.org\/feinafutur<\/a><\/p>\n","protected":false},"excerpt":{"rendered":"<p>L\u2019alcaldessa i regidora d\u2019Ocupaci\u00f3, Agn\u00e8s Ferr\u00e9; i la t\u00e8cnica d\u2019Ocupaci\u00f3 de l\u2019Ajuntament de la Bisbal del Pened\u00e8s, Arantzazu Longares, han assistit aquest dijous 24 d\u2019octubre a la Jornada #FeinaFutur que &hellip; <a href=\"https:\/\/bisbalpenedes.com\/web\/2019\/10\/24\/la-regidoria-docupacio-ha-estat-present-en-la-jornada-feinafutur-celebrada-aquest-dijous-24-doctubre\/\" class=\"more-link\">Read More<\/a><\/p>\n","protected":false},"author":4,"featured_media":11040,"comment_status":"closed","ping_status":"closed","sticky":false,"template":"","format":"standard","meta":[],"categories":[9],"tags":[346,3301,10],"_links":{"self":[{"href":"https:\/\/bisbalpenedes.com\/web\/wp-json\/wp\/v2\/posts\/11039"}],"collection":[{"href":"https:\/\/bisbalpenedes.com\/web\/wp-json\/wp\/v2\/posts"}],"about":[{"href":"https:\/\/bisbalpenedes.com\/web\/wp-json\/wp\/v2\/types\/post"}],"author":[{"embeddable":true,"href":"https:\/\/bisbalpenedes.com\/web\/wp-json\/wp\/v2\/users\/4"}],"replies":[{"embeddable":true,"href":"https:\/\/bisbalpenedes.com\/web\/wp-json\/wp\/v2\/comments?post=11039"}],"version-history":[{"count":3,"href":"https:\/\/bisbalpenedes.com\/web\/wp-json\/wp\/v2\/posts\/11039\/revisions"}],"predecessor-version":[{"id":11043,"href":"https:\/\/bisbalpenedes.com\/web\/wp-json\/wp\/v2\/posts\/11039\/revisions\/11043"}],"wp:featuredmedia":[{"embeddable":true,"href":"https:\/\/bisbalpenedes.com\/web\/wp-json\/wp\/v2\/media\/11040"}],"wp:attachment":[{"href":"https:\/\/bisbalpenedes.com\/web\/wp-json\/wp\/v2\/media?parent=11039"}],"wp:term":[{"taxonomy":"category","embeddable":true,"href":"https:\/\/bisbalpenedes.com\/web\/wp-json\/wp\/v2\/categories?post=11039"},{"taxonomy":"post_tag","embeddable":true,"href":"https:\/\/bisbalpenedes.com\/web\/wp-json\/wp\/v2\/tags?post=11039"}],"curies":[{"name":"wp","href":"https:\/\/api.w.org\/{rel}","templated":true}]}}